{"id":3772,"date":"2022-02-03T09:22:42","date_gmt":"2022-02-03T09:22:42","guid":{"rendered":"http:\/\/www.afsinyedisevin.com\/?p=3772"},"modified":"2022-02-03T09:22:42","modified_gmt":"2022-02-03T09:22:42","slug":"dursun-kizilay-vefat-etti","status":"publish","type":"post","link":"https:\/\/afsinyedisevin.com\/index.php\/2022\/02\/03\/dursun-kizilay-vefat-etti\/","title":{"rendered":"Dursun K\u0131z\u0131lay Vefat etti."},"content":{"rendered":"<p style=\"text-align: justify;\"><strong><img loading=\"lazy\" decoding=\"async\" class=\"alignnone size-full wp-image-113\" src=\"https:\/\/afsinyedisevin.com\/wp-content\/uploads\/2019\/12\/ahalil.jpg\" alt=\"\" width=\"300\" height=\"194\" srcset=\"https:\/\/afsinyedisevin.com\/wp-content\/uploads\/2019\/12\/ahalil.jpg 300w, https:\/\/afsinyedisevin.com\/wp-content\/uploads\/2019\/12\/ahalil-115x73.jpg 115w\" sizes=\"(max-width: 300px) 100vw, 300px\" \/><img loading=\"lazy\" decoding=\"async\" class=\"alignnone size-full wp-image-3773\" src=\"https:\/\/afsinyedisevin.com\/wp-content\/uploads\/2022\/02\/273279349_1533789573661029_4729597928870286790_n.jpg\" alt=\"\" width=\"395\" height=\"429\" srcset=\"https:\/\/afsinyedisevin.com\/wp-content\/uploads\/2022\/02\/273279349_1533789573661029_4729597928870286790_n.jpg 395w, https:\/\/afsinyedisevin.com\/wp-content\/uploads\/2022\/02\/273279349_1533789573661029_4729597928870286790_n-276x300.jpg 276w\" sizes=\"(max-width: 395px) 100vw, 395px\" \/><\/strong><\/p>\n<p style=\"text-align: justify;\"><strong>B\u00fcy\u00fcksevin Mahallesi K\u0131z\u0131lkaya mezras\u0131ndan Harun ve Cuma K\u0131z\u0131lay&#8217;\u0131n babalar\u0131, Ali Palta ve Nuh Y\u0131ld\u0131z&#8217;\u0131n kay\u0131n babalar\u0131 Dursun K\u0131z\u0131lay vefat etti.<\/strong><\/p>\n<p style=\"text-align: justify;\"><strong>Cenazesi bug\u00fcn \u00f6\u011fle namaz\u0131na m\u00fcteakiben K\u0131z\u0131lkaya mezras\u0131nda k\u0131l\u0131nacak cenaze namaz\u0131n\u0131n ard\u0131ndan topra\u011fa verilecek.<\/strong><\/p>\n<p style=\"text-align: justify;\"><strong>Taziyesi K\u0131z\u0131lkaya mezras\u0131nda kabul edilecek.<\/strong><\/p>\n<p style=\"text-align: justify;\"><strong>Taziye i\u00e7in;<\/strong><\/p>\n<p style=\"text-align: justify;\"><strong>O\u011flu Harun K\u0131z\u0131lay-0 542 668 5725<\/strong><\/p>\n<p style=\"text-align: justify;\"><strong>Allah rahmet eylesin.<\/strong><\/p>\n<p style=\"text-align: justify;\">\n","protected":false},"excerpt":{"rendered":"<p>B\u00fcy\u00fcksevin Mahallesi K\u0131z\u0131lkaya mezras\u0131ndan Harun ve Cuma K\u0131z\u0131lay&#8217;\u0131n babalar\u0131, Ali Palta ve Nuh Y\u0131ld\u0131z&#8217;\u0131n kay\u0131n babalar\u0131 Dursun K\u0131z\u0131lay vefat etti. Cenazesi bug\u00fcn \u00f6\u011fle namaz\u0131na<\/p>\n","protected":false},"author":1,"featured_media":3774,"comment_status":"open","ping_status":"open","sticky":false,"template":"","format":"standard","meta":{"_jetpack_memberships_contains_paid_content":false,"footnotes":""},"categories":[6,29,3,4,1],"tags":[],"class_list":["post-3772","post","type-post","status-publish","format-standard","has-post-thumbnail","hentry","category-buyuk-sevin","category-kizilkaya","category-manset-haber","category-vefatlar","category-yoremizden"],"jetpack_featured_media_url":"https:\/\/afsinyedisevin.com\/wp-content\/uploads\/2022\/02\/aaaaaaaaayui.jpg","jetpack_sharing_enabled":true,"_links":{"self":[{"href":"https:\/\/afsinyedisevin.com\/index.php\/wp-json\/wp\/v2\/posts\/3772","targetHints":{"allow":["GET"]}}],"collection":[{"href":"https:\/\/afsinyedisevin.com\/index.php\/wp-json\/wp\/v2\/posts"}],"about":[{"href":"https:\/\/afsinyedisevin.com\/index.php\/wp-json\/wp\/v2\/types\/post"}],"author":[{"embeddable":true,"href":"https:\/\/afsinyedisevin.com\/index.php\/wp-json\/wp\/v2\/users\/1"}],"replies":[{"embeddable":true,"href":"https:\/\/afsinyedisevin.com\/index.php\/wp-json\/wp\/v2\/comments?post=3772"}],"version-history":[{"count":1,"href":"https:\/\/afsinyedisevin.com\/index.php\/wp-json\/wp\/v2\/posts\/3772\/revisions"}],"predecessor-version":[{"id":3775,"href":"https:\/\/afsinyedisevin.com\/index.php\/wp-json\/wp\/v2\/posts\/3772\/revisions\/3775"}],"wp:featuredmedia":[{"embeddable":true,"href":"https:\/\/afsinyedisevin.com\/index.php\/wp-json\/wp\/v2\/media\/3774"}],"wp:attachment":[{"href":"https:\/\/afsinyedisevin.com\/index.php\/wp-json\/wp\/v2\/media?parent=3772"}],"wp:term":[{"taxonomy":"category","embeddable":true,"href":"https:\/\/afsinyedisevin.com\/index.php\/wp-json\/wp\/v2\/categories?post=3772"},{"taxonomy":"post_tag","embeddable":true,"href":"https:\/\/afsinyedisevin.com\/index.php\/wp-json\/wp\/v2\/tags?post=3772"}],"curies":[{"name":"wp","href":"https:\/\/api.w.org\/{rel}","templated":true}]}}