{"id":3724,"date":"2021-12-25T06:56:52","date_gmt":"2021-12-25T06:56:52","guid":{"rendered":"http:\/\/www.afsinyedisevin.com\/?p=3724"},"modified":"2021-12-25T06:56:52","modified_gmt":"2021-12-25T06:56:52","slug":"melek-cinpolat-vefat-etti","status":"publish","type":"post","link":"https:\/\/afsinyedisevin.com\/index.php\/2021\/12\/25\/melek-cinpolat-vefat-etti\/","title":{"rendered":"Melek \u00c7inpolat vefat etti."},"content":{"rendered":"<p style=\"text-align: justify;\"><strong><img loading=\"lazy\" decoding=\"async\" class=\"alignnone size-full wp-image-113\" src=\"https:\/\/afsinyedisevin.com\/wp-content\/uploads\/2019\/12\/ahalil.jpg\" alt=\"\" width=\"300\" height=\"194\" srcset=\"https:\/\/afsinyedisevin.com\/wp-content\/uploads\/2019\/12\/ahalil.jpg 300w, https:\/\/afsinyedisevin.com\/wp-content\/uploads\/2019\/12\/ahalil-115x73.jpg 115w\" sizes=\"(max-width: 300px) 100vw, 300px\" \/><\/strong><\/p>\n<p style=\"text-align: justify;\"><strong><img loading=\"lazy\" decoding=\"async\" class=\"alignnone size-full wp-image-3726\" src=\"https:\/\/afsinyedisevin.com\/wp-content\/uploads\/2021\/12\/WhatsApp-Image-2021-12-25-at-09.19.37TU.jpeg\" alt=\"\" width=\"600\" height=\"564\" srcset=\"https:\/\/afsinyedisevin.com\/wp-content\/uploads\/2021\/12\/WhatsApp-Image-2021-12-25-at-09.19.37TU.jpeg 600w, https:\/\/afsinyedisevin.com\/wp-content\/uploads\/2021\/12\/WhatsApp-Image-2021-12-25-at-09.19.37TU-300x282.jpeg 300w\" sizes=\"(max-width: 600px) 100vw, 600px\" \/><\/strong><\/p>\n<p style=\"text-align: justify;\"><strong>Aslen B\u00fcy\u00fcksevin Mahallesinden olup Alparslan Mahallesinde ikamet eden Durdu \u00c7inpolat&#8217;\u0131n e\u015fi,Ey\u00fcp,Yusuf,Adem ve Elif \u00c7inpolat&#8217;\u0131n anneleri Melek \u00c7inpolat (76) vefat etti.<\/strong><\/p>\n<p style=\"text-align: justify;\"><strong>Cenazesi bug\u00fcn \u00f6\u011fle namaz\u0131na m\u00fcteakiben Ashab-\u0131 Kehf Camii \u015eerifinde k\u0131l\u0131nacak cenaze namaz\u0131n\u0131n ard\u0131ndan Koyunta\u015f mezarl\u0131\u011f\u0131nda topra\u011fa verilecek.<\/strong><\/p>\n<p style=\"text-align: justify;\"><strong>Kur&#8217;an-\u0131 Kerimi Alparslan Mahallesi Sevin yolu \u00fczerinde kendi hanesinde okunacak.<\/strong><\/p>\n<p style=\"text-align: justify;\"><strong>Taziye i\u00e7in;<\/strong><\/p>\n<p style=\"text-align: justify;\"><strong>O\u011flu Adem \u00c7inpolat-0 539 976 47 41<\/strong><\/p>\n<p style=\"text-align: justify;\"><strong>Allah rahmet eylesin.<\/strong><\/p>\n<p style=\"text-align: justify;\">\n","protected":false},"excerpt":{"rendered":"<p>Aslen B\u00fcy\u00fcksevin Mahallesinden olup Alparslan Mahallesinde ikamet eden Durdu \u00c7inpolat&#8217;\u0131n e\u015fi,Ey\u00fcp,Yusuf,Adem ve Elif \u00c7inpolat&#8217;\u0131n anneleri Melek \u00c7inpolat (76) vefat etti. Cenazesi bug\u00fcn \u00f6\u011fle namaz\u0131na<\/p>\n","protected":false},"author":1,"featured_media":3725,"comment_status":"open","ping_status":"open","sticky":false,"template":"","format":"standard","meta":{"_jetpack_memberships_contains_paid_content":false,"footnotes":""},"categories":[6,3,4,1],"tags":[],"class_list":["post-3724","post","type-post","status-publish","format-standard","has-post-thumbnail","hentry","category-buyuk-sevin","category-manset-haber","category-vefatlar","category-yoremizden"],"jetpack_featured_media_url":"https:\/\/afsinyedisevin.com\/wp-content\/uploads\/2021\/12\/aaaaaaaaayi-3.jpg","jetpack_sharing_enabled":true,"_links":{"self":[{"href":"https:\/\/afsinyedisevin.com\/index.php\/wp-json\/wp\/v2\/posts\/3724","targetHints":{"allow":["GET"]}}],"collection":[{"href":"https:\/\/afsinyedisevin.com\/index.php\/wp-json\/wp\/v2\/posts"}],"about":[{"href":"https:\/\/afsinyedisevin.com\/index.php\/wp-json\/wp\/v2\/types\/post"}],"author":[{"embeddable":true,"href":"https:\/\/afsinyedisevin.com\/index.php\/wp-json\/wp\/v2\/users\/1"}],"replies":[{"embeddable":true,"href":"https:\/\/afsinyedisevin.com\/index.php\/wp-json\/wp\/v2\/comments?post=3724"}],"version-history":[{"count":1,"href":"https:\/\/afsinyedisevin.com\/index.php\/wp-json\/wp\/v2\/posts\/3724\/revisions"}],"predecessor-version":[{"id":3727,"href":"https:\/\/afsinyedisevin.com\/index.php\/wp-json\/wp\/v2\/posts\/3724\/revisions\/3727"}],"wp:featuredmedia":[{"embeddable":true,"href":"https:\/\/afsinyedisevin.com\/index.php\/wp-json\/wp\/v2\/media\/3725"}],"wp:attachment":[{"href":"https:\/\/afsinyedisevin.com\/index.php\/wp-json\/wp\/v2\/media?parent=3724"}],"wp:term":[{"taxonomy":"category","embeddable":true,"href":"https:\/\/afsinyedisevin.com\/index.php\/wp-json\/wp\/v2\/categories?post=3724"},{"taxonomy":"post_tag","embeddable":true,"href":"https:\/\/afsinyedisevin.com\/index.php\/wp-json\/wp\/v2\/tags?post=3724"}],"curies":[{"name":"wp","href":"https:\/\/api.w.org\/{rel}","templated":true}]}}