{"id":3713,"date":"2021-12-17T06:34:31","date_gmt":"2021-12-17T06:34:31","guid":{"rendered":"http:\/\/www.afsinyedisevin.com\/?p=3713"},"modified":"2021-12-17T06:56:37","modified_gmt":"2021-12-17T06:56:37","slug":"fatma-canpolat-vefat-etti","status":"publish","type":"post","link":"https:\/\/afsinyedisevin.com\/index.php\/2021\/12\/17\/fatma-canpolat-vefat-etti\/","title":{"rendered":"Fatma Canpolat vefat etti."},"content":{"rendered":"<p style=\"text-align: justify;\"><strong><img loading=\"lazy\" decoding=\"async\" class=\"alignnone size-full wp-image-113\" src=\"https:\/\/afsinyedisevin.com\/wp-content\/uploads\/2019\/12\/ahalil.jpg\" alt=\"\" width=\"300\" height=\"194\" srcset=\"https:\/\/afsinyedisevin.com\/wp-content\/uploads\/2019\/12\/ahalil.jpg 300w, https:\/\/afsinyedisevin.com\/wp-content\/uploads\/2019\/12\/ahalil-115x73.jpg 115w\" sizes=\"(max-width: 300px) 100vw, 300px\" \/><img loading=\"lazy\" decoding=\"async\" class=\"alignnone size-full wp-image-3715\" src=\"https:\/\/afsinyedisevin.com\/wp-content\/uploads\/2021\/12\/WhatsApp-Image-2021-12-17-at-09.07.37.jpeg\" alt=\"\" width=\"600\" height=\"600\" srcset=\"https:\/\/afsinyedisevin.com\/wp-content\/uploads\/2021\/12\/WhatsApp-Image-2021-12-17-at-09.07.37.jpeg 600w, https:\/\/afsinyedisevin.com\/wp-content\/uploads\/2021\/12\/WhatsApp-Image-2021-12-17-at-09.07.37-300x300.jpeg 300w, https:\/\/afsinyedisevin.com\/wp-content\/uploads\/2021\/12\/WhatsApp-Image-2021-12-17-at-09.07.37-150x150.jpeg 150w, https:\/\/afsinyedisevin.com\/wp-content\/uploads\/2021\/12\/WhatsApp-Image-2021-12-17-at-09.07.37-215x215.jpeg 215w\" sizes=\"(max-width: 600px) 100vw, 600px\" \/><\/strong><\/p>\n<p style=\"text-align: justify;\"><strong>Aslen Bakra\u00e7 Mahallesinden Halil Konak&#8217;\u0131n k\u0131z\u0131, Sevin \u00d6renderesi Mahallesinden Merhum \u015eevket Canpolat&#8217;\u0131n e\u015fi, S\u00fcleyman \u00c7avu\u015fun gelini, Merhum Ya\u015far Canpolat,Halil ve Fahri Canpolat ile \u015eemsi, Song\u00fcl ve Sonay&#8217;\u0131n anneleri Fatma Canpolat vefat etti.<\/strong><\/p>\n<p style=\"text-align: justify;\"><strong>Cenazesi bug\u00fcn Cuma namaz\u0131na m\u00fcteakiben Ashab-\u0131 Kehf Camii \u015eerifinde k\u0131l\u0131nacak cenaze namaz\u0131n\u0131n ard\u0131ndan Asri Mezarl\u0131kta topra\u011fa verilecek.<\/strong><\/p>\n<p style=\"text-align: justify;\"><strong>Kur&#8217;an-\u0131 Kerimi Dedebaba Mahallesinde Kar\u015f\u0131yaka Camii yan\u0131nda okunacak.<\/strong><\/p>\n<p style=\"text-align: justify;\"><strong>Taziye i\u00e7in; <\/strong><\/p>\n<p style=\"text-align: justify;\"><strong>Halil Canpolat-0 507 762 77 87<\/strong><\/p>\n<p style=\"text-align: justify;\"><strong>Fahri Canpolat-0 507 226 44 54<\/strong><\/p>\n<p style=\"text-align: justify;\"><strong>Allah rahmet eylesin.<\/strong><\/p>\n<p>&nbsp;<\/p>\n","protected":false},"excerpt":{"rendered":"<p>Aslen Bakra\u00e7 Mahallesinden Halil Konak&#8217;\u0131n k\u0131z\u0131, Sevin \u00d6renderesi Mahallesinden Merhum \u015eevket Canpolat&#8217;\u0131n e\u015fi, S\u00fcleyman \u00c7avu\u015fun gelini, Merhum Ya\u015far Canpolat,Halil ve Fahri Canpolat ile \u015eemsi,<\/p>\n","protected":false},"author":1,"featured_media":3714,"comment_status":"open","ping_status":"open","sticky":false,"template":"","format":"standard","meta":{"_jetpack_memberships_contains_paid_content":false,"footnotes":""},"categories":[3,10,4,1],"tags":[],"class_list":["post-3713","post","type-post","status-publish","format-standard","has-post-thumbnail","hentry","category-manset-haber","category-orenderesi","category-vefatlar","category-yoremizden"],"jetpack_featured_media_url":"https:\/\/afsinyedisevin.com\/wp-content\/uploads\/2021\/12\/aaaaaaaaayi-2.jpg","jetpack_sharing_enabled":true,"_links":{"self":[{"href":"https:\/\/afsinyedisevin.com\/index.php\/wp-json\/wp\/v2\/posts\/3713","targetHints":{"allow":["GET"]}}],"collection":[{"href":"https:\/\/afsinyedisevin.com\/index.php\/wp-json\/wp\/v2\/posts"}],"about":[{"href":"https:\/\/afsinyedisevin.com\/index.php\/wp-json\/wp\/v2\/types\/post"}],"author":[{"embeddable":true,"href":"https:\/\/afsinyedisevin.com\/index.php\/wp-json\/wp\/v2\/users\/1"}],"replies":[{"embeddable":true,"href":"https:\/\/afsinyedisevin.com\/index.php\/wp-json\/wp\/v2\/comments?post=3713"}],"version-history":[{"count":2,"href":"https:\/\/afsinyedisevin.com\/index.php\/wp-json\/wp\/v2\/posts\/3713\/revisions"}],"predecessor-version":[{"id":3717,"href":"https:\/\/afsinyedisevin.com\/index.php\/wp-json\/wp\/v2\/posts\/3713\/revisions\/3717"}],"wp:featuredmedia":[{"embeddable":true,"href":"https:\/\/afsinyedisevin.com\/index.php\/wp-json\/wp\/v2\/media\/3714"}],"wp:attachment":[{"href":"https:\/\/afsinyedisevin.com\/index.php\/wp-json\/wp\/v2\/media?parent=3713"}],"wp:term":[{"taxonomy":"category","embeddable":true,"href":"https:\/\/afsinyedisevin.com\/index.php\/wp-json\/wp\/v2\/categories?post=3713"},{"taxonomy":"post_tag","embeddable":true,"href":"https:\/\/afsinyedisevin.com\/index.php\/wp-json\/wp\/v2\/tags?post=3713"}],"curies":[{"name":"wp","href":"https:\/\/api.w.org\/{rel}","templated":true}]}}