{"id":3664,"date":"2021-12-10T09:14:57","date_gmt":"2021-12-10T09:14:57","guid":{"rendered":"http:\/\/www.afsinyedisevin.com\/?p=3664"},"modified":"2021-12-10T09:14:57","modified_gmt":"2021-12-10T09:14:57","slug":"kayseride-hizmet-veren-maras-yoreselden-ziyaret","status":"publish","type":"post","link":"https:\/\/afsinyedisevin.com\/index.php\/2021\/12\/10\/kayseride-hizmet-veren-maras-yoreselden-ziyaret\/","title":{"rendered":"Kayseri&#8217;de hizmet veren Mara\u015f Y\u00f6resel&#8217;den ziyaret!"},"content":{"rendered":"<p style=\"text-align: justify;\"><strong><img loading=\"lazy\" decoding=\"async\" class=\"alignnone size-full wp-image-2532\" src=\"https:\/\/afsinyedisevin.com\/wp-content\/uploads\/2020\/11\/ahab.jpg\" alt=\"\" width=\"300\" height=\"194\" srcset=\"https:\/\/afsinyedisevin.com\/wp-content\/uploads\/2020\/11\/ahab.jpg 300w, https:\/\/afsinyedisevin.com\/wp-content\/uploads\/2020\/11\/ahab-115x73.jpg 115w\" sizes=\"(max-width: 300px) 100vw, 300px\" \/><\/strong><\/p>\n<p style=\"text-align: justify;\"><strong>Kayseri&#8217;nin Talas \u0130l\u00e7esinde hizmet veren Mara\u015f Y\u00f6resel sahibi \u0130srafil \u00d6zdemir ile H\u00fcseyin Efendi Y\u00f6resel sahibi H\u00fcseyin K\u0131z\u0131lay Af\u015fin Merkez Yay\u0131n Grubunu ziyaret etti.<\/strong><\/p>\n<p style=\"text-align: justify;\"><strong>Af\u015fin Merkez Yay\u0131n Grubunda Genel Yay\u0131n Y\u00f6netmeni Halil Demir ve TRT Af\u015fin Temsilcisi Muzaffer Vural ile bir s\u00fcre g\u00f6r\u00fc\u015fen \u0130\u015f Adamlar\u0131m\u0131z \u0130srafil \u00d6zdemir ve H\u00fcseyin K\u0131z\u0131lay, Yay\u0131n ve Faaliyet alanlar\u0131n\u0131 da gezerek \u00e7al\u0131\u015fmalar hakk\u0131nda bilgi ald\u0131lar.<\/strong><\/p>\n<p style=\"text-align: justify;\"><strong>Kayseri&#8217;de Kahramanmara\u015fl\u0131lar\u0131n bulu\u015fma noktas\u0131,Kahramanmara\u015f \u00fcr\u00fcnlerinin tedarik noktas\u0131 konumunda ki Mara\u015f Y\u00f6resel&#8217;de Y\u00f6remizin t\u00fcm \u00fcr\u00fcnlerinin sat\u0131\u015f ve pazarlamas\u0131 yap\u0131l\u0131yor diyen \u0130\u015f Adam\u0131 \u0130srafil \u00d6zdemir,Af\u015fin Merkez Yay\u0131n Grubu sayesinde firmalar\u0131m\u0131z gurbette de olsa tan\u0131t\u0131l\u0131yor,yapt\u0131\u011f\u0131m\u0131z her yenilik duyuruluyor.\u0130lgi ve alakalar\u0131n\u0131zdan dolay\u0131 te\u015fekk\u00fcr ederiz dedi.<\/strong><\/p>\n<p style=\"text-align: justify;\"><strong>\u0130\u015f Adam\u0131 H\u00fcseyin K\u0131z\u0131lay&#8217;da \u00dcretime y\u00f6nelik \u00e7al\u0131\u015fmalar\u0131n\u0131n devam etti\u011fini belirterek 11 \u00dcr\u00fcn\u00fc H\u00fcseyin Efendi Y\u00f6resel etiketiyle pazarlamaya ba\u015flad\u0131klar\u0131n\u0131 \u00e7ok yak\u0131nda yeni \u00fcr\u00fcnlerimizle m\u00fc\u015fterilerimizde heyecan yaratacaklar\u0131n\u0131 belirtti.<\/strong><\/p>\n<p style=\"text-align: justify;\"><img loading=\"lazy\" decoding=\"async\" class=\"alignnone size-full wp-image-3665\" src=\"https:\/\/afsinyedisevin.com\/wp-content\/uploads\/2021\/12\/IMG_0765.jpg\" alt=\"\" width=\"600\" height=\"400\" srcset=\"https:\/\/afsinyedisevin.com\/wp-content\/uploads\/2021\/12\/IMG_0765.jpg 600w, https:\/\/afsinyedisevin.com\/wp-content\/uploads\/2021\/12\/IMG_0765-300x200.jpg 300w\" sizes=\"(max-width: 600px) 100vw, 600px\" \/> <img loading=\"lazy\" decoding=\"async\" class=\"alignnone size-full wp-image-3666\" src=\"https:\/\/afsinyedisevin.com\/wp-content\/uploads\/2021\/12\/IMG_0768.jpg\" alt=\"\" width=\"600\" height=\"400\" srcset=\"https:\/\/afsinyedisevin.com\/wp-content\/uploads\/2021\/12\/IMG_0768.jpg 600w, https:\/\/afsinyedisevin.com\/wp-content\/uploads\/2021\/12\/IMG_0768-300x200.jpg 300w\" sizes=\"(max-width: 600px) 100vw, 600px\" \/><\/p>\n","protected":false},"excerpt":{"rendered":"<p>Kayseri&#8217;nin Talas \u0130l\u00e7esinde hizmet veren Mara\u015f Y\u00f6resel sahibi \u0130srafil \u00d6zdemir ile H\u00fcseyin Efendi Y\u00f6resel sahibi H\u00fcseyin K\u0131z\u0131lay Af\u015fin Merkez Yay\u0131n Grubunu ziyaret etti. Af\u015fin<\/p>\n","protected":false},"author":1,"featured_media":3667,"comment_status":"open","ping_status":"open","sticky":false,"template":"","format":"standard","meta":{"_jetpack_memberships_contains_paid_content":false,"footnotes":""},"categories":[6,26,27,28,29,3,1],"tags":[],"class_list":["post-3664","post","type-post","status-publish","format-standard","has-post-thumbnail","hentry","category-buyuk-sevin","category-gurbetteki-is-dunyasi","category-gurbetteki-sevinliler","category-is-dunyasi","category-kizilkaya","category-manset-haber","category-yoremizden"],"jetpack_featured_media_url":"https:\/\/afsinyedisevin.com\/wp-content\/uploads\/2021\/12\/IMG_0769y.jpg","jetpack_sharing_enabled":true,"_links":{"self":[{"href":"https:\/\/afsinyedisevin.com\/index.php\/wp-json\/wp\/v2\/posts\/3664","targetHints":{"allow":["GET"]}}],"collection":[{"href":"https:\/\/afsinyedisevin.com\/index.php\/wp-json\/wp\/v2\/posts"}],"about":[{"href":"https:\/\/afsinyedisevin.com\/index.php\/wp-json\/wp\/v2\/types\/post"}],"author":[{"embeddable":true,"href":"https:\/\/afsinyedisevin.com\/index.php\/wp-json\/wp\/v2\/users\/1"}],"replies":[{"embeddable":true,"href":"https:\/\/afsinyedisevin.com\/index.php\/wp-json\/wp\/v2\/comments?post=3664"}],"version-history":[{"count":1,"href":"https:\/\/afsinyedisevin.com\/index.php\/wp-json\/wp\/v2\/posts\/3664\/revisions"}],"predecessor-version":[{"id":3668,"href":"https:\/\/afsinyedisevin.com\/index.php\/wp-json\/wp\/v2\/posts\/3664\/revisions\/3668"}],"wp:featuredmedia":[{"embeddable":true,"href":"https:\/\/afsinyedisevin.com\/index.php\/wp-json\/wp\/v2\/media\/3667"}],"wp:attachment":[{"href":"https:\/\/afsinyedisevin.com\/index.php\/wp-json\/wp\/v2\/media?parent=3664"}],"wp:term":[{"taxonomy":"category","embeddable":true,"href":"https:\/\/afsinyedisevin.com\/index.php\/wp-json\/wp\/v2\/categories?post=3664"},{"taxonomy":"post_tag","embeddable":true,"href":"https:\/\/afsinyedisevin.com\/index.php\/wp-json\/wp\/v2\/tags?post=3664"}],"curies":[{"name":"wp","href":"https:\/\/api.w.org\/{rel}","templated":true}]}}