{"id":3651,"date":"2021-12-08T07:12:09","date_gmt":"2021-12-08T07:12:09","guid":{"rendered":"http:\/\/www.afsinyedisevin.com\/?p=3651"},"modified":"2021-12-08T07:12:29","modified_gmt":"2021-12-08T07:12:29","slug":"afsinde-sivi-menengic-kahvesi-markalasti","status":"publish","type":"post","link":"https:\/\/afsinyedisevin.com\/index.php\/2021\/12\/08\/afsinde-sivi-menengic-kahvesi-markalasti\/","title":{"rendered":"Af\u015fin&#8217;de S\u0131v\u0131 Menengi\u00e7 Kahvesi Markala\u015ft\u0131!"},"content":{"rendered":"<p style=\"text-align: justify;\"><strong><img loading=\"lazy\" decoding=\"async\" class=\"alignnone size-full wp-image-113\" src=\"https:\/\/afsinyedisevin.com\/wp-content\/uploads\/2019\/12\/ahalil.jpg\" alt=\"\" width=\"300\" height=\"194\" srcset=\"https:\/\/afsinyedisevin.com\/wp-content\/uploads\/2019\/12\/ahalil.jpg 300w, https:\/\/afsinyedisevin.com\/wp-content\/uploads\/2019\/12\/ahalil-115x73.jpg 115w\" sizes=\"(max-width: 300px) 100vw, 300px\" \/><\/strong><\/p>\n<p style=\"text-align: justify;\"><strong>\u00c7\u00d6REK OTU YA\u011eI,K\u00d6Y YO\u011eURDU,SUCUK,TARHANA,SICAK TAH\u0130N,MARA\u015e \u00c7\u00d6RE\u011e\u0130,\u0130PEK B\u0130BER,AF\u015e\u0130N \u00c7AMANI gibi \u00fcr\u00fcnleri markala\u015ft\u0131ran Af\u015finli \u0130\u015f Adam\u0131 H\u00fcseyin K\u0131z\u0131lay \u015fimdi de kendi \u00fcretti\u011fi Menengi\u00e7 Kahvesini markala\u015ft\u0131rman\u0131n hakl\u0131 gururunu ya\u015f\u0131yor.<\/strong><\/p>\n<p style=\"text-align: justify;\"><strong>&#8220;Ad\u0131yla g\u00f6n\u00fcllere,tad\u0131yla damaklara hitap eder&#8221; slogan\u0131yla ZAHE H\u00fcseyin Efendi ad\u0131yla bir \u00e7ok \u00fcr\u00fcn\u00fc hem \u00fcretip,hem markala\u015ft\u0131ran hem de pazarlamas\u0131n\u0131 yapan \u0130\u015f Adam\u0131 H\u00fcseyin K\u0131z\u0131lay, \u015fimdi de Menengi\u00e7 Kahvesini markala\u015ft\u0131rd\u0131. H\u00fcseyin Efendi S\u0131v\u0131 Menengi\u00e7 Kahvesi raflarda ki yerini ald\u0131.<\/strong><\/p>\n<p style=\"text-align: justify;\"><strong>Sadece ambalajlamas\u0131n\u0131 yapmayan H\u00fcseyin Efendi Y\u00f6resel, ayn\u0131 zamanda isteyen m\u00fc\u015fterileri i\u00e7in Menengi\u00e7 Kahvesini s\u0131v\u0131 olarak \u00e7ekip veriyor.<\/strong><\/p>\n<p style=\"text-align: justify;\"><strong>%100 Do\u011fal olarak ambalaja giren S\u0131v\u0131 Menengi\u00e7 Kahvesi \u0130l\u00e7emize hay\u0131rl\u0131 olsun.<\/strong><\/p>\n<p style=\"text-align: justify;\"><strong>*<\/strong><\/p>\n<p style=\"text-align: justify;\"><strong>H\u00dcSEY\u0130N EFEND\u0130 Y\u00f6resel<\/strong><\/p>\n<p style=\"text-align: justify;\"><strong>H\u00fcseyin K\u0131z\u0131lay<\/strong><\/p>\n<p style=\"text-align: justify;\"><strong>Beyce\u011fiz Mahallesi Beyce\u011fiz De\u011firmeni Yan\u0131<\/strong><\/p>\n<p style=\"text-align: justify;\"><strong>0 535 865 41 37<\/strong><\/p>\n<p style=\"text-align: justify;\"><strong>www.yoreselmarasim.com\u00a0<\/strong><\/p>\n<p style=\"text-align: justify;\"><strong>Af\u015fin\/Kahramanmara\u015f\u00a0<\/strong><\/p>\n<p><img loading=\"lazy\" decoding=\"async\" class=\"alignnone size-full wp-image-3653\" src=\"https:\/\/afsinyedisevin.com\/wp-content\/uploads\/2021\/12\/IMG_0626.jpg\" alt=\"\" width=\"600\" height=\"400\" srcset=\"https:\/\/afsinyedisevin.com\/wp-content\/uploads\/2021\/12\/IMG_0626.jpg 600w, https:\/\/afsinyedisevin.com\/wp-content\/uploads\/2021\/12\/IMG_0626-300x200.jpg 300w\" sizes=\"(max-width: 600px) 100vw, 600px\" \/> <img loading=\"lazy\" decoding=\"async\" class=\"alignnone size-full wp-image-3654\" src=\"https:\/\/afsinyedisevin.com\/wp-content\/uploads\/2021\/12\/IMG_0627.jpg\" alt=\"\" width=\"600\" height=\"400\" srcset=\"https:\/\/afsinyedisevin.com\/wp-content\/uploads\/2021\/12\/IMG_0627.jpg 600w, https:\/\/afsinyedisevin.com\/wp-content\/uploads\/2021\/12\/IMG_0627-300x200.jpg 300w\" sizes=\"(max-width: 600px) 100vw, 600px\" \/> <img loading=\"lazy\" decoding=\"async\" class=\"alignnone size-full wp-image-3655\" src=\"https:\/\/afsinyedisevin.com\/wp-content\/uploads\/2021\/12\/IMG_0629.jpg\" alt=\"\" width=\"600\" height=\"400\" srcset=\"https:\/\/afsinyedisevin.com\/wp-content\/uploads\/2021\/12\/IMG_0629.jpg 600w, https:\/\/afsinyedisevin.com\/wp-content\/uploads\/2021\/12\/IMG_0629-300x200.jpg 300w\" sizes=\"(max-width: 600px) 100vw, 600px\" \/> <img loading=\"lazy\" decoding=\"async\" class=\"alignnone size-full wp-image-3656\" src=\"https:\/\/afsinyedisevin.com\/wp-content\/uploads\/2021\/12\/IMG_0630.jpg\" alt=\"\" width=\"600\" height=\"400\" srcset=\"https:\/\/afsinyedisevin.com\/wp-content\/uploads\/2021\/12\/IMG_0630.jpg 600w, https:\/\/afsinyedisevin.com\/wp-content\/uploads\/2021\/12\/IMG_0630-300x200.jpg 300w\" sizes=\"(max-width: 600px) 100vw, 600px\" \/> <img loading=\"lazy\" decoding=\"async\" class=\"alignnone size-full wp-image-3657\" src=\"https:\/\/afsinyedisevin.com\/wp-content\/uploads\/2021\/12\/IMG_0633.jpg\" alt=\"\" width=\"600\" height=\"400\" srcset=\"https:\/\/afsinyedisevin.com\/wp-content\/uploads\/2021\/12\/IMG_0633.jpg 600w, https:\/\/afsinyedisevin.com\/wp-content\/uploads\/2021\/12\/IMG_0633-300x200.jpg 300w\" sizes=\"(max-width: 600px) 100vw, 600px\" \/><\/p>\n","protected":false},"excerpt":{"rendered":"<p>\u00c7\u00d6REK OTU YA\u011eI,K\u00d6Y YO\u011eURDU,SUCUK,TARHANA,SICAK TAH\u0130N,MARA\u015e \u00c7\u00d6RE\u011e\u0130,\u0130PEK B\u0130BER,AF\u015e\u0130N \u00c7AMANI gibi \u00fcr\u00fcnleri markala\u015ft\u0131ran Af\u015finli \u0130\u015f Adam\u0131 H\u00fcseyin K\u0131z\u0131lay \u015fimdi de kendi \u00fcretti\u011fi Menengi\u00e7 Kahvesini markala\u015ft\u0131rman\u0131n hakl\u0131<\/p>\n","protected":false},"author":1,"featured_media":3652,"comment_status":"open","ping_status":"open","sticky":false,"template":"","format":"standard","meta":{"_jetpack_memberships_contains_paid_content":false,"footnotes":""},"categories":[6,28,3,24,1],"tags":[],"class_list":["post-3651","post","type-post","status-publish","format-standard","has-post-thumbnail","hentry","category-buyuk-sevin","category-is-dunyasi","category-manset-haber","category-ureten-firmalar","category-yoremizden"],"jetpack_featured_media_url":"https:\/\/afsinyedisevin.com\/wp-content\/uploads\/2021\/12\/3153-ofis-gri_renk_g473_1250x1000_1uGYGWiZtu.jpg","jetpack_sharing_enabled":true,"_links":{"self":[{"href":"https:\/\/afsinyedisevin.com\/index.php\/wp-json\/wp\/v2\/posts\/3651","targetHints":{"allow":["GET"]}}],"collection":[{"href":"https:\/\/afsinyedisevin.com\/index.php\/wp-json\/wp\/v2\/posts"}],"about":[{"href":"https:\/\/afsinyedisevin.com\/index.php\/wp-json\/wp\/v2\/types\/post"}],"author":[{"embeddable":true,"href":"https:\/\/afsinyedisevin.com\/index.php\/wp-json\/wp\/v2\/users\/1"}],"replies":[{"embeddable":true,"href":"https:\/\/afsinyedisevin.com\/index.php\/wp-json\/wp\/v2\/comments?post=3651"}],"version-history":[{"count":1,"href":"https:\/\/afsinyedisevin.com\/index.php\/wp-json\/wp\/v2\/posts\/3651\/revisions"}],"predecessor-version":[{"id":3658,"href":"https:\/\/afsinyedisevin.com\/index.php\/wp-json\/wp\/v2\/posts\/3651\/revisions\/3658"}],"wp:featuredmedia":[{"embeddable":true,"href":"https:\/\/afsinyedisevin.com\/index.php\/wp-json\/wp\/v2\/media\/3652"}],"wp:attachment":[{"href":"https:\/\/afsinyedisevin.com\/index.php\/wp-json\/wp\/v2\/media?parent=3651"}],"wp:term":[{"taxonomy":"category","embeddable":true,"href":"https:\/\/afsinyedisevin.com\/index.php\/wp-json\/wp\/v2\/categories?post=3651"},{"taxonomy":"post_tag","embeddable":true,"href":"https:\/\/afsinyedisevin.com\/index.php\/wp-json\/wp\/v2\/tags?post=3651"}],"curies":[{"name":"wp","href":"https:\/\/api.w.org\/{rel}","templated":true}]}}