{"id":356,"date":"2019-12-29T10:32:12","date_gmt":"2019-12-29T10:32:12","guid":{"rendered":"http:\/\/www.afsinyedisevin.com\/?p=356"},"modified":"2019-12-29T10:32:34","modified_gmt":"2019-12-29T10:32:34","slug":"buyuksevin-mahallesinden-okkes-cinpolat-vefat-etti","status":"publish","type":"post","link":"https:\/\/afsinyedisevin.com\/index.php\/2019\/12\/29\/buyuksevin-mahallesinden-okkes-cinpolat-vefat-etti\/","title":{"rendered":"B\u00fcy\u00fcksevin Mahallesinden \u00d6kke\u015f \u00c7inpolat vefat etti!"},"content":{"rendered":"<p style=\"text-align: justify;\"><img loading=\"lazy\" decoding=\"async\" class=\"alignnone size-full wp-image-113\" src=\"https:\/\/afsinyedisevin.com\/wp-content\/uploads\/2019\/12\/ahalil.jpg\" alt=\"\" width=\"300\" height=\"194\" srcset=\"https:\/\/afsinyedisevin.com\/wp-content\/uploads\/2019\/12\/ahalil.jpg 300w, https:\/\/afsinyedisevin.com\/wp-content\/uploads\/2019\/12\/ahalil-115x73.jpg 115w\" sizes=\"(max-width: 300px) 100vw, 300px\" \/><\/p>\n<p><img loading=\"lazy\" decoding=\"async\" class=\"alignnone size-full wp-image-357\" src=\"https:\/\/afsinyedisevin.com\/wp-content\/uploads\/2019\/12\/SRJU.jpg\" alt=\"\" width=\"499\" height=\"452\" srcset=\"https:\/\/afsinyedisevin.com\/wp-content\/uploads\/2019\/12\/SRJU.jpg 499w, https:\/\/afsinyedisevin.com\/wp-content\/uploads\/2019\/12\/SRJU-300x272.jpg 300w\" sizes=\"(max-width: 499px) 100vw, 499px\" \/><\/p>\n<p style=\"text-align: justify;\"><strong>Aslen B\u00fcy\u00fcksevin Mahallesinden olup Alparslan Mahallesinde ikamet eden,Yurdag\u00fcl \u00c7inpolat\u2019\u0131n e\u015fi,Mehmet ve S\u00fcleyman \u00c7inpolat\u2019\u0131n babalar\u0131 \u00d6kke\u015f \u00c7inpolat vefat etti.<\/strong><\/p>\n<p style=\"text-align: justify;\"><strong>Cenazesi bug\u00fcn \u00f6\u011fle namaz\u0131na m\u00fcteakip Ulu Camiide k\u0131l\u0131nacak cenaze namaz\u0131n\u0131n ard\u0131ndan Koyunta\u015f Mezarl\u0131\u011f\u0131nda topra\u011fa verilecek.<\/strong><\/p>\n<p style=\"text-align: justify;\"><strong>Kur\u2019an-\u0131 Kerimi Alparslan Mahallesi \u00dc\u00e7ler Sokakta kendi hanesinde okunacak.<\/strong><\/p>\n<p style=\"text-align: justify;\"><strong>Taziye i\u00e7in,<\/strong><\/p>\n<p style=\"text-align: justify;\"><strong>O\u011flu S\u00fcleyman \u00c7inpolat-0 543 935 2446<\/strong><\/p>\n<p style=\"text-align: justify;\"><strong>Allah rahmet eylesin.<\/strong><\/p>\n","protected":false},"excerpt":{"rendered":"<p>Aslen B\u00fcy\u00fcksevin Mahallesinden olup Alparslan Mahallesinde ikamet eden,Yurdag\u00fcl \u00c7inpolat\u2019\u0131n e\u015fi,Mehmet ve S\u00fcleyman \u00c7inpolat\u2019\u0131n babalar\u0131 \u00d6kke\u015f \u00c7inpolat vefat etti. Cenazesi bug\u00fcn \u00f6\u011fle namaz\u0131na m\u00fcteakip Ulu<\/p>\n","protected":false},"author":1,"featured_media":358,"comment_status":"open","ping_status":"open","sticky":false,"template":"","format":"standard","meta":{"_jetpack_memberships_contains_paid_content":false,"footnotes":""},"categories":[6,4],"tags":[],"class_list":["post-356","post","type-post","status-publish","format-standard","has-post-thumbnail","hentry","category-buyuk-sevin","category-vefatlar"],"jetpack_featured_media_url":"https:\/\/afsinyedisevin.com\/wp-content\/uploads\/2019\/12\/y\u0131y.jpg","jetpack_sharing_enabled":true,"_links":{"self":[{"href":"https:\/\/afsinyedisevin.com\/index.php\/wp-json\/wp\/v2\/posts\/356","targetHints":{"allow":["GET"]}}],"collection":[{"href":"https:\/\/afsinyedisevin.com\/index.php\/wp-json\/wp\/v2\/posts"}],"about":[{"href":"https:\/\/afsinyedisevin.com\/index.php\/wp-json\/wp\/v2\/types\/post"}],"author":[{"embeddable":true,"href":"https:\/\/afsinyedisevin.com\/index.php\/wp-json\/wp\/v2\/users\/1"}],"replies":[{"embeddable":true,"href":"https:\/\/afsinyedisevin.com\/index.php\/wp-json\/wp\/v2\/comments?post=356"}],"version-history":[{"count":1,"href":"https:\/\/afsinyedisevin.com\/index.php\/wp-json\/wp\/v2\/posts\/356\/revisions"}],"predecessor-version":[{"id":359,"href":"https:\/\/afsinyedisevin.com\/index.php\/wp-json\/wp\/v2\/posts\/356\/revisions\/359"}],"wp:featuredmedia":[{"embeddable":true,"href":"https:\/\/afsinyedisevin.com\/index.php\/wp-json\/wp\/v2\/media\/358"}],"wp:attachment":[{"href":"https:\/\/afsinyedisevin.com\/index.php\/wp-json\/wp\/v2\/media?parent=356"}],"wp:term":[{"taxonomy":"category","embeddable":true,"href":"https:\/\/afsinyedisevin.com\/index.php\/wp-json\/wp\/v2\/categories?post=356"},{"taxonomy":"post_tag","embeddable":true,"href":"https:\/\/afsinyedisevin.com\/index.php\/wp-json\/wp\/v2\/tags?post=356"}],"curies":[{"name":"wp","href":"https:\/\/api.w.org\/{rel}","templated":true}]}}