{"id":3531,"date":"2021-09-21T05:27:13","date_gmt":"2021-09-21T05:27:13","guid":{"rendered":"http:\/\/www.afsinyedisevin.com\/?p=3531"},"modified":"2021-09-21T05:28:26","modified_gmt":"2021-09-21T05:28:26","slug":"sehit-arslan-akkayanin-annesi-10-yildir-acimiz-ilk-gun-ki-gibi-taze","status":"publish","type":"post","link":"https:\/\/afsinyedisevin.com\/index.php\/2021\/09\/21\/sehit-arslan-akkayanin-annesi-10-yildir-acimiz-ilk-gun-ki-gibi-taze\/","title":{"rendered":"\u015eehit Arslan Akkaya&#8217;n\u0131n Annesi; &#8220;10 Y\u0131ld\u0131r Ac\u0131m\u0131z ilk g\u00fcn ki gibi taze&#8221;"},"content":{"rendered":"<p style=\"text-align: justify;\"><strong><img loading=\"lazy\" decoding=\"async\" class=\"alignnone size-full wp-image-113\" src=\"https:\/\/afsinyedisevin.com\/wp-content\/uploads\/2019\/12\/ahalil.jpg\" alt=\"\" width=\"300\" height=\"194\" srcset=\"https:\/\/afsinyedisevin.com\/wp-content\/uploads\/2019\/12\/ahalil.jpg 300w, https:\/\/afsinyedisevin.com\/wp-content\/uploads\/2019\/12\/ahalil-115x73.jpg 115w\" sizes=\"(max-width: 300px) 100vw, 300px\" \/><img loading=\"lazy\" decoding=\"async\" class=\"alignnone size-full wp-image-3534\" src=\"https:\/\/afsinyedisevin.com\/wp-content\/uploads\/2021\/09\/IMG_6148.jpg\" alt=\"\" width=\"600\" height=\"400\" srcset=\"https:\/\/afsinyedisevin.com\/wp-content\/uploads\/2021\/09\/IMG_6148.jpg 600w, https:\/\/afsinyedisevin.com\/wp-content\/uploads\/2021\/09\/IMG_6148-300x200.jpg 300w\" sizes=\"(max-width: 600px) 100vw, 600px\" \/><\/strong><\/p>\n<p style=\"text-align: justify;\"><strong>Arslan Akkaya, 21 Eyl\u00fcl 2011 tarihinde Bitlis Polis Meslek Y\u00fcksek Okulunda e\u011fitim g\u00f6rmekte iken Ter\u00f6r \u00d6rg\u00fct\u00fc militanlar\u0131nca sabah ictimas\u0131 s\u0131ras\u0131nda yap\u0131lan hain sald\u0131r\u0131 da \u015eehit olmu\u015ftu. Aradan ge\u00e7en 10 y\u0131lda \u015eehidimizin ac\u0131s\u0131 unutulmad\u0131. D\u00fcn evinde ziyaret etti\u011fimiz \u015eehit Arslan Akkaya&#8217;n\u0131n annesi G\u00fcll\u00fc Akkaya, ac\u0131m\u0131z ilk g\u00fcn ki gibi taze. O\u011flumun odas\u0131nda hat\u0131ralar ve resimler dolu. Bu odaya gelir oturur o\u011flumu anar\u0131m dedi.<\/strong><\/p>\n<p style=\"text-align: justify;\"><strong>Af\u015fin&#8217;e ba\u011fl\u0131 T\u00fcrksevin Mahallesinde ikamet eden Akkaya ailesi, 21 Eyl\u00fcl 2011 tarihinde hain ter\u00f6r sald\u0131r\u0131s\u0131nda bu vatana kurban verdikleri evlatlar\u0131n\u0131 hi\u00e7 unutmuyor. Af\u015fin&#8217;de devletin de kendilerini unutmad\u0131\u011f\u0131n\u0131 belirten Anne G\u00fcll\u00fc Akkaya, Allah devletimizden raz\u0131 olsun.Devletimize zeval vermesin. Bizi hi\u00e7 unutmuyorlar. S\u00fcrekli aray\u0131p soruyorlar dedi.<\/strong><\/p>\n<p style=\"text-align: justify;\"><strong>T\u00fcrksevin Mahallesi Mezarl\u0131\u011f\u0131nda bulunan Kabrinde ziyaret etti\u011fimiz \u015eehidimiz Arslan Akkaya, Okudu\u011fu Bitlis Polis Meslek Y\u00fcksekokulu\u2019na ter\u00f6ristler taraf\u0131ndan a\u00e7\u0131lan ate\u015f sonucu \u015eehit olmu\u015ftu.<\/strong><\/p>\n<p style=\"text-align: justify;\"><strong>Aradan ge\u00e7en 10 y\u0131ll\u0131k s\u00fcre \u015eehidimizi unutturmad\u0131.<\/strong><\/p>\n<p style=\"text-align: justify;\"><strong>Bir kez daha Allah (cc)&#8217;tan rahmet diliyoruz.<\/strong><\/p>\n<p style=\"text-align: justify;\"><img loading=\"lazy\" decoding=\"async\" class=\"alignnone size-full wp-image-3532\" src=\"https:\/\/afsinyedisevin.com\/wp-content\/uploads\/2021\/09\/IMG_6134.jpg\" alt=\"\" width=\"600\" height=\"438\" srcset=\"https:\/\/afsinyedisevin.com\/wp-content\/uploads\/2021\/09\/IMG_6134.jpg 600w, https:\/\/afsinyedisevin.com\/wp-content\/uploads\/2021\/09\/IMG_6134-300x219.jpg 300w\" sizes=\"(max-width: 600px) 100vw, 600px\" \/> <img loading=\"lazy\" decoding=\"async\" class=\"alignnone size-full wp-image-3533\" src=\"https:\/\/afsinyedisevin.com\/wp-content\/uploads\/2021\/09\/IMG_6144.jpg\" alt=\"\" width=\"600\" height=\"400\" srcset=\"https:\/\/afsinyedisevin.com\/wp-content\/uploads\/2021\/09\/IMG_6144.jpg 600w, https:\/\/afsinyedisevin.com\/wp-content\/uploads\/2021\/09\/IMG_6144-300x200.jpg 300w\" sizes=\"(max-width: 600px) 100vw, 600px\" \/> <img loading=\"lazy\" decoding=\"async\" class=\"alignnone size-full wp-image-3536\" src=\"https:\/\/afsinyedisevin.com\/wp-content\/uploads\/2021\/09\/IMG_6149.jpg\" alt=\"\" width=\"600\" height=\"388\" srcset=\"https:\/\/afsinyedisevin.com\/wp-content\/uploads\/2021\/09\/IMG_6149.jpg 600w, https:\/\/afsinyedisevin.com\/wp-content\/uploads\/2021\/09\/IMG_6149-300x194.jpg 300w, https:\/\/afsinyedisevin.com\/wp-content\/uploads\/2021\/09\/IMG_6149-115x73.jpg 115w\" sizes=\"(max-width: 600px) 100vw, 600px\" \/> <img loading=\"lazy\" decoding=\"async\" class=\"alignnone size-full wp-image-3537\" src=\"https:\/\/afsinyedisevin.com\/wp-content\/uploads\/2021\/09\/IMG_6182.jpg\" alt=\"\" width=\"600\" height=\"400\" srcset=\"https:\/\/afsinyedisevin.com\/wp-content\/uploads\/2021\/09\/IMG_6182.jpg 600w, https:\/\/afsinyedisevin.com\/wp-content\/uploads\/2021\/09\/IMG_6182-300x200.jpg 300w\" sizes=\"(max-width: 600px) 100vw, 600px\" \/> <img loading=\"lazy\" decoding=\"async\" class=\"alignnone size-full wp-image-3538\" src=\"https:\/\/afsinyedisevin.com\/wp-content\/uploads\/2021\/09\/IMG_6184.jpg\" alt=\"\" width=\"600\" height=\"400\" srcset=\"https:\/\/afsinyedisevin.com\/wp-content\/uploads\/2021\/09\/IMG_6184.jpg 600w, https:\/\/afsinyedisevin.com\/wp-content\/uploads\/2021\/09\/IMG_6184-300x200.jpg 300w\" sizes=\"(max-width: 600px) 100vw, 600px\" \/><\/p>\n","protected":false},"excerpt":{"rendered":"<p>Arslan Akkaya, 21 Eyl\u00fcl 2011 tarihinde Bitlis Polis Meslek Y\u00fcksek Okulunda e\u011fitim g\u00f6rmekte iken Ter\u00f6r \u00d6rg\u00fct\u00fc militanlar\u0131nca sabah ictimas\u0131 s\u0131ras\u0131nda yap\u0131lan hain sald\u0131r\u0131 da<\/p>\n","protected":false},"author":1,"featured_media":3535,"comment_status":"open","ping_status":"open","sticky":false,"template":"","format":"standard","meta":{"_jetpack_memberships_contains_paid_content":false,"footnotes":""},"categories":[3,20,7,1],"tags":[],"class_list":["post-3531","post","type-post","status-publish","format-standard","has-post-thumbnail","hentry","category-manset-haber","category-sehit-ve-gazilerimiz","category-turk-sevin","category-yoremizden"],"jetpack_featured_media_url":"https:\/\/afsinyedisevin.com\/wp-content\/uploads\/2021\/09\/IMG_6148YI.jpg","jetpack_sharing_enabled":true,"_links":{"self":[{"href":"https:\/\/afsinyedisevin.com\/index.php\/wp-json\/wp\/v2\/posts\/3531","targetHints":{"allow":["GET"]}}],"collection":[{"href":"https:\/\/afsinyedisevin.com\/index.php\/wp-json\/wp\/v2\/posts"}],"about":[{"href":"https:\/\/afsinyedisevin.com\/index.php\/wp-json\/wp\/v2\/types\/post"}],"author":[{"embeddable":true,"href":"https:\/\/afsinyedisevin.com\/index.php\/wp-json\/wp\/v2\/users\/1"}],"replies":[{"embeddable":true,"href":"https:\/\/afsinyedisevin.com\/index.php\/wp-json\/wp\/v2\/comments?post=3531"}],"version-history":[{"count":1,"href":"https:\/\/afsinyedisevin.com\/index.php\/wp-json\/wp\/v2\/posts\/3531\/revisions"}],"predecessor-version":[{"id":3539,"href":"https:\/\/afsinyedisevin.com\/index.php\/wp-json\/wp\/v2\/posts\/3531\/revisions\/3539"}],"wp:featuredmedia":[{"embeddable":true,"href":"https:\/\/afsinyedisevin.com\/index.php\/wp-json\/wp\/v2\/media\/3535"}],"wp:attachment":[{"href":"https:\/\/afsinyedisevin.com\/index.php\/wp-json\/wp\/v2\/media?parent=3531"}],"wp:term":[{"taxonomy":"category","embeddable":true,"href":"https:\/\/afsinyedisevin.com\/index.php\/wp-json\/wp\/v2\/categories?post=3531"},{"taxonomy":"post_tag","embeddable":true,"href":"https:\/\/afsinyedisevin.com\/index.php\/wp-json\/wp\/v2\/tags?post=3531"}],"curies":[{"name":"wp","href":"https:\/\/api.w.org\/{rel}","templated":true}]}}