{"id":3527,"date":"2021-09-21T05:03:17","date_gmt":"2021-09-21T05:03:17","guid":{"rendered":"http:\/\/www.afsinyedisevin.com\/?p=3527"},"modified":"2021-09-21T05:03:17","modified_gmt":"2021-09-21T05:03:17","slug":"esra-ozcan-vefat-etti","status":"publish","type":"post","link":"https:\/\/afsinyedisevin.com\/index.php\/2021\/09\/21\/esra-ozcan-vefat-etti\/","title":{"rendered":"Esra \u00d6zcan vefat etti."},"content":{"rendered":"<p style=\"text-align: justify;\"><strong><img loading=\"lazy\" decoding=\"async\" class=\"alignnone size-full wp-image-113\" src=\"https:\/\/afsinyedisevin.com\/wp-content\/uploads\/2019\/12\/ahalil.jpg\" alt=\"\" width=\"300\" height=\"194\" srcset=\"https:\/\/afsinyedisevin.com\/wp-content\/uploads\/2019\/12\/ahalil.jpg 300w, https:\/\/afsinyedisevin.com\/wp-content\/uploads\/2019\/12\/ahalil-115x73.jpg 115w\" sizes=\"(max-width: 300px) 100vw, 300px\" \/><img loading=\"lazy\" decoding=\"async\" class=\"alignnone size-full wp-image-3529\" src=\"https:\/\/afsinyedisevin.com\/wp-content\/uploads\/2021\/09\/WhatsApp-Image-2021-09-20-at-15.49.09.jpeg\" alt=\"\" width=\"600\" height=\"600\" srcset=\"https:\/\/afsinyedisevin.com\/wp-content\/uploads\/2021\/09\/WhatsApp-Image-2021-09-20-at-15.49.09.jpeg 600w, https:\/\/afsinyedisevin.com\/wp-content\/uploads\/2021\/09\/WhatsApp-Image-2021-09-20-at-15.49.09-300x300.jpeg 300w, https:\/\/afsinyedisevin.com\/wp-content\/uploads\/2021\/09\/WhatsApp-Image-2021-09-20-at-15.49.09-150x150.jpeg 150w, https:\/\/afsinyedisevin.com\/wp-content\/uploads\/2021\/09\/WhatsApp-Image-2021-09-20-at-15.49.09-215x215.jpeg 215w\" sizes=\"(max-width: 600px) 100vw, 600px\" \/><\/strong><\/p>\n<p style=\"text-align: justify;\"><strong>Sevin\/\u00d6renderesi mahallesinden olup Alparslan Mahallesinde ikamet eden, Merhum Hamit \u00d6zcan&#8217;\u0131n k\u0131z\u0131, merhum Sabri \u00d6zcan&#8217;\u0131n k\u0131z karde\u015fi Esra \u00d6zcan vefat etti.<\/strong><\/p>\n<p style=\"text-align: justify;\"><strong>Cenazesi bug\u00fcn saat 10:00 da Koyunta\u015f mezarl\u0131\u011f\u0131nda k\u0131l\u0131nacak cenaze namaz\u0131n\u0131n ard\u0131ndan topra\u011fa verilecek.<\/strong><\/p>\n<p style=\"text-align: justify;\"><strong>Taziye i\u00e7in,<\/strong><\/p>\n<p style=\"text-align: justify;\"><strong>\u00dcnsalan Arslan-0 546 511 56 46<\/strong><\/p>\n<p style=\"text-align: justify;\"><strong>Allah rahmet eylesin.<\/strong><\/p>\n<p style=\"text-align: justify;\">\n","protected":false},"excerpt":{"rendered":"<p>Sevin\/\u00d6renderesi mahallesinden olup Alparslan Mahallesinde ikamet eden, Merhum Hamit \u00d6zcan&#8217;\u0131n k\u0131z\u0131, merhum Sabri \u00d6zcan&#8217;\u0131n k\u0131z karde\u015fi Esra \u00d6zcan vefat etti. Cenazesi bug\u00fcn saat 10:00<\/p>\n","protected":false},"author":1,"featured_media":3528,"comment_status":"open","ping_status":"open","sticky":false,"template":"","format":"standard","meta":{"_jetpack_memberships_contains_paid_content":false,"footnotes":""},"categories":[3,10,4,1],"tags":[],"class_list":["post-3527","post","type-post","status-publish","format-standard","has-post-thumbnail","hentry","category-manset-haber","category-orenderesi","category-vefatlar","category-yoremizden"],"jetpack_featured_media_url":"https:\/\/afsinyedisevin.com\/wp-content\/uploads\/2021\/09\/aaaaaaaaatu-1.jpg","jetpack_sharing_enabled":true,"_links":{"self":[{"href":"https:\/\/afsinyedisevin.com\/index.php\/wp-json\/wp\/v2\/posts\/3527","targetHints":{"allow":["GET"]}}],"collection":[{"href":"https:\/\/afsinyedisevin.com\/index.php\/wp-json\/wp\/v2\/posts"}],"about":[{"href":"https:\/\/afsinyedisevin.com\/index.php\/wp-json\/wp\/v2\/types\/post"}],"author":[{"embeddable":true,"href":"https:\/\/afsinyedisevin.com\/index.php\/wp-json\/wp\/v2\/users\/1"}],"replies":[{"embeddable":true,"href":"https:\/\/afsinyedisevin.com\/index.php\/wp-json\/wp\/v2\/comments?post=3527"}],"version-history":[{"count":1,"href":"https:\/\/afsinyedisevin.com\/index.php\/wp-json\/wp\/v2\/posts\/3527\/revisions"}],"predecessor-version":[{"id":3530,"href":"https:\/\/afsinyedisevin.com\/index.php\/wp-json\/wp\/v2\/posts\/3527\/revisions\/3530"}],"wp:featuredmedia":[{"embeddable":true,"href":"https:\/\/afsinyedisevin.com\/index.php\/wp-json\/wp\/v2\/media\/3528"}],"wp:attachment":[{"href":"https:\/\/afsinyedisevin.com\/index.php\/wp-json\/wp\/v2\/media?parent=3527"}],"wp:term":[{"taxonomy":"category","embeddable":true,"href":"https:\/\/afsinyedisevin.com\/index.php\/wp-json\/wp\/v2\/categories?post=3527"},{"taxonomy":"post_tag","embeddable":true,"href":"https:\/\/afsinyedisevin.com\/index.php\/wp-json\/wp\/v2\/tags?post=3527"}],"curies":[{"name":"wp","href":"https:\/\/api.w.org\/{rel}","templated":true}]}}