{"id":352,"date":"2019-12-29T10:30:29","date_gmt":"2019-12-29T10:30:29","guid":{"rendered":"http:\/\/www.afsinyedisevin.com\/?p=352"},"modified":"2019-12-29T10:30:29","modified_gmt":"2019-12-29T10:30:29","slug":"turksevin-mahallesinden-melek-sarikaya-vefat-etti","status":"publish","type":"post","link":"https:\/\/afsinyedisevin.com\/index.php\/2019\/12\/29\/turksevin-mahallesinden-melek-sarikaya-vefat-etti\/","title":{"rendered":"T\u00fcrksevin Mahallesinden Melek Sar\u0131kaya vefat etti!"},"content":{"rendered":"<p style=\"text-align: justify;\"><img loading=\"lazy\" decoding=\"async\" class=\"alignnone size-full wp-image-113\" src=\"https:\/\/afsinyedisevin.com\/wp-content\/uploads\/2019\/12\/ahalil.jpg\" alt=\"\" width=\"300\" height=\"194\" srcset=\"https:\/\/afsinyedisevin.com\/wp-content\/uploads\/2019\/12\/ahalil.jpg 300w, https:\/\/afsinyedisevin.com\/wp-content\/uploads\/2019\/12\/ahalil-115x73.jpg 115w\" sizes=\"(max-width: 300px) 100vw, 300px\" \/><\/p>\n<p><img loading=\"lazy\" decoding=\"async\" class=\"alignnone size-full wp-image-353\" src=\"https:\/\/afsinyedisevin.com\/wp-content\/uploads\/2019\/12\/MELEK-SARIKAYAT.jpg\" alt=\"\" width=\"600\" height=\"435\" srcset=\"https:\/\/afsinyedisevin.com\/wp-content\/uploads\/2019\/12\/MELEK-SARIKAYAT.jpg 600w, https:\/\/afsinyedisevin.com\/wp-content\/uploads\/2019\/12\/MELEK-SARIKAYAT-300x218.jpg 300w\" sizes=\"(max-width: 600px) 100vw, 600px\" \/><\/p>\n<p style=\"text-align: justify;\"><strong>T\u00fcrksevin Mahallesinden olup Alparslan Mahallesinde ikamet eden K\u00f6senin Hac\u0131 Sar\u0131kaya\u2019n\u0131n e\u015fi, \u0130dris,Kemal,\u0130smail,Yasin,Sucu Mehmet ve&nbsp; \u0130brahim Sar\u0131kaya\u2019n\u0131n anneleri,Mehmet,Mustafa&nbsp; ve Bayram Da\u011fl\u0131\u2019n\u0131n k\u0131z karde\u015fleri Melek Sar\u0131kaya vefat etti.<\/strong><\/p>\n<p style=\"text-align: justify;\"><strong>Cenazesi bug\u00fcn Cuma namaz\u0131na m\u00fcteakip Ulu Camiide k\u0131l\u0131nacak cenaze namaz\u0131n\u0131n ard\u0131ndan Koyunta\u015f Mezarl\u0131\u011f\u0131nda topra\u011fa verilecek.<\/strong><\/p>\n<p style=\"text-align: justify;\"><strong>Kur\u2019an-\u0131 Kerimi Alparslan Mahallesi Akta\u015flar Sokak No:3 de kendi hanesinde okunacak.<\/strong><\/p>\n<p style=\"text-align: justify;\"><strong>Taziye i\u00e7in,<\/strong><\/p>\n<p style=\"text-align: justify;\"><strong>\u0130smail Sar\u0131kaya-0 543 329 8302<\/strong><\/p>\n<p style=\"text-align: justify;\"><strong>Allah rahmet eylesin.<\/strong><\/p>\n","protected":false},"excerpt":{"rendered":"<p>T\u00fcrksevin Mahallesinden olup Alparslan Mahallesinde ikamet eden K\u00f6senin Hac\u0131 Sar\u0131kaya\u2019n\u0131n e\u015fi, \u0130dris,Kemal,\u0130smail,Yasin,Sucu Mehmet ve&nbsp; \u0130brahim Sar\u0131kaya\u2019n\u0131n anneleri,Mehmet,Mustafa&nbsp; ve Bayram Da\u011fl\u0131\u2019n\u0131n k\u0131z karde\u015fleri Melek Sar\u0131kaya<\/p>\n","protected":false},"author":1,"featured_media":354,"comment_status":"open","ping_status":"open","sticky":false,"template":"","format":"standard","meta":{"_jetpack_memberships_contains_paid_content":false,"footnotes":""},"categories":[7,4],"tags":[],"class_list":["post-352","post","type-post","status-publish","format-standard","has-post-thumbnail","hentry","category-turk-sevin","category-vefatlar"],"jetpack_featured_media_url":"https:\/\/afsinyedisevin.com\/wp-content\/uploads\/2019\/12\/y\u0131-1.jpg","jetpack_sharing_enabled":true,"_links":{"self":[{"href":"https:\/\/afsinyedisevin.com\/index.php\/wp-json\/wp\/v2\/posts\/352","targetHints":{"allow":["GET"]}}],"collection":[{"href":"https:\/\/afsinyedisevin.com\/index.php\/wp-json\/wp\/v2\/posts"}],"about":[{"href":"https:\/\/afsinyedisevin.com\/index.php\/wp-json\/wp\/v2\/types\/post"}],"author":[{"embeddable":true,"href":"https:\/\/afsinyedisevin.com\/index.php\/wp-json\/wp\/v2\/users\/1"}],"replies":[{"embeddable":true,"href":"https:\/\/afsinyedisevin.com\/index.php\/wp-json\/wp\/v2\/comments?post=352"}],"version-history":[{"count":1,"href":"https:\/\/afsinyedisevin.com\/index.php\/wp-json\/wp\/v2\/posts\/352\/revisions"}],"predecessor-version":[{"id":355,"href":"https:\/\/afsinyedisevin.com\/index.php\/wp-json\/wp\/v2\/posts\/352\/revisions\/355"}],"wp:featuredmedia":[{"embeddable":true,"href":"https:\/\/afsinyedisevin.com\/index.php\/wp-json\/wp\/v2\/media\/354"}],"wp:attachment":[{"href":"https:\/\/afsinyedisevin.com\/index.php\/wp-json\/wp\/v2\/media?parent=352"}],"wp:term":[{"taxonomy":"category","embeddable":true,"href":"https:\/\/afsinyedisevin.com\/index.php\/wp-json\/wp\/v2\/categories?post=352"},{"taxonomy":"post_tag","embeddable":true,"href":"https:\/\/afsinyedisevin.com\/index.php\/wp-json\/wp\/v2\/tags?post=352"}],"curies":[{"name":"wp","href":"https:\/\/api.w.org\/{rel}","templated":true}]}}