{"id":3508,"date":"2021-09-04T06:36:00","date_gmt":"2021-09-04T06:36:00","guid":{"rendered":"http:\/\/www.afsinyedisevin.com\/?p=3508"},"modified":"2021-09-04T06:36:00","modified_gmt":"2021-09-04T06:36:00","slug":"afsinde-sevin-yollari-yenileniyor","status":"publish","type":"post","link":"https:\/\/afsinyedisevin.com\/index.php\/2021\/09\/04\/afsinde-sevin-yollari-yenileniyor\/","title":{"rendered":"Af\u015fin&#8217;de Sevin Yollar\u0131 yenileniyor!"},"content":{"rendered":"<p style=\"text-align: justify;\"><strong><img loading=\"lazy\" decoding=\"async\" class=\"alignnone size-full wp-image-113\" src=\"https:\/\/afsinyedisevin.com\/wp-content\/uploads\/2019\/12\/ahalil.jpg\" alt=\"\" width=\"300\" height=\"194\" srcset=\"https:\/\/afsinyedisevin.com\/wp-content\/uploads\/2019\/12\/ahalil.jpg 300w, https:\/\/afsinyedisevin.com\/wp-content\/uploads\/2019\/12\/ahalil-115x73.jpg 115w\" sizes=\"(max-width: 300px) 100vw, 300px\" \/><\/strong><\/p>\n<p style=\"text-align: justify;\"><strong>Af\u015fin ve Elbistan\u2019da Arterler Yenileniyor<\/strong><\/p>\n<p style=\"text-align: justify;\"><strong>Kahramanmara\u015f B\u00fcy\u00fck\u015fehir Belediyesi, Elbistan\u2019\u0131n Malatya s\u0131n\u0131r\u0131ndaki mahallelerinin ard\u0131ndan 8 kilometrelik T\u00fcrk\u00f6ren &#8211; Aksakal grup yolunda da bak\u0131m ve onar\u0131m \u00e7al\u0131\u015fmas\u0131 ba\u015flatt\u0131. Af\u015fin il\u00e7esinde ise Binbo\u011fa Mahallesi\u2019nde 4 kilometrelik asfalt uygulamas\u0131 ger\u00e7ekle\u015ftiriliyor.<\/strong><\/p>\n<p style=\"text-align: justify;\"><strong>Kahramanmara\u015f B\u00fcy\u00fck\u015fehir Belediyesi, 2021 Yat\u0131r\u0131m Program\u0131 kapsam\u0131nda \u015fehrin ula\u015f\u0131m a\u011f\u0131n\u0131 g\u00fc\u00e7lendirmeyi s\u00fcrd\u00fcr\u00fcyor. Bu kapsamda, Kuzey \u0130l\u00e7eleri Dairesi Ba\u015fkanl\u0131\u011f\u0131 koordinesindeki ekipler, Af\u015fin ve Elbistan arterlerinde bak\u0131m ve onar\u0131m \u00e7al\u0131\u015fmas\u0131 ger\u00e7ekle\u015ftiriyor. A\u011f\u0131rl\u0131kla \u015fehirleraras\u0131 ula\u015f\u0131ma k\u0131rsal b\u00f6lgelerden alternatif olarak kullan\u0131lan ba\u011flant\u0131 yollar\u0131nda \u00e7al\u0131\u015fmalar tamamlanm\u0131\u015ft\u0131. Elbistan il\u00e7esinde yenilenen Yal\u0131nta\u015f ve Be\u015ftepe g\u00fczerg\u00e2h\u0131n\u0131n devam\u0131 niteli\u011findeki T\u00fcrk\u00f6ren &#8211; Aksakal grup yolunda da \u00e7al\u0131\u015fmalar ba\u015flad\u0131. Toplamda 8 kilometre uzunlu\u011fa sahip arterin, ya\u011f\u0131\u015flar sebebiyle deforme olan ve trafikte aksamalara sebebiyet veren k\u0131s\u0131mlar\u0131 mobilize ekipler taraf\u0131ndan tespit edilerek lokal uygulamalarla onar\u0131l\u0131yor.<\/strong><\/p>\n<p style=\"text-align: justify;\"><strong>Binbo\u011fa Yolu Daha G\u00fcvenli<\/strong><\/p>\n<p style=\"text-align: justify;\"><strong>Ekiplerin bir di\u011fer \u00e7al\u0131\u015fma noktas\u0131 ise Af\u015fin il\u00e7esine ba\u011fl\u0131 Binbo\u011fa Mahallesi oldu. Kuzulaca ve Aymekan\u0131 gibi \u00f6nemli yayla turizmi noktalar\u0131na sahip olan mahallenin 4 kilometrelik yolu ba\u015ftan uca yenileniyor. Sathi asfalt uygulamas\u0131 ger\u00e7ekle\u015ftirilen arterin yenilenmesiyle birlikte, mahallenin \u00f6nemli bir ihtiyac\u0131 kar\u015f\u0131lanm\u0131\u015f olacak.<\/strong><\/p>\n<p><img loading=\"lazy\" decoding=\"async\" class=\"alignnone size-full wp-image-3509\" src=\"https:\/\/afsinyedisevin.com\/wp-content\/uploads\/2021\/09\/Afsin-Elbistan-2.jpeg\" alt=\"\" width=\"600\" height=\"337\" srcset=\"https:\/\/afsinyedisevin.com\/wp-content\/uploads\/2021\/09\/Afsin-Elbistan-2.jpeg 600w, https:\/\/afsinyedisevin.com\/wp-content\/uploads\/2021\/09\/Afsin-Elbistan-2-300x169.jpeg 300w\" sizes=\"(max-width: 600px) 100vw, 600px\" \/> <img loading=\"lazy\" decoding=\"async\" class=\"alignnone size-full wp-image-3510\" src=\"https:\/\/afsinyedisevin.com\/wp-content\/uploads\/2021\/09\/Afsin-Elbistan-4.jpeg\" alt=\"\" width=\"600\" height=\"338\" srcset=\"https:\/\/afsinyedisevin.com\/wp-content\/uploads\/2021\/09\/Afsin-Elbistan-4.jpeg 600w, https:\/\/afsinyedisevin.com\/wp-content\/uploads\/2021\/09\/Afsin-Elbistan-4-300x169.jpeg 300w\" sizes=\"(max-width: 600px) 100vw, 600px\" \/> <img loading=\"lazy\" decoding=\"async\" class=\"alignnone size-full wp-image-3512\" src=\"https:\/\/afsinyedisevin.com\/wp-content\/uploads\/2021\/09\/Afsin-Elbistan-6.jpeg\" alt=\"\" width=\"600\" height=\"338\" srcset=\"https:\/\/afsinyedisevin.com\/wp-content\/uploads\/2021\/09\/Afsin-Elbistan-6.jpeg 600w, https:\/\/afsinyedisevin.com\/wp-content\/uploads\/2021\/09\/Afsin-Elbistan-6-300x169.jpeg 300w\" sizes=\"(max-width: 600px) 100vw, 600px\" \/><\/p>\n","protected":false},"excerpt":{"rendered":"<p>Af\u015fin ve Elbistan\u2019da Arterler Yenileniyor Kahramanmara\u015f B\u00fcy\u00fck\u015fehir Belediyesi, Elbistan\u2019\u0131n Malatya s\u0131n\u0131r\u0131ndaki mahallelerinin ard\u0131ndan 8 kilometrelik T\u00fcrk\u00f6ren &#8211; Aksakal grup yolunda da bak\u0131m ve onar\u0131m<\/p>\n","protected":false},"author":1,"featured_media":3511,"comment_status":"open","ping_status":"open","sticky":false,"template":"","format":"standard","meta":{"_jetpack_memberships_contains_paid_content":false,"footnotes":""},"categories":[28,3,1],"tags":[],"class_list":["post-3508","post","type-post","status-publish","format-standard","has-post-thumbnail","hentry","category-is-dunyasi","category-manset-haber","category-yoremizden"],"jetpack_featured_media_url":"https:\/\/afsinyedisevin.com\/wp-content\/uploads\/2021\/09\/Afsin-Elbistan-4y.jpeg","jetpack_sharing_enabled":true,"_links":{"self":[{"href":"https:\/\/afsinyedisevin.com\/index.php\/wp-json\/wp\/v2\/posts\/3508","targetHints":{"allow":["GET"]}}],"collection":[{"href":"https:\/\/afsinyedisevin.com\/index.php\/wp-json\/wp\/v2\/posts"}],"about":[{"href":"https:\/\/afsinyedisevin.com\/index.php\/wp-json\/wp\/v2\/types\/post"}],"author":[{"embeddable":true,"href":"https:\/\/afsinyedisevin.com\/index.php\/wp-json\/wp\/v2\/users\/1"}],"replies":[{"embeddable":true,"href":"https:\/\/afsinyedisevin.com\/index.php\/wp-json\/wp\/v2\/comments?post=3508"}],"version-history":[{"count":1,"href":"https:\/\/afsinyedisevin.com\/index.php\/wp-json\/wp\/v2\/posts\/3508\/revisions"}],"predecessor-version":[{"id":3513,"href":"https:\/\/afsinyedisevin.com\/index.php\/wp-json\/wp\/v2\/posts\/3508\/revisions\/3513"}],"wp:featuredmedia":[{"embeddable":true,"href":"https:\/\/afsinyedisevin.com\/index.php\/wp-json\/wp\/v2\/media\/3511"}],"wp:attachment":[{"href":"https:\/\/afsinyedisevin.com\/index.php\/wp-json\/wp\/v2\/media?parent=3508"}],"wp:term":[{"taxonomy":"category","embeddable":true,"href":"https:\/\/afsinyedisevin.com\/index.php\/wp-json\/wp\/v2\/categories?post=3508"},{"taxonomy":"post_tag","embeddable":true,"href":"https:\/\/afsinyedisevin.com\/index.php\/wp-json\/wp\/v2\/tags?post=3508"}],"curies":[{"name":"wp","href":"https:\/\/api.w.org\/{rel}","templated":true}]}}