{"id":3467,"date":"2021-08-20T06:21:30","date_gmt":"2021-08-20T06:21:30","guid":{"rendered":"http:\/\/www.afsinyedisevin.com\/?p=3467"},"modified":"2021-08-20T06:21:30","modified_gmt":"2021-08-20T06:21:30","slug":"baskan-kemal-aydindan-muhtar-arslana-ziyaret","status":"publish","type":"post","link":"https:\/\/afsinyedisevin.com\/index.php\/2021\/08\/20\/baskan-kemal-aydindan-muhtar-arslana-ziyaret\/","title":{"rendered":"Ba\u015fkan Kemal Ayd\u0131n&#8217;dan Muhtar Arslan&#8217;a ziyaret!"},"content":{"rendered":"<p style=\"text-align: justify;\"><strong><img loading=\"lazy\" decoding=\"async\" class=\"alignnone size-full wp-image-113\" src=\"https:\/\/afsinyedisevin.com\/wp-content\/uploads\/2019\/12\/ahalil.jpg\" alt=\"\" width=\"300\" height=\"194\" srcset=\"https:\/\/afsinyedisevin.com\/wp-content\/uploads\/2019\/12\/ahalil.jpg 300w, https:\/\/afsinyedisevin.com\/wp-content\/uploads\/2019\/12\/ahalil-115x73.jpg 115w\" sizes=\"(max-width: 300px) 100vw, 300px\" \/><\/strong><\/p>\n<p style=\"text-align: justify;\"><strong>\u015eehit-Gazi Sendikalar\u0131 Konfederasyonu Kahramanmara\u015f \u0130l Ba\u015fkan\u0131 Kemal Ayd\u0131n, nezaket ziyaretlerine devam ediyor.Ayd\u0131n, ziyaretler kapsam\u0131nda Af\u015fin\/Beyce\u011fiz Mahallesi Muhtar\u0131 G\u00f6khan Arslan&#8217;\u0131 makam\u0131nda ziyaret ederek isti\u015farelerde bulundu.<\/strong><\/p>\n<p style=\"text-align: justify;\"><strong>Sevin y\u00f6resinde ki hem\u015fehrilerimizin birlik,beraberlik,kayna\u015fma,yard\u0131mla\u015fma ve dayan\u0131\u015fma anlam\u0131nda bir birlikteli\u011fe ve ortak \u00e7al\u0131\u015fmaya ihtiya\u00e7 duyuldu\u011funu belirten Kemal Ayd\u0131n, bu ziyaretler kapsam\u0131nda hem\u015fehrilerimizle isti\u015farelerde bulunuyoruz dedi.<\/strong><\/p>\n<p style=\"text-align: justify;\"><strong>Ziyarette Sevin y\u00f6resinin sorunlar\u0131n\u0131n \u00e7\u00f6z\u00fcm\u00fcne giden yollarda konu\u015fulurken,Sevin y\u00f6resinde ya\u015fayan hem\u015fehrilerimizi bir \u00e7at\u0131 alt\u0131nda toplayacak bir olu\u015fumun \u00f6nemine de dikkat \u00e7ekildi.<\/strong><\/p>\n<p style=\"text-align: justify;\"><strong>Ayd\u0131n,\u00f6n\u00fcm\u00fczde ki g\u00fcnlerde yapaca\u011f\u0131m\u0131z ziyaretler sonras\u0131nda Sevin y\u00f6resiyle ilgili kurulacak bir birliktelik projesini kamuoyuyla payla\u015facaklar\u0131n\u0131 s\u00f6yledi.<\/strong><\/p>\n<p style=\"text-align: justify;\"><strong>Ziyaret yakla\u015f\u0131k 1 saat s\u00fcrd\u00fc.\u00a0<\/strong><\/p>\n<p><img loading=\"lazy\" decoding=\"async\" class=\"alignnone size-full wp-image-3468\" src=\"https:\/\/afsinyedisevin.com\/wp-content\/uploads\/2021\/08\/IMG_2458.jpg\" alt=\"\" width=\"600\" height=\"400\" srcset=\"https:\/\/afsinyedisevin.com\/wp-content\/uploads\/2021\/08\/IMG_2458.jpg 600w, https:\/\/afsinyedisevin.com\/wp-content\/uploads\/2021\/08\/IMG_2458-300x200.jpg 300w\" sizes=\"(max-width: 600px) 100vw, 600px\" \/> <img loading=\"lazy\" decoding=\"async\" class=\"alignnone size-full wp-image-3469\" src=\"https:\/\/afsinyedisevin.com\/wp-content\/uploads\/2021\/08\/IMG_2460.jpg\" alt=\"\" width=\"600\" height=\"400\" srcset=\"https:\/\/afsinyedisevin.com\/wp-content\/uploads\/2021\/08\/IMG_2460.jpg 600w, https:\/\/afsinyedisevin.com\/wp-content\/uploads\/2021\/08\/IMG_2460-300x200.jpg 300w\" sizes=\"(max-width: 600px) 100vw, 600px\" \/><\/p>\n","protected":false},"excerpt":{"rendered":"<p>\u015eehit-Gazi Sendikalar\u0131 Konfederasyonu Kahramanmara\u015f \u0130l Ba\u015fkan\u0131 Kemal Ayd\u0131n, nezaket ziyaretlerine devam ediyor.Ayd\u0131n, ziyaretler kapsam\u0131nda Af\u015fin\/Beyce\u011fiz Mahallesi Muhtar\u0131 G\u00f6khan Arslan&#8217;\u0131 makam\u0131nda ziyaret ederek isti\u015farelerde bulundu.<\/p>\n","protected":false},"author":1,"featured_media":3470,"comment_status":"open","ping_status":"open","sticky":false,"template":"","format":"standard","meta":{"_jetpack_memberships_contains_paid_content":false,"footnotes":""},"categories":[6,28,8,3,1],"tags":[],"class_list":["post-3467","post","type-post","status-publish","format-standard","has-post-thumbnail","hentry","category-buyuk-sevin","category-is-dunyasi","category-kucuk-sevin","category-manset-haber","category-yoremizden"],"jetpack_featured_media_url":"https:\/\/afsinyedisevin.com\/wp-content\/uploads\/2021\/08\/IMG_2460R.jpg","jetpack_sharing_enabled":true,"_links":{"self":[{"href":"https:\/\/afsinyedisevin.com\/index.php\/wp-json\/wp\/v2\/posts\/3467","targetHints":{"allow":["GET"]}}],"collection":[{"href":"https:\/\/afsinyedisevin.com\/index.php\/wp-json\/wp\/v2\/posts"}],"about":[{"href":"https:\/\/afsinyedisevin.com\/index.php\/wp-json\/wp\/v2\/types\/post"}],"author":[{"embeddable":true,"href":"https:\/\/afsinyedisevin.com\/index.php\/wp-json\/wp\/v2\/users\/1"}],"replies":[{"embeddable":true,"href":"https:\/\/afsinyedisevin.com\/index.php\/wp-json\/wp\/v2\/comments?post=3467"}],"version-history":[{"count":1,"href":"https:\/\/afsinyedisevin.com\/index.php\/wp-json\/wp\/v2\/posts\/3467\/revisions"}],"predecessor-version":[{"id":3471,"href":"https:\/\/afsinyedisevin.com\/index.php\/wp-json\/wp\/v2\/posts\/3467\/revisions\/3471"}],"wp:featuredmedia":[{"embeddable":true,"href":"https:\/\/afsinyedisevin.com\/index.php\/wp-json\/wp\/v2\/media\/3470"}],"wp:attachment":[{"href":"https:\/\/afsinyedisevin.com\/index.php\/wp-json\/wp\/v2\/media?parent=3467"}],"wp:term":[{"taxonomy":"category","embeddable":true,"href":"https:\/\/afsinyedisevin.com\/index.php\/wp-json\/wp\/v2\/categories?post=3467"},{"taxonomy":"post_tag","embeddable":true,"href":"https:\/\/afsinyedisevin.com\/index.php\/wp-json\/wp\/v2\/tags?post=3467"}],"curies":[{"name":"wp","href":"https:\/\/api.w.org\/{rel}","templated":true}]}}