{"id":3427,"date":"2021-08-07T05:52:26","date_gmt":"2021-08-07T05:52:26","guid":{"rendered":"http:\/\/www.afsinyedisevin.com\/?p=3427"},"modified":"2021-08-07T05:53:09","modified_gmt":"2021-08-07T05:53:09","slug":"ozel-ibn-i-sina-anadolu-saglik-meslek-lisesine-ziyaret","status":"publish","type":"post","link":"https:\/\/afsinyedisevin.com\/index.php\/2021\/08\/07\/ozel-ibn-i-sina-anadolu-saglik-meslek-lisesine-ziyaret\/","title":{"rendered":"\u00d6zel \u0130bn-i Sina Anadolu Sa\u011fl\u0131k Meslek Lisesine ziyaret!"},"content":{"rendered":"<p style=\"text-align: justify;\"><strong><img loading=\"lazy\" decoding=\"async\" class=\"alignnone size-full wp-image-2532\" src=\"https:\/\/afsinyedisevin.com\/wp-content\/uploads\/2020\/11\/ahab.jpg\" alt=\"\" width=\"300\" height=\"194\" srcset=\"https:\/\/afsinyedisevin.com\/wp-content\/uploads\/2020\/11\/ahab.jpg 300w, https:\/\/afsinyedisevin.com\/wp-content\/uploads\/2020\/11\/ahab-115x73.jpg 115w\" sizes=\"(max-width: 300px) 100vw, 300px\" \/><\/strong><\/p>\n<p style=\"text-align: justify;\"><strong>Af\u015fin Merkez Yay\u0131n Grubu Genel Yay\u0131n Y\u00f6netmeni Halil Demir, \u0130l\u00e7emizde hizmet veren \u00d6zel \u0130bn-i Sina Anadolu Sa\u011fl\u0131k Meslek Lisesini ziyaret etti.<\/strong><\/p>\n<p style=\"text-align: justify;\"><strong>\u00d6zel \u0130bn-i Sina\u00a0 Anadolu Sa\u011fl\u0131k Meslek Lisesi Kurucusu Adem \u00d6zer ve Okul M\u00fcd\u00fcr\u00fc \u0130hsan K\u00f6ker ile bir s\u00fcre sohbet eden Af\u015fin Merkez Yay\u0131n Grubu Genel Yay\u0131n Y\u00f6netmeni Halil Demir, Okulun fiziki durumundan e\u011fitimde ki ba\u015far\u0131lar\u0131na kadar bir \u00e7ok konuda bilgi ald\u0131.<\/strong><\/p>\n<p style=\"text-align: justify;\"><strong>Okulumuz b\u00f6lgede e\u011fitimin \u00e7\u0131tas\u0131n\u0131n daha da y\u00fckselmesi i\u00e7in gayret etmektedir diyen Kurucu M\u00fcd\u00fcr Adem \u00d6zer, gelece\u011fimizi emanet edece\u011fimiz gen\u00e7lerimizin daha iyi bir e\u011fitim alabilmesi i\u00e7in var g\u00fcc\u00fcm\u00fczle \u00e7al\u0131\u015f\u0131yoruz. Deneyimli e\u011fitim kadrosu,g\u00fcler y\u00fczl\u00fc idari kadrosu ile okulumuz yeni d\u00f6nemde de \u00f6\u011frencilerini bekliyor. Park sorunu olmayan,Laboratuvar,Uygulama s\u0131n\u0131flar\u0131,sportif alanlar\u0131yla hizmet veren okulumuza \u00f6\u011frenci ve velilerimizi \u00e7ay i\u00e7meye bekliyoruz dedi.<\/strong><\/p>\n<p style=\"text-align: justify;\"><strong>\u00c7evreyolu \u00fczerinde hizmet veren \u00d6zel \u0130bn-i Sina\u00a0 Anadolu Sa\u011fl\u0131k Meslek Lisesinde 9. S\u0131n\u0131f kay\u0131tlar\u0131 ba\u015flad\u0131.<\/strong><\/p>\n<p style=\"text-align: justify;\"><strong>*<\/strong><\/p>\n<p style=\"text-align: justify;\"><strong>\u00d6zel \u0130bn-i Sina Sa\u011fl\u0131k Meslek Lisesi<\/strong><\/p>\n<p style=\"text-align: justify;\"><strong>(Mesleki ve Teknik Anadolu Lisesi)<\/strong><\/p>\n<p style=\"text-align: justify;\"><strong>Af\u015finbey Mahallesi \u00c7evreyolu \u00fczeri<\/strong><\/p>\n<p style=\"text-align: justify;\"><strong>0 344 511 2005<\/strong><\/p>\n<p style=\"text-align: justify;\"><strong>0 549 730 4200<\/strong><\/p>\n<p style=\"text-align: justify;\"><strong>AF\u015e\u0130N<\/strong><\/p>\n<p><img loading=\"lazy\" decoding=\"async\" class=\"alignnone size-full wp-image-3428\" src=\"https:\/\/afsinyedisevin.com\/wp-content\/uploads\/2021\/08\/IMG_1115.jpg\" alt=\"\" width=\"600\" height=\"400\" srcset=\"https:\/\/afsinyedisevin.com\/wp-content\/uploads\/2021\/08\/IMG_1115.jpg 600w, https:\/\/afsinyedisevin.com\/wp-content\/uploads\/2021\/08\/IMG_1115-300x200.jpg 300w\" sizes=\"(max-width: 600px) 100vw, 600px\" \/> <img loading=\"lazy\" decoding=\"async\" class=\"alignnone size-full wp-image-3429\" src=\"https:\/\/afsinyedisevin.com\/wp-content\/uploads\/2021\/08\/IMG_1117.jpg\" alt=\"\" width=\"600\" height=\"400\" srcset=\"https:\/\/afsinyedisevin.com\/wp-content\/uploads\/2021\/08\/IMG_1117.jpg 600w, https:\/\/afsinyedisevin.com\/wp-content\/uploads\/2021\/08\/IMG_1117-300x200.jpg 300w\" sizes=\"(max-width: 600px) 100vw, 600px\" \/> <img loading=\"lazy\" decoding=\"async\" class=\"alignnone size-full wp-image-3430\" src=\"https:\/\/afsinyedisevin.com\/wp-content\/uploads\/2021\/08\/IMG_1124.jpg\" alt=\"\" width=\"600\" height=\"400\" srcset=\"https:\/\/afsinyedisevin.com\/wp-content\/uploads\/2021\/08\/IMG_1124.jpg 600w, https:\/\/afsinyedisevin.com\/wp-content\/uploads\/2021\/08\/IMG_1124-300x200.jpg 300w\" sizes=\"(max-width: 600px) 100vw, 600px\" \/> <img loading=\"lazy\" decoding=\"async\" class=\"alignnone size-full wp-image-3431\" src=\"https:\/\/afsinyedisevin.com\/wp-content\/uploads\/2021\/08\/IMG_1125.jpg\" alt=\"\" width=\"600\" height=\"400\" srcset=\"https:\/\/afsinyedisevin.com\/wp-content\/uploads\/2021\/08\/IMG_1125.jpg 600w, https:\/\/afsinyedisevin.com\/wp-content\/uploads\/2021\/08\/IMG_1125-300x200.jpg 300w\" sizes=\"(max-width: 600px) 100vw, 600px\" \/> <img loading=\"lazy\" decoding=\"async\" class=\"alignnone size-full wp-image-3432\" src=\"https:\/\/afsinyedisevin.com\/wp-content\/uploads\/2021\/08\/IMG_1126.jpg\" alt=\"\" width=\"600\" height=\"400\" srcset=\"https:\/\/afsinyedisevin.com\/wp-content\/uploads\/2021\/08\/IMG_1126.jpg 600w, https:\/\/afsinyedisevin.com\/wp-content\/uploads\/2021\/08\/IMG_1126-300x200.jpg 300w\" sizes=\"(max-width: 600px) 100vw, 600px\" \/> <img loading=\"lazy\" decoding=\"async\" class=\"alignnone size-full wp-image-3433\" src=\"https:\/\/afsinyedisevin.com\/wp-content\/uploads\/2021\/08\/IMG_1127.jpg\" alt=\"\" width=\"600\" height=\"400\" srcset=\"https:\/\/afsinyedisevin.com\/wp-content\/uploads\/2021\/08\/IMG_1127.jpg 600w, https:\/\/afsinyedisevin.com\/wp-content\/uploads\/2021\/08\/IMG_1127-300x200.jpg 300w\" sizes=\"(max-width: 600px) 100vw, 600px\" \/> <img loading=\"lazy\" decoding=\"async\" class=\"alignnone size-full wp-image-3434\" src=\"https:\/\/afsinyedisevin.com\/wp-content\/uploads\/2021\/08\/IMG_1129.jpg\" alt=\"\" width=\"600\" height=\"400\" srcset=\"https:\/\/afsinyedisevin.com\/wp-content\/uploads\/2021\/08\/IMG_1129.jpg 600w, https:\/\/afsinyedisevin.com\/wp-content\/uploads\/2021\/08\/IMG_1129-300x200.jpg 300w\" sizes=\"(max-width: 600px) 100vw, 600px\" \/><\/p>\n","protected":false},"excerpt":{"rendered":"<p>Af\u015fin Merkez Yay\u0131n Grubu Genel Yay\u0131n Y\u00f6netmeni Halil Demir, \u0130l\u00e7emizde hizmet veren \u00d6zel \u0130bn-i Sina Anadolu Sa\u011fl\u0131k Meslek Lisesini ziyaret etti. \u00d6zel \u0130bn-i Sina\u00a0<\/p>\n","protected":false},"author":1,"featured_media":3435,"comment_status":"open","ping_status":"open","sticky":false,"template":"","format":"standard","meta":{"_jetpack_memberships_contains_paid_content":false,"footnotes":""},"categories":[6,28,8,3,13,1,23],"tags":[],"class_list":["post-3427","post","type-post","status-publish","format-standard","has-post-thumbnail","hentry","category-buyuk-sevin","category-is-dunyasi","category-kucuk-sevin","category-manset-haber","category-okul-mudurleri","category-yoremizden","category-ziyaret-ettiklerimiz"],"jetpack_featured_media_url":"https:\/\/afsinyedisevin.com\/wp-content\/uploads\/2021\/08\/IMG_1131R.jpg","jetpack_sharing_enabled":true,"_links":{"self":[{"href":"https:\/\/afsinyedisevin.com\/index.php\/wp-json\/wp\/v2\/posts\/3427","targetHints":{"allow":["GET"]}}],"collection":[{"href":"https:\/\/afsinyedisevin.com\/index.php\/wp-json\/wp\/v2\/posts"}],"about":[{"href":"https:\/\/afsinyedisevin.com\/index.php\/wp-json\/wp\/v2\/types\/post"}],"author":[{"embeddable":true,"href":"https:\/\/afsinyedisevin.com\/index.php\/wp-json\/wp\/v2\/users\/1"}],"replies":[{"embeddable":true,"href":"https:\/\/afsinyedisevin.com\/index.php\/wp-json\/wp\/v2\/comments?post=3427"}],"version-history":[{"count":1,"href":"https:\/\/afsinyedisevin.com\/index.php\/wp-json\/wp\/v2\/posts\/3427\/revisions"}],"predecessor-version":[{"id":3436,"href":"https:\/\/afsinyedisevin.com\/index.php\/wp-json\/wp\/v2\/posts\/3427\/revisions\/3436"}],"wp:featuredmedia":[{"embeddable":true,"href":"https:\/\/afsinyedisevin.com\/index.php\/wp-json\/wp\/v2\/media\/3435"}],"wp:attachment":[{"href":"https:\/\/afsinyedisevin.com\/index.php\/wp-json\/wp\/v2\/media?parent=3427"}],"wp:term":[{"taxonomy":"category","embeddable":true,"href":"https:\/\/afsinyedisevin.com\/index.php\/wp-json\/wp\/v2\/categories?post=3427"},{"taxonomy":"post_tag","embeddable":true,"href":"https:\/\/afsinyedisevin.com\/index.php\/wp-json\/wp\/v2\/tags?post=3427"}],"curies":[{"name":"wp","href":"https:\/\/api.w.org\/{rel}","templated":true}]}}