{"id":3319,"date":"2021-07-07T06:19:58","date_gmt":"2021-07-07T06:19:58","guid":{"rendered":"http:\/\/www.afsinyedisevin.com\/?p=3319"},"modified":"2021-07-07T06:20:42","modified_gmt":"2021-07-07T06:20:42","slug":"ozan-mehmet-gurbuzgonul-bagina-konuk-olacak","status":"publish","type":"post","link":"https:\/\/afsinyedisevin.com\/index.php\/2021\/07\/07\/ozan-mehmet-gurbuzgonul-bagina-konuk-olacak\/","title":{"rendered":"Ozan Mehmet G\u00fcrb\u00fcz,G\u00f6n\u00fcl Ba\u011f\u0131&#8217;na konuk olacak!"},"content":{"rendered":"<p style=\"text-align: justify;\"><strong><img loading=\"lazy\" decoding=\"async\" class=\"alignnone size-full wp-image-2532\" src=\"https:\/\/afsinyedisevin.com\/wp-content\/uploads\/2020\/11\/ahab.jpg\" alt=\"\" width=\"300\" height=\"194\" srcset=\"https:\/\/afsinyedisevin.com\/wp-content\/uploads\/2020\/11\/ahab.jpg 300w, https:\/\/afsinyedisevin.com\/wp-content\/uploads\/2020\/11\/ahab-115x73.jpg 115w\" sizes=\"(max-width: 300px) 100vw, 300px\" \/><\/strong><\/p>\n<p style=\"text-align: justify;\"><strong>Af\u015finin yeti\u015ftirdi\u011fi Halk Ozanlar\u0131m\u0131zdan Mehmet G\u00fcrb\u00fcz, Halil Demir ile G\u00d6N\u00dcL BA\u011eI Program\u0131na konuk olacak.<\/strong><\/p>\n<p style=\"text-align: justify;\"><strong>Aslen B\u00fcy\u00fcksevin mahallesinden olup Mersin&#8217;de ikamet eden ve sesiyle,saz\u0131yla g\u00f6n\u00fcllerde taht kuran Ozan Mehmet G\u00fcrb\u00fcz, bu hafta Cumartesi g\u00fcn\u00fc Canl\u0131 Yay\u0131nlanacak olan Halil Demir ile G\u00d6N\u00dcL BA\u011eI\u00a0 program\u0131n\u0131n konu\u011fu olacak.<\/strong><\/p>\n<p style=\"text-align: justify;\"><strong>Program Cumartesi g\u00fcn\u00fc saat 14:30 da Af\u015fin Haber Merkezi Facebook sayfas\u0131ndan Canl\u0131 yay\u0131nlanacak.<\/strong><\/p>\n<p style=\"text-align: justify;\"><strong>Af\u015fin Halk Ozanlar\u0131 Derne\u011fini ziyaret eden Ozan Mehmet G\u00fcrb\u00fcz, Dernek Ba\u015fkan\u0131 Ahmet Karakaya ile bir s\u00fcre g\u00f6r\u00fc\u015ft\u00fc.<\/strong><\/p>\n<p style=\"text-align: justify;\"><strong>Ayn\u0131 zamanda Af\u015fin Halk Ozanlar\u0131 Derne\u011fi \u00fcyesi olan Ozan Mehmet G\u00fcrb\u00fcz, sevenleri i\u00e7in de bir T\u00fcrk\u00fc seslendirdi.<\/strong><\/p>\n<p style=\"text-align: justify;\"><iframe loading=\"lazy\" src=\"\/\/www.youtube.com\/embed\/zRO1-rkLrEU\" width=\"714\" height=\"400\" allowfullscreen=\"allowfullscreen\"><\/iframe><\/p>\n<p><img loading=\"lazy\" decoding=\"async\" class=\"alignnone size-full wp-image-3321\" src=\"https:\/\/afsinyedisevin.com\/wp-content\/uploads\/2021\/07\/IMG_8745.jpg\" alt=\"\" width=\"600\" height=\"400\" srcset=\"https:\/\/afsinyedisevin.com\/wp-content\/uploads\/2021\/07\/IMG_8745.jpg 600w, https:\/\/afsinyedisevin.com\/wp-content\/uploads\/2021\/07\/IMG_8745-300x200.jpg 300w\" sizes=\"(max-width: 600px) 100vw, 600px\" \/> <img loading=\"lazy\" decoding=\"async\" class=\"alignnone size-full wp-image-3320\" src=\"https:\/\/afsinyedisevin.com\/wp-content\/uploads\/2021\/07\/IMG_8743.jpg\" alt=\"\" width=\"600\" height=\"400\" srcset=\"https:\/\/afsinyedisevin.com\/wp-content\/uploads\/2021\/07\/IMG_8743.jpg 600w, https:\/\/afsinyedisevin.com\/wp-content\/uploads\/2021\/07\/IMG_8743-300x200.jpg 300w\" sizes=\"(max-width: 600px) 100vw, 600px\" \/><\/p>\n<p>&nbsp;<\/p>\n","protected":false},"excerpt":{"rendered":"<p>Af\u015finin yeti\u015ftirdi\u011fi Halk Ozanlar\u0131m\u0131zdan Mehmet G\u00fcrb\u00fcz, Halil Demir ile G\u00d6N\u00dcL BA\u011eI Program\u0131na konuk olacak. Aslen B\u00fcy\u00fcksevin mahallesinden olup Mersin&#8217;de ikamet eden ve sesiyle,saz\u0131yla g\u00f6n\u00fcllerde<\/p>\n","protected":false},"author":1,"featured_media":3322,"comment_status":"open","ping_status":"open","sticky":false,"template":"","format":"standard","meta":{"_jetpack_memberships_contains_paid_content":false,"footnotes":""},"categories":[6,27,3,15,16,1],"tags":[],"class_list":["post-3319","post","type-post","status-publish","format-standard","has-post-thumbnail","hentry","category-buyuk-sevin","category-gurbetteki-sevinliler","category-manset-haber","category-sair-ve-yazarlarimiz","category-sanatcilarimiz","category-yoremizden"],"jetpack_featured_media_url":"https:\/\/afsinyedisevin.com\/wp-content\/uploads\/2021\/07\/IMG_8745R.jpg","jetpack_sharing_enabled":true,"_links":{"self":[{"href":"https:\/\/afsinyedisevin.com\/index.php\/wp-json\/wp\/v2\/posts\/3319","targetHints":{"allow":["GET"]}}],"collection":[{"href":"https:\/\/afsinyedisevin.com\/index.php\/wp-json\/wp\/v2\/posts"}],"about":[{"href":"https:\/\/afsinyedisevin.com\/index.php\/wp-json\/wp\/v2\/types\/post"}],"author":[{"embeddable":true,"href":"https:\/\/afsinyedisevin.com\/index.php\/wp-json\/wp\/v2\/users\/1"}],"replies":[{"embeddable":true,"href":"https:\/\/afsinyedisevin.com\/index.php\/wp-json\/wp\/v2\/comments?post=3319"}],"version-history":[{"count":1,"href":"https:\/\/afsinyedisevin.com\/index.php\/wp-json\/wp\/v2\/posts\/3319\/revisions"}],"predecessor-version":[{"id":3323,"href":"https:\/\/afsinyedisevin.com\/index.php\/wp-json\/wp\/v2\/posts\/3319\/revisions\/3323"}],"wp:featuredmedia":[{"embeddable":true,"href":"https:\/\/afsinyedisevin.com\/index.php\/wp-json\/wp\/v2\/media\/3322"}],"wp:attachment":[{"href":"https:\/\/afsinyedisevin.com\/index.php\/wp-json\/wp\/v2\/media?parent=3319"}],"wp:term":[{"taxonomy":"category","embeddable":true,"href":"https:\/\/afsinyedisevin.com\/index.php\/wp-json\/wp\/v2\/categories?post=3319"},{"taxonomy":"post_tag","embeddable":true,"href":"https:\/\/afsinyedisevin.com\/index.php\/wp-json\/wp\/v2\/tags?post=3319"}],"curies":[{"name":"wp","href":"https:\/\/api.w.org\/{rel}","templated":true}]}}