{"id":3183,"date":"2021-05-27T08:46:19","date_gmt":"2021-05-27T08:46:19","guid":{"rendered":"http:\/\/www.afsinyedisevin.com\/?p=3183"},"modified":"2021-05-27T08:52:30","modified_gmt":"2021-05-27T08:52:30","slug":"yoresel-urunlerimiz-istanbulda-ki-musterilerin-kapilarina-teslim-edilecek","status":"publish","type":"post","link":"https:\/\/afsinyedisevin.com\/index.php\/2021\/05\/27\/yoresel-urunlerimiz-istanbulda-ki-musterilerin-kapilarina-teslim-edilecek\/","title":{"rendered":"Y\u00f6resel \u00dcr\u00fcnlerimiz \u0130stanbul&#8217;da ki m\u00fc\u015fterilerin kap\u0131lar\u0131na teslim edilecek!"},"content":{"rendered":"<p style=\"text-align: justify;\"><strong><img loading=\"lazy\" decoding=\"async\" class=\"alignnone size-full wp-image-113\" src=\"https:\/\/afsinyedisevin.com\/wp-content\/uploads\/2019\/12\/ahalil.jpg\" alt=\"\" width=\"300\" height=\"194\" srcset=\"https:\/\/afsinyedisevin.com\/wp-content\/uploads\/2019\/12\/ahalil.jpg 300w, https:\/\/afsinyedisevin.com\/wp-content\/uploads\/2019\/12\/ahalil-115x73.jpg 115w\" sizes=\"(max-width: 300px) 100vw, 300px\" \/><img loading=\"lazy\" decoding=\"async\" class=\"alignnone size-full wp-image-2696\" src=\"https:\/\/afsinyedisevin.com\/wp-content\/uploads\/2020\/11\/ALP.jpeg\" alt=\"\" width=\"600\" height=\"343\" srcset=\"https:\/\/afsinyedisevin.com\/wp-content\/uploads\/2020\/11\/ALP.jpeg 600w, https:\/\/afsinyedisevin.com\/wp-content\/uploads\/2020\/11\/ALP-300x172.jpeg 300w\" sizes=\"(max-width: 600px) 100vw, 600px\" \/><\/strong><\/p>\n<p><iframe loading=\"lazy\" src=\"\/\/www.youtube.com\/embed\/EZg46YSFls0\" width=\"714\" height=\"400\" allowfullscreen=\"allowfullscreen\"><\/iframe><\/p>\n<p style=\"text-align: justify;\"><strong>H\u00fcseyin Efendi Y\u00f6resel D\u00fcnyas\u0131 her ge\u00e7en g\u00fcn bir yenilik ve m\u00fc\u015fterilerine hizmet g\u00f6t\u00fcrme ad\u0131na \u00e7al\u0131\u015fmalar\u0131na h\u0131z kesmeden devam ediyor. Af\u015fin ve Kahramanmara\u015f Y\u00f6resel \u00dcr\u00fcnlerimiz \u0130stanbul&#8217;da ki m\u00fc\u015fterilerin kap\u0131lar\u0131na teslim edilecek!<\/strong><\/p>\n<p style=\"text-align: justify;\"><strong>H\u00fcseyin Efendi Y\u00f6resel D\u00fcnyas\u0131 16-20 Haziran tarihlerinde \u0130stanbul&#8217;da olacak. O tarihe kadar verilen sipari\u015fler \u0130stanbul&#8217;da ki hem\u015fehrilerimize kap\u0131lar\u0131nda teslim edilecek.<\/strong><\/p>\n<p style=\"text-align: justify;\"><strong>Y\u00f6resel \u00dcr\u00fcnler sekt\u00f6r\u00fcnde hizmet veren H\u00fcseyin Efendi Y\u00f6resel D\u00fcnyas\u0131 16-20 Haziran Tarihleri aras\u0131nda \u0130stanbul\u2019da olacak. Hem\u015fehrilerimizin t\u00fcm sipari\u015flerini evlerine teslim edecek. Bunun yan\u0131 s\u0131ra y\u00f6remize ait lezzetlerin sergilendi\u011fi stantla dilediklerini alma imkan\u0131 sunacak. Daha \u00f6nce de Ankara, \u0130stanbul, \u0130zmir, Afyon, Bursa gibi illerimize de seferler d\u00fczenlenmi\u015f ve y\u00f6resel \u00fcr\u00fcnlere b\u00fcy\u00fck ra\u011fbet olmu\u015ftu. Y\u00f6resel \u00fcr\u00fcnleri aya\u011f\u0131n\u0131za getiriyoruz slogan\u0131yla uzun s\u00fcredir \u0130stanbul,Afyonkarahisar,\u0130zmir,Ankara gibi \u0130llerde ki m\u00fc\u015fterilerin sipari\u015flerini kap\u0131lar\u0131nda teslim eden H\u00fcseyin Efendi Y\u00f6resel \u00dcr\u00fcnler Merkezi \u0130stanbul program\u0131na haz\u0131rlan\u0131yor.<\/strong><\/p>\n<p style=\"text-align: justify;\"><strong>Konuya ili\u015fkin Yedisevin Haber&#8217;e\u00a0 konu\u015fan \u0130\u015f Adam\u0131 H\u00fcseyin K\u0131z\u0131lay, 16-20 Haziran tarihlerinde \u0130stanbul&#8217;da ki hem\u015fehrilerimizle bulu\u015faca\u011f\u0131z dedi.<\/strong><\/p>\n<p style=\"text-align: justify;\"><strong>H\u00fcseyin Efendi Y\u00f6resel sahibi \u0130\u015f Adam\u0131 H\u00fcseyin K\u0131z\u0131lay, T\u00fcrkiye\u2019nin her yerinden hem\u015fehrilerimiz kalite ve g\u00fcvenin adresi olan i\u015f yerimize her zaman sahip \u00e7\u0131kt\u0131lar, \u00e7\u0131kmaya da devam ediyorlar. Kendi imalat\u0131m\u0131z olan \u00fcr\u00fcnler ba\u015fta olmak \u00fczere \u00f6zellikle Y\u00f6resel Af\u015fin \u00c7emeni, Mara\u015f Tarhanas\u0131, Mara\u015f Biberi, Cevizli Sucuk, Samsa, Et Sucu\u011fu, Mara\u015f \u00c7\u00f6re\u011fi, \u015fekerleme, kahve, kuruluk, kuruyemi\u015f ve bakliyat gibi \u00fcr\u00fcnlerin yan\u0131 s\u0131ra Kendi de\u011firmenimizde \u00e7ekilmi\u015f bulgur, d\u00fc\u011f\u00fcrc\u00fck, yarmaya da yo\u011fun talep oldu\u011funu, \u0130stanbul\u2019da bulunan m\u00fc\u015fterilerimizin bu hizmetten dolay\u0131 \u00e7ok memnun olduklar\u0131n\u0131 s\u00f6yledi. <a href=\"https:\/\/www.yoreselmarasim.com\/\" target=\"_blank\" rel=\"noopener\">www.yoreselmarasim.com<\/a> adresinden \u00fcr\u00fcnleri inceleyip ve 0535 865 4137 numaral\u0131 whatshap hatt\u0131ndan sipari\u015fte bulunabileceklerini dile getirdi.<\/strong><\/p>\n<p>&nbsp;<\/p>\n<p style=\"text-align: justify;\"><img loading=\"lazy\" decoding=\"async\" class=\"alignnone size-full wp-image-3184\" src=\"https:\/\/afsinyedisevin.com\/wp-content\/uploads\/2021\/05\/WhatsApp-Image-2021-05-27-at-11.38.48.jpeg\" alt=\"\" width=\"1599\" height=\"1599\" srcset=\"https:\/\/afsinyedisevin.com\/wp-content\/uploads\/2021\/05\/WhatsApp-Image-2021-05-27-at-11.38.48.jpeg 1599w, https:\/\/afsinyedisevin.com\/wp-content\/uploads\/2021\/05\/WhatsApp-Image-2021-05-27-at-11.38.48-300x300.jpeg 300w, https:\/\/afsinyedisevin.com\/wp-content\/uploads\/2021\/05\/WhatsApp-Image-2021-05-27-at-11.38.48-1024x1024.jpeg 1024w, https:\/\/afsinyedisevin.com\/wp-content\/uploads\/2021\/05\/WhatsApp-Image-2021-05-27-at-11.38.48-150x150.jpeg 150w, https:\/\/afsinyedisevin.com\/wp-content\/uploads\/2021\/05\/WhatsApp-Image-2021-05-27-at-11.38.48-768x768.jpeg 768w, https:\/\/afsinyedisevin.com\/wp-content\/uploads\/2021\/05\/WhatsApp-Image-2021-05-27-at-11.38.48-1536x1536.jpeg 1536w, https:\/\/afsinyedisevin.com\/wp-content\/uploads\/2021\/05\/WhatsApp-Image-2021-05-27-at-11.38.48-215x215.jpeg 215w\" sizes=\"(max-width: 1599px) 100vw, 1599px\" \/> <img loading=\"lazy\" decoding=\"async\" class=\"alignnone size-full wp-image-3185\" src=\"https:\/\/afsinyedisevin.com\/wp-content\/uploads\/2021\/05\/WhatsApp-Image-2021-05-27-at-11.38.49.jpeg\" alt=\"\" width=\"1599\" height=\"1599\" srcset=\"https:\/\/afsinyedisevin.com\/wp-content\/uploads\/2021\/05\/WhatsApp-Image-2021-05-27-at-11.38.49.jpeg 1599w, https:\/\/afsinyedisevin.com\/wp-content\/uploads\/2021\/05\/WhatsApp-Image-2021-05-27-at-11.38.49-300x300.jpeg 300w, https:\/\/afsinyedisevin.com\/wp-content\/uploads\/2021\/05\/WhatsApp-Image-2021-05-27-at-11.38.49-1024x1024.jpeg 1024w, https:\/\/afsinyedisevin.com\/wp-content\/uploads\/2021\/05\/WhatsApp-Image-2021-05-27-at-11.38.49-150x150.jpeg 150w, https:\/\/afsinyedisevin.com\/wp-content\/uploads\/2021\/05\/WhatsApp-Image-2021-05-27-at-11.38.49-768x768.jpeg 768w, https:\/\/afsinyedisevin.com\/wp-content\/uploads\/2021\/05\/WhatsApp-Image-2021-05-27-at-11.38.49-1536x1536.jpeg 1536w, https:\/\/afsinyedisevin.com\/wp-content\/uploads\/2021\/05\/WhatsApp-Image-2021-05-27-at-11.38.49-215x215.jpeg 215w\" sizes=\"(max-width: 1599px) 100vw, 1599px\" \/><img loading=\"lazy\" decoding=\"async\" class=\"alignnone size-full wp-image-3186\" src=\"https:\/\/afsinyedisevin.com\/wp-content\/uploads\/2021\/05\/WhatsApp-Image-2021-05-27-at-11.38.54.jpeg\" alt=\"\" width=\"1600\" height=\"1303\" srcset=\"https:\/\/afsinyedisevin.com\/wp-content\/uploads\/2021\/05\/WhatsApp-Image-2021-05-27-at-11.38.54.jpeg 1600w, https:\/\/afsinyedisevin.com\/wp-content\/uploads\/2021\/05\/WhatsApp-Image-2021-05-27-at-11.38.54-300x244.jpeg 300w, https:\/\/afsinyedisevin.com\/wp-content\/uploads\/2021\/05\/WhatsApp-Image-2021-05-27-at-11.38.54-1024x834.jpeg 1024w, https:\/\/afsinyedisevin.com\/wp-content\/uploads\/2021\/05\/WhatsApp-Image-2021-05-27-at-11.38.54-768x625.jpeg 768w, https:\/\/afsinyedisevin.com\/wp-content\/uploads\/2021\/05\/WhatsApp-Image-2021-05-27-at-11.38.54-1536x1251.jpeg 1536w\" sizes=\"(max-width: 1600px) 100vw, 1600px\" \/><\/p>\n","protected":false},"excerpt":{"rendered":"<p>H\u00fcseyin Efendi Y\u00f6resel D\u00fcnyas\u0131 her ge\u00e7en g\u00fcn bir yenilik ve m\u00fc\u015fterilerine hizmet g\u00f6t\u00fcrme ad\u0131na \u00e7al\u0131\u015fmalar\u0131na h\u0131z kesmeden devam ediyor. Af\u015fin ve Kahramanmara\u015f Y\u00f6resel \u00dcr\u00fcnlerimiz<\/p>\n","protected":false},"author":1,"featured_media":3187,"comment_status":"open","ping_status":"open","sticky":false,"template":"","format":"standard","meta":{"_jetpack_memberships_contains_paid_content":false,"footnotes":""},"categories":[26,27,28,3,24,1],"tags":[],"class_list":["post-3183","post","type-post","status-publish","format-standard","has-post-thumbnail","hentry","category-gurbetteki-is-dunyasi","category-gurbetteki-sevinliler","category-is-dunyasi","category-manset-haber","category-ureten-firmalar","category-yoremizden"],"jetpack_featured_media_url":"https:\/\/afsinyedisevin.com\/wp-content\/uploads\/2021\/05\/sade-arka-plan-14ry.jpg","jetpack_sharing_enabled":true,"_links":{"self":[{"href":"https:\/\/afsinyedisevin.com\/index.php\/wp-json\/wp\/v2\/posts\/3183","targetHints":{"allow":["GET"]}}],"collection":[{"href":"https:\/\/afsinyedisevin.com\/index.php\/wp-json\/wp\/v2\/posts"}],"about":[{"href":"https:\/\/afsinyedisevin.com\/index.php\/wp-json\/wp\/v2\/types\/post"}],"author":[{"embeddable":true,"href":"https:\/\/afsinyedisevin.com\/index.php\/wp-json\/wp\/v2\/users\/1"}],"replies":[{"embeddable":true,"href":"https:\/\/afsinyedisevin.com\/index.php\/wp-json\/wp\/v2\/comments?post=3183"}],"version-history":[{"count":2,"href":"https:\/\/afsinyedisevin.com\/index.php\/wp-json\/wp\/v2\/posts\/3183\/revisions"}],"predecessor-version":[{"id":3189,"href":"https:\/\/afsinyedisevin.com\/index.php\/wp-json\/wp\/v2\/posts\/3183\/revisions\/3189"}],"wp:featuredmedia":[{"embeddable":true,"href":"https:\/\/afsinyedisevin.com\/index.php\/wp-json\/wp\/v2\/media\/3187"}],"wp:attachment":[{"href":"https:\/\/afsinyedisevin.com\/index.php\/wp-json\/wp\/v2\/media?parent=3183"}],"wp:term":[{"taxonomy":"category","embeddable":true,"href":"https:\/\/afsinyedisevin.com\/index.php\/wp-json\/wp\/v2\/categories?post=3183"},{"taxonomy":"post_tag","embeddable":true,"href":"https:\/\/afsinyedisevin.com\/index.php\/wp-json\/wp\/v2\/tags?post=3183"}],"curies":[{"name":"wp","href":"https:\/\/api.w.org\/{rel}","templated":true}]}}