{"id":3159,"date":"2021-05-22T07:29:37","date_gmt":"2021-05-22T07:29:37","guid":{"rendered":"http:\/\/www.afsinyedisevin.com\/?p=3159"},"modified":"2021-05-22T07:29:37","modified_gmt":"2021-05-22T07:29:37","slug":"haci-duran-ozdemir-vefat-etti","status":"publish","type":"post","link":"https:\/\/afsinyedisevin.com\/index.php\/2021\/05\/22\/haci-duran-ozdemir-vefat-etti\/","title":{"rendered":"Hac\u0131 Duran \u00d6zdemir vefat etti."},"content":{"rendered":"<p style=\"text-align: justify;\"><strong><img loading=\"lazy\" decoding=\"async\" class=\"alignnone size-full wp-image-113\" src=\"https:\/\/afsinyedisevin.com\/wp-content\/uploads\/2019\/12\/ahalil.jpg\" alt=\"\" width=\"300\" height=\"194\" srcset=\"https:\/\/afsinyedisevin.com\/wp-content\/uploads\/2019\/12\/ahalil.jpg 300w, https:\/\/afsinyedisevin.com\/wp-content\/uploads\/2019\/12\/ahalil-115x73.jpg 115w\" sizes=\"(max-width: 300px) 100vw, 300px\" \/><img loading=\"lazy\" decoding=\"async\" class=\"alignnone size-full wp-image-2696\" src=\"https:\/\/afsinyedisevin.com\/wp-content\/uploads\/2020\/11\/ALP.jpeg\" alt=\"\" width=\"600\" height=\"343\" srcset=\"https:\/\/afsinyedisevin.com\/wp-content\/uploads\/2020\/11\/ALP.jpeg 600w, https:\/\/afsinyedisevin.com\/wp-content\/uploads\/2020\/11\/ALP-300x172.jpeg 300w\" sizes=\"(max-width: 600px) 100vw, 600px\" \/><img loading=\"lazy\" decoding=\"async\" class=\"alignnone size-full wp-image-3160\" src=\"https:\/\/afsinyedisevin.com\/wp-content\/uploads\/2021\/05\/DYY.jpeg\" alt=\"\" width=\"600\" height=\"595\" srcset=\"https:\/\/afsinyedisevin.com\/wp-content\/uploads\/2021\/05\/DYY.jpeg 600w, https:\/\/afsinyedisevin.com\/wp-content\/uploads\/2021\/05\/DYY-300x298.jpeg 300w, https:\/\/afsinyedisevin.com\/wp-content\/uploads\/2021\/05\/DYY-150x150.jpeg 150w\" sizes=\"(max-width: 600px) 100vw, 600px\" \/><\/strong><\/p>\n<p style=\"text-align: justify;\"><strong>Aslen B\u00fcy\u00fcksevin Mahallesinden olup Gaziosmanpa\u015fa Mahallesinde ikamet eden Af\u015fin Belediyesinden Emekli Ali,Cafer ve Cuma \u00d6zdemir&#8217;in babalar\u0131,\u0130smail \u00d6zden,Ramazan K\u0131z\u0131lay,Yunus Kutupo\u011flu ile Merhum Atilla Karata\u015f ve Zekeriya \u00d6zdemir&#8217;in kay\u0131n babalar\u0131 Hac\u0131 Duran \u00d6zdemir vefat etti.<\/strong><\/p>\n<p style=\"text-align: justify;\"><strong>Cenazesi bug\u00fcn ikindi namaz\u0131na m\u00fcteakiben Asri Mezarl\u0131kta k\u0131l\u0131nacak cenaze namaz\u0131n\u0131n ard\u0131ndan topra\u011fa verilecek.<\/strong><\/p>\n<p style=\"text-align: justify;\"><strong>Taziye i\u00e7in;<\/strong><\/p>\n<p style=\"text-align: justify;\"><strong>0 (553) 053 06 50 Ali \u00d6zdemir <\/strong><br \/>\n<strong>0 (545) 212 11 14 Cafer \u00d6zdemir<\/strong><br \/>\n<strong>0 (539) 968 37 57 Cuma \u00d6zdemir\u00a0<\/strong><\/p>\n<p style=\"text-align: justify;\"><strong>Allah rahmet eylesin.<\/strong><\/p>\n<p style=\"text-align: justify;\">\n","protected":false},"excerpt":{"rendered":"<p>Aslen B\u00fcy\u00fcksevin Mahallesinden olup Gaziosmanpa\u015fa Mahallesinde ikamet eden Af\u015fin Belediyesinden Emekli Ali,Cafer ve Cuma \u00d6zdemir&#8217;in babalar\u0131,\u0130smail \u00d6zden,Ramazan K\u0131z\u0131lay,Yunus Kutupo\u011flu ile Merhum Atilla Karata\u015f ve<\/p>\n","protected":false},"author":1,"featured_media":3161,"comment_status":"open","ping_status":"open","sticky":false,"template":"","format":"standard","meta":{"_jetpack_memberships_contains_paid_content":false,"footnotes":""},"categories":[6,3,4,1],"tags":[],"class_list":["post-3159","post","type-post","status-publish","format-standard","has-post-thumbnail","hentry","category-buyuk-sevin","category-manset-haber","category-vefatlar","category-yoremizden"],"jetpack_featured_media_url":"https:\/\/afsinyedisevin.com\/wp-content\/uploads\/2021\/05\/rtu.jpg","jetpack_sharing_enabled":true,"_links":{"self":[{"href":"https:\/\/afsinyedisevin.com\/index.php\/wp-json\/wp\/v2\/posts\/3159","targetHints":{"allow":["GET"]}}],"collection":[{"href":"https:\/\/afsinyedisevin.com\/index.php\/wp-json\/wp\/v2\/posts"}],"about":[{"href":"https:\/\/afsinyedisevin.com\/index.php\/wp-json\/wp\/v2\/types\/post"}],"author":[{"embeddable":true,"href":"https:\/\/afsinyedisevin.com\/index.php\/wp-json\/wp\/v2\/users\/1"}],"replies":[{"embeddable":true,"href":"https:\/\/afsinyedisevin.com\/index.php\/wp-json\/wp\/v2\/comments?post=3159"}],"version-history":[{"count":1,"href":"https:\/\/afsinyedisevin.com\/index.php\/wp-json\/wp\/v2\/posts\/3159\/revisions"}],"predecessor-version":[{"id":3162,"href":"https:\/\/afsinyedisevin.com\/index.php\/wp-json\/wp\/v2\/posts\/3159\/revisions\/3162"}],"wp:featuredmedia":[{"embeddable":true,"href":"https:\/\/afsinyedisevin.com\/index.php\/wp-json\/wp\/v2\/media\/3161"}],"wp:attachment":[{"href":"https:\/\/afsinyedisevin.com\/index.php\/wp-json\/wp\/v2\/media?parent=3159"}],"wp:term":[{"taxonomy":"category","embeddable":true,"href":"https:\/\/afsinyedisevin.com\/index.php\/wp-json\/wp\/v2\/categories?post=3159"},{"taxonomy":"post_tag","embeddable":true,"href":"https:\/\/afsinyedisevin.com\/index.php\/wp-json\/wp\/v2\/tags?post=3159"}],"curies":[{"name":"wp","href":"https:\/\/api.w.org\/{rel}","templated":true}]}}