{"id":3124,"date":"2021-04-26T06:25:13","date_gmt":"2021-04-26T06:25:13","guid":{"rendered":"http:\/\/www.afsinyedisevin.com\/?p=3124"},"modified":"2021-04-26T06:34:16","modified_gmt":"2021-04-26T06:34:16","slug":"fatma-gurbuz-vefat-etti","status":"publish","type":"post","link":"https:\/\/afsinyedisevin.com\/index.php\/2021\/04\/26\/fatma-gurbuz-vefat-etti\/","title":{"rendered":"Fatma G\u00fcrb\u00fcz vefat etti."},"content":{"rendered":"<p style=\"text-align: justify;\"><strong><img loading=\"lazy\" decoding=\"async\" class=\"alignnone size-full wp-image-113\" src=\"https:\/\/afsinyedisevin.com\/wp-content\/uploads\/2019\/12\/ahalil.jpg\" alt=\"\" width=\"300\" height=\"194\" srcset=\"https:\/\/afsinyedisevin.com\/wp-content\/uploads\/2019\/12\/ahalil.jpg 300w, https:\/\/afsinyedisevin.com\/wp-content\/uploads\/2019\/12\/ahalil-115x73.jpg 115w\" sizes=\"(max-width: 300px) 100vw, 300px\" \/><img loading=\"lazy\" decoding=\"async\" class=\"alignnone size-full wp-image-2696\" src=\"https:\/\/afsinyedisevin.com\/wp-content\/uploads\/2020\/11\/ALP.jpeg\" alt=\"\" width=\"600\" height=\"343\" srcset=\"https:\/\/afsinyedisevin.com\/wp-content\/uploads\/2020\/11\/ALP.jpeg 600w, https:\/\/afsinyedisevin.com\/wp-content\/uploads\/2020\/11\/ALP-300x172.jpeg 300w\" sizes=\"(max-width: 600px) 100vw, 600px\" \/><\/strong><\/p>\n<p style=\"text-align: justify;\"><strong>Emirilyas Mahallesinden Halil ve Han\u0131m ailesinin k\u0131z\u0131, B\u00fcy\u00fcksevin Mahallesinden merhum Hasan G\u00fcrb\u00fcz&#8217;\u00fcn e\u015fi,Osman, Veysel, S\u0131tk\u0131, \u015eerife, Han\u0131m, G\u00fclhan karde\u015flerin annesi,\u00a0 Av. Onur G\u00fcrb\u00fcz ve Av. Erkan G\u00fcrb\u00fcz&#8217;\u00fcn babaanneleri Fatma G\u00fcrb\u00fcz (89) vefat etti.<\/strong><\/p>\n<p style=\"text-align: justify;\"><strong> Cenazesi, bug\u00fcn \u00f6\u011fle namaz\u0131 sonras\u0131 Elbistan&#8217;da Hocazade Cami&#8217;inde namaz\u0131 k\u0131l\u0131narak Hocazede\u00a0 Mezarl\u0131\u011f\u0131nda topra\u011fa verilecek.<\/strong><\/p>\n<p style=\"text-align: justify;\"><strong> Taziye i\u00e7in telefonlar;<\/strong><\/p>\n<p style=\"text-align: justify;\"><strong> 0 543 834 3085 Osman G\u00fcrb\u00fcz <\/strong><\/p>\n<p style=\"text-align: justify;\"><strong>0 532 485 1878 S\u0131tk\u0131 G\u00fcrb\u00fcz<\/strong><\/p>\n<p style=\"text-align: justify;\"><strong>Allah rahmet eylesin.\u00a0<\/strong><\/p>\n<p><img loading=\"lazy\" decoding=\"async\" class=\"alignnone size-full wp-image-3125\" src=\"https:\/\/afsinyedisevin.com\/wp-content\/uploads\/2021\/04\/WhatsApp-Image-2021-04-24-at-19.54.03TY.jpeg\" alt=\"\" width=\"600\" height=\"442\" srcset=\"https:\/\/afsinyedisevin.com\/wp-content\/uploads\/2021\/04\/WhatsApp-Image-2021-04-24-at-19.54.03TY.jpeg 600w, https:\/\/afsinyedisevin.com\/wp-content\/uploads\/2021\/04\/WhatsApp-Image-2021-04-24-at-19.54.03TY-300x221.jpeg 300w\" sizes=\"(max-width: 600px) 100vw, 600px\" \/><\/p>\n","protected":false},"excerpt":{"rendered":"<p>Emirilyas Mahallesinden Halil ve Han\u0131m ailesinin k\u0131z\u0131, B\u00fcy\u00fcksevin Mahallesinden merhum Hasan G\u00fcrb\u00fcz&#8217;\u00fcn e\u015fi,Osman, Veysel, S\u0131tk\u0131, \u015eerife, Han\u0131m, G\u00fclhan karde\u015flerin annesi,\u00a0 Av. Onur G\u00fcrb\u00fcz ve<\/p>\n","protected":false},"author":1,"featured_media":3126,"comment_status":"open","ping_status":"open","sticky":false,"template":"","format":"standard","meta":{"_jetpack_memberships_contains_paid_content":false,"footnotes":""},"categories":[6,3,4,1],"tags":[],"class_list":["post-3124","post","type-post","status-publish","format-standard","has-post-thumbnail","hentry","category-buyuk-sevin","category-manset-haber","category-vefatlar","category-yoremizden"],"jetpack_featured_media_url":"https:\/\/afsinyedisevin.com\/wp-content\/uploads\/2021\/04\/YI.jpg","jetpack_sharing_enabled":true,"_links":{"self":[{"href":"https:\/\/afsinyedisevin.com\/index.php\/wp-json\/wp\/v2\/posts\/3124","targetHints":{"allow":["GET"]}}],"collection":[{"href":"https:\/\/afsinyedisevin.com\/index.php\/wp-json\/wp\/v2\/posts"}],"about":[{"href":"https:\/\/afsinyedisevin.com\/index.php\/wp-json\/wp\/v2\/types\/post"}],"author":[{"embeddable":true,"href":"https:\/\/afsinyedisevin.com\/index.php\/wp-json\/wp\/v2\/users\/1"}],"replies":[{"embeddable":true,"href":"https:\/\/afsinyedisevin.com\/index.php\/wp-json\/wp\/v2\/comments?post=3124"}],"version-history":[{"count":2,"href":"https:\/\/afsinyedisevin.com\/index.php\/wp-json\/wp\/v2\/posts\/3124\/revisions"}],"predecessor-version":[{"id":3128,"href":"https:\/\/afsinyedisevin.com\/index.php\/wp-json\/wp\/v2\/posts\/3124\/revisions\/3128"}],"wp:featuredmedia":[{"embeddable":true,"href":"https:\/\/afsinyedisevin.com\/index.php\/wp-json\/wp\/v2\/media\/3126"}],"wp:attachment":[{"href":"https:\/\/afsinyedisevin.com\/index.php\/wp-json\/wp\/v2\/media?parent=3124"}],"wp:term":[{"taxonomy":"category","embeddable":true,"href":"https:\/\/afsinyedisevin.com\/index.php\/wp-json\/wp\/v2\/categories?post=3124"},{"taxonomy":"post_tag","embeddable":true,"href":"https:\/\/afsinyedisevin.com\/index.php\/wp-json\/wp\/v2\/tags?post=3124"}],"curies":[{"name":"wp","href":"https:\/\/api.w.org\/{rel}","templated":true}]}}