{"id":3107,"date":"2021-04-06T05:25:44","date_gmt":"2021-04-06T05:25:44","guid":{"rendered":"http:\/\/www.afsinyedisevin.com\/?p=3107"},"modified":"2021-04-06T05:25:44","modified_gmt":"2021-04-06T05:25:44","slug":"dondu-cinpolat-vefat-etti","status":"publish","type":"post","link":"https:\/\/afsinyedisevin.com\/index.php\/2021\/04\/06\/dondu-cinpolat-vefat-etti\/","title":{"rendered":"D\u00f6nd\u00fc \u00c7inpolat vefat etti."},"content":{"rendered":"<p style=\"text-align: justify;\"><strong><img loading=\"lazy\" decoding=\"async\" class=\"alignnone size-full wp-image-113\" src=\"https:\/\/afsinyedisevin.com\/wp-content\/uploads\/2019\/12\/ahalil.jpg\" alt=\"\" width=\"300\" height=\"194\" srcset=\"https:\/\/afsinyedisevin.com\/wp-content\/uploads\/2019\/12\/ahalil.jpg 300w, https:\/\/afsinyedisevin.com\/wp-content\/uploads\/2019\/12\/ahalil-115x73.jpg 115w\" sizes=\"(max-width: 300px) 100vw, 300px\" \/><img loading=\"lazy\" decoding=\"async\" class=\"alignnone size-full wp-image-2696\" src=\"https:\/\/afsinyedisevin.com\/wp-content\/uploads\/2020\/11\/ALP.jpeg\" alt=\"\" width=\"600\" height=\"343\" srcset=\"https:\/\/afsinyedisevin.com\/wp-content\/uploads\/2020\/11\/ALP.jpeg 600w, https:\/\/afsinyedisevin.com\/wp-content\/uploads\/2020\/11\/ALP-300x172.jpeg 300w\" sizes=\"(max-width: 600px) 100vw, 600px\" \/><\/strong><\/p>\n<p><img loading=\"lazy\" decoding=\"async\" class=\"alignnone size-full wp-image-3108\" src=\"https:\/\/afsinyedisevin.com\/wp-content\/uploads\/2021\/04\/170077844_1294190680974417_4854847348620255411_n.jpg\" alt=\"\" width=\"600\" height=\"547\" srcset=\"https:\/\/afsinyedisevin.com\/wp-content\/uploads\/2021\/04\/170077844_1294190680974417_4854847348620255411_n.jpg 600w, https:\/\/afsinyedisevin.com\/wp-content\/uploads\/2021\/04\/170077844_1294190680974417_4854847348620255411_n-300x274.jpg 300w\" sizes=\"(max-width: 600px) 100vw, 600px\" \/><\/p>\n<p style=\"text-align: justify;\"><strong>Aslen Af\u015fin\/Binbo\u011fa Mahallesinden olup \u0130zmir&#8217;de ikamet eden, Nuri \u00c7inpolat&#8217;\u0131n e\u015fi,\u00c7i\u00e7ek,G\u00fclseren,D\u00f6nd\u00fc,D\u00f6n\u00fc\u015f,Zala ve Cemile&#8217;nin anneleri D\u00f6nd\u00fc \u00c7inpolat (94) vefat etti.<\/strong><\/p>\n<p style=\"text-align: justify;\"><strong>Cenazesi d\u00fcn \u0130zmir&#8217;de k\u0131l\u0131nan cenaze namaz\u0131n\u0131n ard\u0131ndan topra\u011fa verildi.<\/strong><\/p>\n<p style=\"text-align: justify;\"><strong>Allah rahmet eylesin.<\/strong><\/p>\n<p style=\"text-align: justify;\">\n<p style=\"text-align: justify;\">\n<p style=\"text-align: justify;\">\n","protected":false},"excerpt":{"rendered":"<p>Aslen Af\u015fin\/Binbo\u011fa Mahallesinden olup \u0130zmir&#8217;de ikamet eden, Nuri \u00c7inpolat&#8217;\u0131n e\u015fi,\u00c7i\u00e7ek,G\u00fclseren,D\u00f6nd\u00fc,D\u00f6n\u00fc\u015f,Zala ve Cemile&#8217;nin anneleri D\u00f6nd\u00fc \u00c7inpolat (94) vefat etti. Cenazesi d\u00fcn \u0130zmir&#8217;de k\u0131l\u0131nan cenaze namaz\u0131n\u0131n<\/p>\n","protected":false},"author":1,"featured_media":3109,"comment_status":"open","ping_status":"open","sticky":false,"template":"","format":"standard","meta":{"_jetpack_memberships_contains_paid_content":false,"footnotes":""},"categories":[9,27,3,4],"tags":[],"class_list":["post-3107","post","type-post","status-publish","format-standard","has-post-thumbnail","hentry","category-binboga","category-gurbetteki-sevinliler","category-manset-haber","category-vefatlar"],"jetpack_featured_media_url":"https:\/\/afsinyedisevin.com\/wp-content\/uploads\/2021\/04\/aaaaaaaaaUI.jpg","jetpack_sharing_enabled":true,"_links":{"self":[{"href":"https:\/\/afsinyedisevin.com\/index.php\/wp-json\/wp\/v2\/posts\/3107","targetHints":{"allow":["GET"]}}],"collection":[{"href":"https:\/\/afsinyedisevin.com\/index.php\/wp-json\/wp\/v2\/posts"}],"about":[{"href":"https:\/\/afsinyedisevin.com\/index.php\/wp-json\/wp\/v2\/types\/post"}],"author":[{"embeddable":true,"href":"https:\/\/afsinyedisevin.com\/index.php\/wp-json\/wp\/v2\/users\/1"}],"replies":[{"embeddable":true,"href":"https:\/\/afsinyedisevin.com\/index.php\/wp-json\/wp\/v2\/comments?post=3107"}],"version-history":[{"count":1,"href":"https:\/\/afsinyedisevin.com\/index.php\/wp-json\/wp\/v2\/posts\/3107\/revisions"}],"predecessor-version":[{"id":3110,"href":"https:\/\/afsinyedisevin.com\/index.php\/wp-json\/wp\/v2\/posts\/3107\/revisions\/3110"}],"wp:featuredmedia":[{"embeddable":true,"href":"https:\/\/afsinyedisevin.com\/index.php\/wp-json\/wp\/v2\/media\/3109"}],"wp:attachment":[{"href":"https:\/\/afsinyedisevin.com\/index.php\/wp-json\/wp\/v2\/media?parent=3107"}],"wp:term":[{"taxonomy":"category","embeddable":true,"href":"https:\/\/afsinyedisevin.com\/index.php\/wp-json\/wp\/v2\/categories?post=3107"},{"taxonomy":"post_tag","embeddable":true,"href":"https:\/\/afsinyedisevin.com\/index.php\/wp-json\/wp\/v2\/tags?post=3107"}],"curies":[{"name":"wp","href":"https:\/\/api.w.org\/{rel}","templated":true}]}}