{"id":2975,"date":"2021-02-18T10:36:01","date_gmt":"2021-02-18T10:36:01","guid":{"rendered":"http:\/\/www.afsinyedisevin.com\/?p=2975"},"modified":"2021-02-18T10:36:01","modified_gmt":"2021-02-18T10:36:01","slug":"afsinde-huseyin-efendi-sucuklarinin-uretimine-baslandi","status":"publish","type":"post","link":"https:\/\/afsinyedisevin.com\/index.php\/2021\/02\/18\/afsinde-huseyin-efendi-sucuklarinin-uretimine-baslandi\/","title":{"rendered":"Af\u015fin&#8217;de H\u00fcseyin Efendi Sucuklar\u0131n\u0131n \u00fcretimine ba\u015fland\u0131!"},"content":{"rendered":"<p style=\"text-align: justify;\"><strong><img loading=\"lazy\" decoding=\"async\" class=\"alignnone size-full wp-image-113\" src=\"https:\/\/afsinyedisevin.com\/wp-content\/uploads\/2019\/12\/ahalil.jpg\" alt=\"\" width=\"300\" height=\"194\" srcset=\"https:\/\/afsinyedisevin.com\/wp-content\/uploads\/2019\/12\/ahalil.jpg 300w, https:\/\/afsinyedisevin.com\/wp-content\/uploads\/2019\/12\/ahalil-115x73.jpg 115w\" sizes=\"(max-width: 300px) 100vw, 300px\" \/><img loading=\"lazy\" decoding=\"async\" class=\"alignnone size-full wp-image-2696\" src=\"https:\/\/afsinyedisevin.com\/wp-content\/uploads\/2020\/11\/ALP.jpeg\" alt=\"\" width=\"600\" height=\"343\" srcset=\"https:\/\/afsinyedisevin.com\/wp-content\/uploads\/2020\/11\/ALP.jpeg 600w, https:\/\/afsinyedisevin.com\/wp-content\/uploads\/2020\/11\/ALP-300x172.jpeg 300w\" sizes=\"(max-width: 600px) 100vw, 600px\" \/><\/strong><\/p>\n<p style=\"text-align: justify;\"><strong>\u0130l\u00e7emiz Af\u015fin&#8217;de bir Sucuk markam\u0131z daha oldu. H\u00fcseyin Efendi Sucuklar\u0131 seri \u00fcretime ba\u015flad\u0131.<\/strong><\/p>\n<p style=\"text-align: justify;\"><strong>Y\u0131llard\u0131r Y\u00f6resel \u00dcr\u00fcn sekt\u00f6r\u00fcnde hizmet veren ve bir \u00e7ok \u00fcr\u00fcn\u00fc markala\u015ft\u0131ran \u0130\u015f Adam\u0131 H\u00fcseyin K\u0131z\u0131lay, \u015fimdi de Sucuk \u00fcretimine ba\u015flad\u0131. H\u00fcseyin Efendi Sucuklar\u0131nda seri \u00fcretime ba\u015fland\u0131.<\/strong><\/p>\n<p style=\"text-align: justify;\"><strong>ZAHE H\u00fcseyin Efendi Kasap Sucuklar\u0131 olarak piyasaya \u00e7\u0131kan \u00fcr\u00fcn Is\u0131l \u0130\u015flem G\u00f6rm\u00fc\u015f olarak T\u00fcrk G\u0131da Kodeksine uygun olarak \u00fcretiliyor.<\/strong><\/p>\n<p style=\"text-align: justify;\"><strong>%100 Yerli \u00dcretim ve T\u00fcrk Mal\u0131 olarak \u00fcretimi yap\u0131lan Sucuklar K\u0131z\u0131lay Ticarette sat\u0131\u015fa sunuldu.<\/strong><\/p>\n<p style=\"text-align: justify;\"><strong>K\u0131z\u0131lay Ticaret Beyce\u011fiz Mahallesi K\u0131z\u0131lay De\u011firmeni yan\u0131nda.<\/strong><\/p>\n<p style=\"text-align: justify;\"><strong>\u0130l\u00e7emize hay\u0131rl\u0131 olsun.<\/strong><\/p>\n<p style=\"text-align: justify;\"><img loading=\"lazy\" decoding=\"async\" class=\"alignnone size-full wp-image-2977\" src=\"https:\/\/afsinyedisevin.com\/wp-content\/uploads\/2021\/02\/IMG_1230.jpg\" alt=\"\" width=\"600\" height=\"400\" srcset=\"https:\/\/afsinyedisevin.com\/wp-content\/uploads\/2021\/02\/IMG_1230.jpg 600w, https:\/\/afsinyedisevin.com\/wp-content\/uploads\/2021\/02\/IMG_1230-300x200.jpg 300w\" sizes=\"(max-width: 600px) 100vw, 600px\" \/> <img loading=\"lazy\" decoding=\"async\" class=\"alignnone size-full wp-image-2978\" src=\"https:\/\/afsinyedisevin.com\/wp-content\/uploads\/2021\/02\/IMG_1231.jpg\" alt=\"\" width=\"600\" height=\"400\" srcset=\"https:\/\/afsinyedisevin.com\/wp-content\/uploads\/2021\/02\/IMG_1231.jpg 600w, https:\/\/afsinyedisevin.com\/wp-content\/uploads\/2021\/02\/IMG_1231-300x200.jpg 300w\" sizes=\"(max-width: 600px) 100vw, 600px\" \/> <img loading=\"lazy\" decoding=\"async\" class=\"alignnone size-full wp-image-2979\" src=\"https:\/\/afsinyedisevin.com\/wp-content\/uploads\/2021\/02\/IMG_1232.jpg\" alt=\"\" width=\"600\" height=\"433\" srcset=\"https:\/\/afsinyedisevin.com\/wp-content\/uploads\/2021\/02\/IMG_1232.jpg 600w, https:\/\/afsinyedisevin.com\/wp-content\/uploads\/2021\/02\/IMG_1232-300x217.jpg 300w\" sizes=\"(max-width: 600px) 100vw, 600px\" \/><\/p>\n<p style=\"text-align: justify;\">\n","protected":false},"excerpt":{"rendered":"<p>\u0130l\u00e7emiz Af\u015fin&#8217;de bir Sucuk markam\u0131z daha oldu. H\u00fcseyin Efendi Sucuklar\u0131 seri \u00fcretime ba\u015flad\u0131. Y\u0131llard\u0131r Y\u00f6resel \u00dcr\u00fcn sekt\u00f6r\u00fcnde hizmet veren ve bir \u00e7ok \u00fcr\u00fcn\u00fc markala\u015ft\u0131ran<\/p>\n","protected":false},"author":1,"featured_media":2980,"comment_status":"open","ping_status":"open","sticky":false,"template":"","format":"standard","meta":{"_jetpack_memberships_contains_paid_content":false,"footnotes":""},"categories":[29,3,1],"tags":[],"class_list":["post-2975","post","type-post","status-publish","format-standard","has-post-thumbnail","hentry","category-kizilkaya","category-manset-haber","category-yoremizden"],"jetpack_featured_media_url":"https:\/\/afsinyedisevin.com\/wp-content\/uploads\/2021\/02\/IMG_1232TY.jpg","jetpack_sharing_enabled":true,"_links":{"self":[{"href":"https:\/\/afsinyedisevin.com\/index.php\/wp-json\/wp\/v2\/posts\/2975","targetHints":{"allow":["GET"]}}],"collection":[{"href":"https:\/\/afsinyedisevin.com\/index.php\/wp-json\/wp\/v2\/posts"}],"about":[{"href":"https:\/\/afsinyedisevin.com\/index.php\/wp-json\/wp\/v2\/types\/post"}],"author":[{"embeddable":true,"href":"https:\/\/afsinyedisevin.com\/index.php\/wp-json\/wp\/v2\/users\/1"}],"replies":[{"embeddable":true,"href":"https:\/\/afsinyedisevin.com\/index.php\/wp-json\/wp\/v2\/comments?post=2975"}],"version-history":[{"count":2,"href":"https:\/\/afsinyedisevin.com\/index.php\/wp-json\/wp\/v2\/posts\/2975\/revisions"}],"predecessor-version":[{"id":2981,"href":"https:\/\/afsinyedisevin.com\/index.php\/wp-json\/wp\/v2\/posts\/2975\/revisions\/2981"}],"wp:featuredmedia":[{"embeddable":true,"href":"https:\/\/afsinyedisevin.com\/index.php\/wp-json\/wp\/v2\/media\/2980"}],"wp:attachment":[{"href":"https:\/\/afsinyedisevin.com\/index.php\/wp-json\/wp\/v2\/media?parent=2975"}],"wp:term":[{"taxonomy":"category","embeddable":true,"href":"https:\/\/afsinyedisevin.com\/index.php\/wp-json\/wp\/v2\/categories?post=2975"},{"taxonomy":"post_tag","embeddable":true,"href":"https:\/\/afsinyedisevin.com\/index.php\/wp-json\/wp\/v2\/tags?post=2975"}],"curies":[{"name":"wp","href":"https:\/\/api.w.org\/{rel}","templated":true}]}}