{"id":2917,"date":"2021-02-06T07:44:55","date_gmt":"2021-02-06T07:44:55","guid":{"rendered":"http:\/\/www.afsinyedisevin.com\/?p=2917"},"modified":"2021-02-06T07:44:55","modified_gmt":"2021-02-06T07:44:55","slug":"ak-parti-ilce-sekreteri-bekir-aytaca-ziyaret","status":"publish","type":"post","link":"https:\/\/afsinyedisevin.com\/index.php\/2021\/02\/06\/ak-parti-ilce-sekreteri-bekir-aytaca-ziyaret\/","title":{"rendered":"Ak Parti \u0130l\u00e7e Sekreteri Bekir Ayta\u00e7&#8217;a ziyaret!"},"content":{"rendered":"<p style=\"text-align: justify;\"><strong><img loading=\"lazy\" decoding=\"async\" class=\"alignnone size-full wp-image-2532\" src=\"https:\/\/afsinyedisevin.com\/wp-content\/uploads\/2020\/11\/ahab.jpg\" alt=\"\" width=\"300\" height=\"194\" srcset=\"https:\/\/afsinyedisevin.com\/wp-content\/uploads\/2020\/11\/ahab.jpg 300w, https:\/\/afsinyedisevin.com\/wp-content\/uploads\/2020\/11\/ahab-115x73.jpg 115w\" sizes=\"(max-width: 300px) 100vw, 300px\" \/><img loading=\"lazy\" decoding=\"async\" class=\"alignnone size-full wp-image-2696\" src=\"https:\/\/afsinyedisevin.com\/wp-content\/uploads\/2020\/11\/ALP.jpeg\" alt=\"\" width=\"600\" height=\"343\" srcset=\"https:\/\/afsinyedisevin.com\/wp-content\/uploads\/2020\/11\/ALP.jpeg 600w, https:\/\/afsinyedisevin.com\/wp-content\/uploads\/2020\/11\/ALP-300x172.jpeg 300w\" sizes=\"(max-width: 600px) 100vw, 600px\" \/><\/strong><\/p>\n<p style=\"text-align: justify;\"><strong>Yedisevin Haber olarak Ak Parti Af\u015fin \u0130l\u00e7e Sekreteri Bekir Ayta\u00e7&#8217;\u0131 makam\u0131nda ziyaret ettik.<\/strong><\/p>\n<p style=\"text-align: justify;\"><strong>Af\u015fin Merkez Yay\u0131n Grubu b\u00fcnyesinde Yay\u0131n yapan Yedisevin Haber Sitesi olarak yeni d\u00f6nemde Adalet ve Kalk\u0131nma Partisi Af\u015fin \u0130l\u00e7e Ba\u015fkanl\u0131\u011f\u0131 \u0130l\u00e7e Sekreterli\u011fi g\u00f6revine getirilen hem\u015fehrimiz Bekir Ayta\u00e7&#8217;\u0131 makam\u0131nda ziyaret ettik.<\/strong><\/p>\n<p style=\"text-align: justify;\"><strong>Aslen B\u00fcy\u00fcksevin mahallesinden olup ge\u00e7ti\u011fimiz d\u00f6nemde B\u00fcy\u00fcksevin Mahallesi Muhtarl\u0131\u011f\u0131 g\u00f6revini de yapan Bekir Ayta\u00e7&#8217;a yeni g\u00f6revinin hay\u0131rl\u0131 olmas\u0131 temennisinde bulunduk.<\/strong><\/p>\n<p style=\"text-align: justify;\"><strong>Yay\u0131nlar\u0131m\u0131z\u0131 ilgiyle takip ettiklerini belirten Bekir Ayta\u00e7,yay\u0131nlar\u0131m\u0131zda ba\u015far\u0131lar diledi.<\/strong><\/p>\n<p style=\"text-align: justify;\"><strong>\u015eahs\u0131m\u0131za ve yay\u0131n kurulu\u015fumuza g\u00f6sterilen ilgi ve alakadan dolay\u0131 te\u015fekk\u00fcr ediyoruz.<\/strong><\/p>\n<p style=\"text-align: justify;\"><img loading=\"lazy\" decoding=\"async\" class=\"alignnone size-full wp-image-2919\" src=\"https:\/\/afsinyedisevin.com\/wp-content\/uploads\/2021\/02\/IMG_0995UUI.jpg\" alt=\"\" width=\"600\" height=\"454\" srcset=\"https:\/\/afsinyedisevin.com\/wp-content\/uploads\/2021\/02\/IMG_0995UUI.jpg 600w, https:\/\/afsinyedisevin.com\/wp-content\/uploads\/2021\/02\/IMG_0995UUI-300x227.jpg 300w\" sizes=\"(max-width: 600px) 100vw, 600px\" \/> <img loading=\"lazy\" decoding=\"async\" class=\"alignnone size-full wp-image-2920\" src=\"https:\/\/afsinyedisevin.com\/wp-content\/uploads\/2021\/02\/WhatsApp-Image-2021-02-05-at-16.57.01.jpeg\" alt=\"\" width=\"600\" height=\"404\" srcset=\"https:\/\/afsinyedisevin.com\/wp-content\/uploads\/2021\/02\/WhatsApp-Image-2021-02-05-at-16.57.01.jpeg 600w, https:\/\/afsinyedisevin.com\/wp-content\/uploads\/2021\/02\/WhatsApp-Image-2021-02-05-at-16.57.01-300x202.jpeg 300w\" sizes=\"(max-width: 600px) 100vw, 600px\" \/> <img loading=\"lazy\" decoding=\"async\" class=\"alignnone size-full wp-image-2921\" src=\"https:\/\/afsinyedisevin.com\/wp-content\/uploads\/2021\/02\/WhatsApp-Image-2021-02-05-at-16.57.02.jpeg\" alt=\"\" width=\"600\" height=\"450\" srcset=\"https:\/\/afsinyedisevin.com\/wp-content\/uploads\/2021\/02\/WhatsApp-Image-2021-02-05-at-16.57.02.jpeg 600w, https:\/\/afsinyedisevin.com\/wp-content\/uploads\/2021\/02\/WhatsApp-Image-2021-02-05-at-16.57.02-300x225.jpeg 300w\" sizes=\"(max-width: 600px) 100vw, 600px\" \/><\/p>\n","protected":false},"excerpt":{"rendered":"<p>Yedisevin Haber olarak Ak Parti Af\u015fin \u0130l\u00e7e Sekreteri Bekir Ayta\u00e7&#8217;\u0131 makam\u0131nda ziyaret ettik. Af\u015fin Merkez Yay\u0131n Grubu b\u00fcnyesinde Yay\u0131n yapan Yedisevin Haber Sitesi olarak<\/p>\n","protected":false},"author":1,"featured_media":2918,"comment_status":"open","ping_status":"open","sticky":false,"template":"","format":"standard","meta":{"_jetpack_memberships_contains_paid_content":false,"footnotes":""},"categories":[6,3,1],"tags":[],"class_list":["post-2917","post","type-post","status-publish","format-standard","has-post-thumbnail","hentry","category-buyuk-sevin","category-manset-haber","category-yoremizden"],"jetpack_featured_media_url":"https:\/\/afsinyedisevin.com\/wp-content\/uploads\/2021\/02\/IMG_0995U.jpg","jetpack_sharing_enabled":true,"_links":{"self":[{"href":"https:\/\/afsinyedisevin.com\/index.php\/wp-json\/wp\/v2\/posts\/2917","targetHints":{"allow":["GET"]}}],"collection":[{"href":"https:\/\/afsinyedisevin.com\/index.php\/wp-json\/wp\/v2\/posts"}],"about":[{"href":"https:\/\/afsinyedisevin.com\/index.php\/wp-json\/wp\/v2\/types\/post"}],"author":[{"embeddable":true,"href":"https:\/\/afsinyedisevin.com\/index.php\/wp-json\/wp\/v2\/users\/1"}],"replies":[{"embeddable":true,"href":"https:\/\/afsinyedisevin.com\/index.php\/wp-json\/wp\/v2\/comments?post=2917"}],"version-history":[{"count":1,"href":"https:\/\/afsinyedisevin.com\/index.php\/wp-json\/wp\/v2\/posts\/2917\/revisions"}],"predecessor-version":[{"id":2922,"href":"https:\/\/afsinyedisevin.com\/index.php\/wp-json\/wp\/v2\/posts\/2917\/revisions\/2922"}],"wp:featuredmedia":[{"embeddable":true,"href":"https:\/\/afsinyedisevin.com\/index.php\/wp-json\/wp\/v2\/media\/2918"}],"wp:attachment":[{"href":"https:\/\/afsinyedisevin.com\/index.php\/wp-json\/wp\/v2\/media?parent=2917"}],"wp:term":[{"taxonomy":"category","embeddable":true,"href":"https:\/\/afsinyedisevin.com\/index.php\/wp-json\/wp\/v2\/categories?post=2917"},{"taxonomy":"post_tag","embeddable":true,"href":"https:\/\/afsinyedisevin.com\/index.php\/wp-json\/wp\/v2\/tags?post=2917"}],"curies":[{"name":"wp","href":"https:\/\/api.w.org\/{rel}","templated":true}]}}