{"id":2822,"date":"2020-12-30T15:13:48","date_gmt":"2020-12-30T15:13:48","guid":{"rendered":"http:\/\/www.afsinyedisevin.com\/?p=2822"},"modified":"2020-12-30T15:13:48","modified_gmt":"2020-12-30T15:13:48","slug":"muslum-cinpolat-vefat-etti","status":"publish","type":"post","link":"https:\/\/afsinyedisevin.com\/index.php\/2020\/12\/30\/muslum-cinpolat-vefat-etti\/","title":{"rendered":"M\u00fcsl\u00fcm \u00c7inpolat vefat etti."},"content":{"rendered":"<p style=\"text-align: justify;\"><strong><img loading=\"lazy\" decoding=\"async\" class=\"alignnone size-full wp-image-113\" src=\"https:\/\/afsinyedisevin.com\/wp-content\/uploads\/2019\/12\/ahalil.jpg\" alt=\"\" width=\"300\" height=\"194\" srcset=\"https:\/\/afsinyedisevin.com\/wp-content\/uploads\/2019\/12\/ahalil.jpg 300w, https:\/\/afsinyedisevin.com\/wp-content\/uploads\/2019\/12\/ahalil-115x73.jpg 115w\" sizes=\"(max-width: 300px) 100vw, 300px\" \/><img loading=\"lazy\" decoding=\"async\" class=\"alignnone size-full wp-image-2696\" src=\"https:\/\/afsinyedisevin.com\/wp-content\/uploads\/2020\/11\/ALP.jpeg\" alt=\"\" width=\"600\" height=\"343\" srcset=\"https:\/\/afsinyedisevin.com\/wp-content\/uploads\/2020\/11\/ALP.jpeg 600w, https:\/\/afsinyedisevin.com\/wp-content\/uploads\/2020\/11\/ALP-300x172.jpeg 300w\" sizes=\"(max-width: 600px) 100vw, 600px\" \/><\/strong><\/p>\n<p><img loading=\"lazy\" decoding=\"async\" class=\"alignnone size-full wp-image-2823\" src=\"https:\/\/afsinyedisevin.com\/wp-content\/uploads\/2020\/12\/13087438_247970802257142_8142601349170375671_nDFGHJ.jpg\" alt=\"\" width=\"500\" height=\"422\" srcset=\"https:\/\/afsinyedisevin.com\/wp-content\/uploads\/2020\/12\/13087438_247970802257142_8142601349170375671_nDFGHJ.jpg 500w, https:\/\/afsinyedisevin.com\/wp-content\/uploads\/2020\/12\/13087438_247970802257142_8142601349170375671_nDFGHJ-300x253.jpg 300w\" sizes=\"(max-width: 500px) 100vw, 500px\" \/><\/p>\n<p style=\"text-align: justify;\"><strong>Ge\u00e7ti\u011fimiz hafta Binbo\u011fa Mahallesinde ya\u015fanan Silahl\u0131 kavgada a\u011f\u0131r yaralanan ve Kahramanmara\u015f&#8217;ta tedavi g\u00f6ren M\u00fcsl\u00fcm \u00c7inpolat (53)&#8217;\u0131n vefat etti\u011fi bildirildi.<\/strong><\/p>\n<p style=\"text-align: justify;\"><strong>53 Ya\u015f\u0131nda ki M\u00fcsl\u00fcm \u00c7inpolat&#8217;\u0131n cenazesi bug\u00fcn ikindi namaz\u0131na m\u00fcteakiben Binbo\u011fa Mahallesi Mezarl\u0131\u011f\u0131nda k\u0131l\u0131nana cenaze namaz\u0131n\u0131n ard\u0131ndan topra\u011fa verildi.<\/strong><\/p>\n<p style=\"text-align: justify;\"><strong>Taziye i\u00e7in,<\/strong><\/p>\n<p style=\"text-align: justify;\"><strong>Ye\u011feni \u0130lhan Yal\u00e7\u0131n-0 544 938 5219<\/strong><\/p>\n<p style=\"text-align: justify;\"><strong>Allah rahmet eylesin.<\/strong><\/p>\n<p style=\"text-align: justify;\">&nbsp;<\/p>\n","protected":false},"excerpt":{"rendered":"<p>Ge\u00e7ti\u011fimiz hafta Binbo\u011fa Mahallesinde ya\u015fanan Silahl\u0131 kavgada a\u011f\u0131r yaralanan ve Kahramanmara\u015f&#8217;ta tedavi g\u00f6ren M\u00fcsl\u00fcm \u00c7inpolat (53)&#8217;\u0131n vefat etti\u011fi bildirildi. 53 Ya\u015f\u0131nda ki M\u00fcsl\u00fcm \u00c7inpolat&#8217;\u0131n<\/p>\n","protected":false},"author":1,"featured_media":2824,"comment_status":"open","ping_status":"open","sticky":false,"template":"","format":"standard","meta":{"_jetpack_memberships_contains_paid_content":false,"footnotes":""},"categories":[9,3,4],"tags":[],"class_list":["post-2822","post","type-post","status-publish","format-standard","has-post-thumbnail","hentry","category-binboga","category-manset-haber","category-vefatlar"],"jetpack_featured_media_url":"https:\/\/afsinyedisevin.com\/wp-content\/uploads\/2020\/12\/aaaaaaaaaTYU.jpg","jetpack_sharing_enabled":true,"_links":{"self":[{"href":"https:\/\/afsinyedisevin.com\/index.php\/wp-json\/wp\/v2\/posts\/2822","targetHints":{"allow":["GET"]}}],"collection":[{"href":"https:\/\/afsinyedisevin.com\/index.php\/wp-json\/wp\/v2\/posts"}],"about":[{"href":"https:\/\/afsinyedisevin.com\/index.php\/wp-json\/wp\/v2\/types\/post"}],"author":[{"embeddable":true,"href":"https:\/\/afsinyedisevin.com\/index.php\/wp-json\/wp\/v2\/users\/1"}],"replies":[{"embeddable":true,"href":"https:\/\/afsinyedisevin.com\/index.php\/wp-json\/wp\/v2\/comments?post=2822"}],"version-history":[{"count":1,"href":"https:\/\/afsinyedisevin.com\/index.php\/wp-json\/wp\/v2\/posts\/2822\/revisions"}],"predecessor-version":[{"id":2825,"href":"https:\/\/afsinyedisevin.com\/index.php\/wp-json\/wp\/v2\/posts\/2822\/revisions\/2825"}],"wp:featuredmedia":[{"embeddable":true,"href":"https:\/\/afsinyedisevin.com\/index.php\/wp-json\/wp\/v2\/media\/2824"}],"wp:attachment":[{"href":"https:\/\/afsinyedisevin.com\/index.php\/wp-json\/wp\/v2\/media?parent=2822"}],"wp:term":[{"taxonomy":"category","embeddable":true,"href":"https:\/\/afsinyedisevin.com\/index.php\/wp-json\/wp\/v2\/categories?post=2822"},{"taxonomy":"post_tag","embeddable":true,"href":"https:\/\/afsinyedisevin.com\/index.php\/wp-json\/wp\/v2\/tags?post=2822"}],"curies":[{"name":"wp","href":"https:\/\/api.w.org\/{rel}","templated":true}]}}