{"id":2785,"date":"2020-12-18T07:26:48","date_gmt":"2020-12-18T07:26:48","guid":{"rendered":"http:\/\/www.afsinyedisevin.com\/?p=2785"},"modified":"2020-12-18T07:26:48","modified_gmt":"2020-12-18T07:26:48","slug":"hemsehrimiz-mulla-akpinarkahramanmarasa-tayin-oldu","status":"publish","type":"post","link":"https:\/\/afsinyedisevin.com\/index.php\/2020\/12\/18\/hemsehrimiz-mulla-akpinarkahramanmarasa-tayin-oldu\/","title":{"rendered":"Hem\u015fehrimiz Mulla Akp\u0131nar,Kahramanmara\u015f&#8217;a tayin oldu!"},"content":{"rendered":"<p style=\"text-align: justify;\"><strong><img loading=\"lazy\" decoding=\"async\" class=\"alignnone size-full wp-image-113\" src=\"https:\/\/afsinyedisevin.com\/wp-content\/uploads\/2019\/12\/ahalil.jpg\" alt=\"\" width=\"300\" height=\"194\" srcset=\"https:\/\/afsinyedisevin.com\/wp-content\/uploads\/2019\/12\/ahalil.jpg 300w, https:\/\/afsinyedisevin.com\/wp-content\/uploads\/2019\/12\/ahalil-115x73.jpg 115w\" sizes=\"(max-width: 300px) 100vw, 300px\" \/><\/strong><\/p>\n<p><img loading=\"lazy\" decoding=\"async\" class=\"alignnone size-full wp-image-2786\" src=\"https:\/\/afsinyedisevin.com\/wp-content\/uploads\/2020\/12\/DFTYUY.jpg\" alt=\"\" width=\"600\" height=\"434\" srcset=\"https:\/\/afsinyedisevin.com\/wp-content\/uploads\/2020\/12\/DFTYUY.jpg 600w, https:\/\/afsinyedisevin.com\/wp-content\/uploads\/2020\/12\/DFTYUY-300x217.jpg 300w\" sizes=\"(max-width: 600px) 100vw, 600px\" \/><\/p>\n<p style=\"text-align: justify;\"><strong>Kadirli Kaymakaml\u0131\u011f\u0131 Yaz\u0131 \u0130\u015fleri M\u00fcd\u00fcrl\u00fc\u011f\u00fc g\u00f6revini y\u00fcr\u00fcten hem\u015fehrimiz Mulla Akp\u0131nar,Kahramanmara\u015f Valili\u011fine tayin oldu.<\/strong><\/p>\n<p style=\"text-align: justify;\"><strong>Aslen Af\u015fin\/T\u00fcrksevin Mahallesinden olup 2017 y\u0131l\u0131ndan bu yana Kadirli Kaymakaml\u0131\u011f\u0131 Yaz\u0131 \u0130\u015fleri M\u00fcd\u00fcrl\u00fc\u011f\u00fc g\u00f6revini y\u00fcr\u00fcten Mulla Akp\u0131nar, Kahramanmara\u015f Valili\u011fi \u0130dari Hizmetler \u015eube M\u00fcd\u00fcrl\u00fc\u011f\u00fc g\u00f6revine atand\u0131.<\/strong><\/p>\n<p style=\"text-align: justify;\"><strong>Atanma nedeniyle sosyal medya hesab\u0131ndan bir a\u00e7\u0131klama yapan Akp\u0131nar,\u015funlar\u0131 yazd\u0131;<\/strong><\/p>\n<p style=\"text-align: justify;\"><strong>&#8220;2017 y\u0131l\u0131 Ocak ay\u0131ndan itibaren 4 y\u0131l s\u00fcreyle g\u00f6rev yapt\u0131\u011f\u0131m Kadirli Kaymakaml\u0131\u011f\u0131 \u0130l\u00e7e Yaz\u0131 \u0130\u015fleri M\u00fcd\u00fcrl\u00fc\u011f\u00fc g\u00f6revimden Kahramanmara\u015f Valili\u011fi \u0130dari Hizmetler \u015eube M\u00fcd\u00fcrl\u00fc\u011f\u00fc g\u00f6revine atanmam nedeniyle 18.12.2020 Cuma g\u00fcn\u00fc ayr\u0131l\u0131yorum.<\/strong><br \/>\n<strong>Ad\u0131na \u015fiir yazd\u0131\u011f\u0131m kadim \u015fehir Kadirli\u2019de g\u00f6rev yapt\u0131\u011f\u0131m s\u00fcre i\u00e7erisinde; \u00e7al\u0131\u015fmalar\u0131m\u0131zda desteklerini esirgemeyen Say\u0131n Kaymakamlar\u0131m\u0131z Tamer ORHAN ve Ahmet ARIK beye, ba\u015far\u0131m\u0131za katk\u0131 sa\u011flayan \u00e7ok de\u011ferli mesai arkada\u015flar\u0131ma, yard\u0131m ve desteklerini esirgemeyen say\u0131n Milletvekilimiz M\u00fccahit DURMU\u015eO\u011eLU\u2019na, Say\u0131n Belediye Ba\u015fkan\u0131m\u0131z Dr. \u00d6mer TARHAN\u2019na, birlikte g\u00f6rev yapma gayreti i\u00e7inde oldu\u011fumuz kurum m\u00fcd\u00fcrlerimize ve personellerine, her zaman beraber oldu\u011fumuz \u00e7ok de\u011ferli k\u00f6y ve mahalle muhtarlar\u0131m\u0131za, siyasi parti Ba\u015fkan ve y\u00f6netim kurulu \u00fcyelerine, Sivil Toplum Kurulu\u015flar\u0131m\u0131z\u0131n de\u011ferli ba\u015fkan ve y\u00f6netim kurulu \u00fcyelerine, \u00e7ok de\u011ferli ulusal ve yerel bas\u0131n mensuplar\u0131m\u0131za, hi\u00e7 bir zaman unutmayaca\u011f\u0131m Kadirlili hem\u015fehrilerime \u015fahs\u0131ma g\u00f6stermi\u015f olduklar\u0131 ilgi ve alakadan dolay\u0131 sonsuz sayg\u0131, sevgi ve h\u00fcrmetlerimi sunuyorum. Hakk\u0131n\u0131z\u0131 helal edin hakk\u0131m varsa helal olsun.Kal\u0131n sa\u011fl\u0131cakla! &#8220;<\/strong><\/p>\n<p style=\"text-align: justify;\"><strong>Hem\u015fehrimize yeni g\u00f6revinde ba\u015far\u0131lar diliyoruz.<\/strong><\/p>\n<p style=\"text-align: justify;\">&nbsp;<\/p>\n","protected":false},"excerpt":{"rendered":"<p>Kadirli Kaymakaml\u0131\u011f\u0131 Yaz\u0131 \u0130\u015fleri M\u00fcd\u00fcrl\u00fc\u011f\u00fc g\u00f6revini y\u00fcr\u00fcten hem\u015fehrimiz Mulla Akp\u0131nar,Kahramanmara\u015f Valili\u011fine tayin oldu. Aslen Af\u015fin\/T\u00fcrksevin Mahallesinden olup 2017 y\u0131l\u0131ndan bu yana Kadirli Kaymakaml\u0131\u011f\u0131 Yaz\u0131<\/p>\n","protected":false},"author":1,"featured_media":2787,"comment_status":"open","ping_status":"open","sticky":false,"template":"","format":"standard","meta":{"_jetpack_memberships_contains_paid_content":false,"footnotes":""},"categories":[27,3,7,1],"tags":[],"class_list":["post-2785","post","type-post","status-publish","format-standard","has-post-thumbnail","hentry","category-gurbetteki-sevinliler","category-manset-haber","category-turk-sevin","category-yoremizden"],"jetpack_featured_media_url":"https:\/\/afsinyedisevin.com\/wp-content\/uploads\/2020\/12\/DFTYUYT.jpg","jetpack_sharing_enabled":true,"_links":{"self":[{"href":"https:\/\/afsinyedisevin.com\/index.php\/wp-json\/wp\/v2\/posts\/2785","targetHints":{"allow":["GET"]}}],"collection":[{"href":"https:\/\/afsinyedisevin.com\/index.php\/wp-json\/wp\/v2\/posts"}],"about":[{"href":"https:\/\/afsinyedisevin.com\/index.php\/wp-json\/wp\/v2\/types\/post"}],"author":[{"embeddable":true,"href":"https:\/\/afsinyedisevin.com\/index.php\/wp-json\/wp\/v2\/users\/1"}],"replies":[{"embeddable":true,"href":"https:\/\/afsinyedisevin.com\/index.php\/wp-json\/wp\/v2\/comments?post=2785"}],"version-history":[{"count":1,"href":"https:\/\/afsinyedisevin.com\/index.php\/wp-json\/wp\/v2\/posts\/2785\/revisions"}],"predecessor-version":[{"id":2788,"href":"https:\/\/afsinyedisevin.com\/index.php\/wp-json\/wp\/v2\/posts\/2785\/revisions\/2788"}],"wp:featuredmedia":[{"embeddable":true,"href":"https:\/\/afsinyedisevin.com\/index.php\/wp-json\/wp\/v2\/media\/2787"}],"wp:attachment":[{"href":"https:\/\/afsinyedisevin.com\/index.php\/wp-json\/wp\/v2\/media?parent=2785"}],"wp:term":[{"taxonomy":"category","embeddable":true,"href":"https:\/\/afsinyedisevin.com\/index.php\/wp-json\/wp\/v2\/categories?post=2785"},{"taxonomy":"post_tag","embeddable":true,"href":"https:\/\/afsinyedisevin.com\/index.php\/wp-json\/wp\/v2\/tags?post=2785"}],"curies":[{"name":"wp","href":"https:\/\/api.w.org\/{rel}","templated":true}]}}