{"id":2754,"date":"2020-12-06T07:16:13","date_gmt":"2020-12-06T07:16:13","guid":{"rendered":"http:\/\/www.afsinyedisevin.com\/?p=2754"},"modified":"2020-12-06T11:12:45","modified_gmt":"2020-12-06T11:12:45","slug":"mustafa-ozkok-vefat-etti","status":"publish","type":"post","link":"https:\/\/afsinyedisevin.com\/index.php\/2020\/12\/06\/mustafa-ozkok-vefat-etti\/","title":{"rendered":"Mustafa \u00d6zk\u00f6k vefat etti."},"content":{"rendered":"<p style=\"text-align: justify;\"><strong><img loading=\"lazy\" decoding=\"async\" class=\"alignnone size-full wp-image-113\" src=\"https:\/\/afsinyedisevin.com\/wp-content\/uploads\/2019\/12\/ahalil.jpg\" alt=\"\" width=\"300\" height=\"194\" srcset=\"https:\/\/afsinyedisevin.com\/wp-content\/uploads\/2019\/12\/ahalil.jpg 300w, https:\/\/afsinyedisevin.com\/wp-content\/uploads\/2019\/12\/ahalil-115x73.jpg 115w\" sizes=\"(max-width: 300px) 100vw, 300px\" \/><img loading=\"lazy\" decoding=\"async\" class=\"alignnone size-full wp-image-2696\" src=\"https:\/\/afsinyedisevin.com\/wp-content\/uploads\/2020\/11\/ALP.jpeg\" alt=\"\" width=\"600\" height=\"343\" srcset=\"https:\/\/afsinyedisevin.com\/wp-content\/uploads\/2020\/11\/ALP.jpeg 600w, https:\/\/afsinyedisevin.com\/wp-content\/uploads\/2020\/11\/ALP-300x172.jpeg 300w\" sizes=\"(max-width: 600px) 100vw, 600px\" \/><\/strong><\/p>\n<p><img loading=\"lazy\" decoding=\"async\" class=\"alignnone size-full wp-image-2755\" src=\"https:\/\/afsinyedisevin.com\/wp-content\/uploads\/2020\/12\/TU.jpg\" alt=\"\" width=\"600\" height=\"352\" srcset=\"https:\/\/afsinyedisevin.com\/wp-content\/uploads\/2020\/12\/TU.jpg 600w, https:\/\/afsinyedisevin.com\/wp-content\/uploads\/2020\/12\/TU-300x176.jpg 300w, https:\/\/afsinyedisevin.com\/wp-content\/uploads\/2020\/12\/TU-184x109.jpg 184w\" sizes=\"(max-width: 600px) 100vw, 600px\" \/><\/p>\n<p style=\"text-align: justify;\"><strong>B\u00fcy\u00fcksevin Mahallesinden olup Af\u015fin&#8217;de ikamet eden Emsal \u00d6zk\u00f6k&#8217;\u00fcn e\u015fi,Mehmet,Mikail ve Burak \u00d6zk\u00f6k&#8217;\u00fcn babalar\u0131 Mustafa \u00d6zk\u00f6k vefat etti.<\/strong><\/p>\n<p style=\"text-align: justify;\"><strong>Cenazesi bug\u00fcn \u00f6\u011fle vakti B\u00fcy\u00fcksevin Mahallesi mezarl\u0131\u011f\u0131nda k\u0131l\u0131nacak cenaze namaz\u0131n\u0131n ard\u0131ndan topra\u011fa verilecek. <\/strong><\/p>\n<p style=\"text-align: justify;\"><strong>Taziye i\u00e7in, <\/strong><\/p>\n<p style=\"text-align: justify;\"><strong>A\u011fabeyi Halil \u00d6zk\u00f6k- 0 538 698 1679<\/strong><\/p>\n<p style=\"text-align: justify;\"><strong>O\u011flu Mehmet \u00d6zk\u00f6k-0 544 511 4607<\/strong><\/p>\n<p style=\"text-align: justify;\"><strong>Allah rahmet eylesin.<\/strong><\/p>\n<p style=\"text-align: justify;\">&nbsp;<\/p>\n","protected":false},"excerpt":{"rendered":"<p>B\u00fcy\u00fcksevin Mahallesinden olup Af\u015fin&#8217;de ikamet eden Emsal \u00d6zk\u00f6k&#8217;\u00fcn e\u015fi,Mehmet,Mikail ve Burak \u00d6zk\u00f6k&#8217;\u00fcn babalar\u0131 Mustafa \u00d6zk\u00f6k vefat etti. Cenazesi bug\u00fcn \u00f6\u011fle vakti B\u00fcy\u00fcksevin Mahallesi mezarl\u0131\u011f\u0131nda<\/p>\n","protected":false},"author":1,"featured_media":2756,"comment_status":"open","ping_status":"open","sticky":false,"template":"","format":"standard","meta":{"_jetpack_memberships_contains_paid_content":false,"footnotes":""},"categories":[6,3,4],"tags":[],"class_list":["post-2754","post","type-post","status-publish","format-standard","has-post-thumbnail","hentry","category-buyuk-sevin","category-manset-haber","category-vefatlar"],"jetpack_featured_media_url":"https:\/\/afsinyedisevin.com\/wp-content\/uploads\/2020\/12\/TUR.jpg","jetpack_sharing_enabled":true,"_links":{"self":[{"href":"https:\/\/afsinyedisevin.com\/index.php\/wp-json\/wp\/v2\/posts\/2754","targetHints":{"allow":["GET"]}}],"collection":[{"href":"https:\/\/afsinyedisevin.com\/index.php\/wp-json\/wp\/v2\/posts"}],"about":[{"href":"https:\/\/afsinyedisevin.com\/index.php\/wp-json\/wp\/v2\/types\/post"}],"author":[{"embeddable":true,"href":"https:\/\/afsinyedisevin.com\/index.php\/wp-json\/wp\/v2\/users\/1"}],"replies":[{"embeddable":true,"href":"https:\/\/afsinyedisevin.com\/index.php\/wp-json\/wp\/v2\/comments?post=2754"}],"version-history":[{"count":3,"href":"https:\/\/afsinyedisevin.com\/index.php\/wp-json\/wp\/v2\/posts\/2754\/revisions"}],"predecessor-version":[{"id":2759,"href":"https:\/\/afsinyedisevin.com\/index.php\/wp-json\/wp\/v2\/posts\/2754\/revisions\/2759"}],"wp:featuredmedia":[{"embeddable":true,"href":"https:\/\/afsinyedisevin.com\/index.php\/wp-json\/wp\/v2\/media\/2756"}],"wp:attachment":[{"href":"https:\/\/afsinyedisevin.com\/index.php\/wp-json\/wp\/v2\/media?parent=2754"}],"wp:term":[{"taxonomy":"category","embeddable":true,"href":"https:\/\/afsinyedisevin.com\/index.php\/wp-json\/wp\/v2\/categories?post=2754"},{"taxonomy":"post_tag","embeddable":true,"href":"https:\/\/afsinyedisevin.com\/index.php\/wp-json\/wp\/v2\/tags?post=2754"}],"curies":[{"name":"wp","href":"https:\/\/api.w.org\/{rel}","templated":true}]}}