{"id":2719,"date":"2020-12-04T06:16:11","date_gmt":"2020-12-04T06:16:11","guid":{"rendered":"http:\/\/www.afsinyedisevin.com\/?p=2719"},"modified":"2020-12-04T06:16:11","modified_gmt":"2020-12-04T06:16:11","slug":"bbp-afsin-ilce-baskanligina-hemsehrimiz-koker-atandi","status":"publish","type":"post","link":"https:\/\/afsinyedisevin.com\/index.php\/2020\/12\/04\/bbp-afsin-ilce-baskanligina-hemsehrimiz-koker-atandi\/","title":{"rendered":"BBP Af\u015fin \u0130l\u00e7e Ba\u015fkanl\u0131\u011f\u0131na hem\u015fehrimiz K\u00f6ker atand\u0131!"},"content":{"rendered":"<p><img loading=\"lazy\" decoding=\"async\" class=\"alignnone size-full wp-image-113\" src=\"https:\/\/afsinyedisevin.com\/wp-content\/uploads\/2019\/12\/ahalil.jpg\" alt=\"\" width=\"300\" height=\"194\" srcset=\"https:\/\/afsinyedisevin.com\/wp-content\/uploads\/2019\/12\/ahalil.jpg 300w, https:\/\/afsinyedisevin.com\/wp-content\/uploads\/2019\/12\/ahalil-115x73.jpg 115w\" sizes=\"(max-width: 300px) 100vw, 300px\" \/><img loading=\"lazy\" decoding=\"async\" class=\"alignnone size-full wp-image-2696\" src=\"https:\/\/afsinyedisevin.com\/wp-content\/uploads\/2020\/11\/ALP.jpeg\" alt=\"\" width=\"600\" height=\"343\" srcset=\"https:\/\/afsinyedisevin.com\/wp-content\/uploads\/2020\/11\/ALP.jpeg 600w, https:\/\/afsinyedisevin.com\/wp-content\/uploads\/2020\/11\/ALP-300x172.jpeg 300w\" sizes=\"(max-width: 600px) 100vw, 600px\" \/><\/p>\n<p><img loading=\"lazy\" decoding=\"async\" class=\"alignnone size-full wp-image-2720\" src=\"https:\/\/afsinyedisevin.com\/wp-content\/uploads\/2020\/12\/129444985_2817812308488277_8982889041164817601_n.jpg\" alt=\"\" width=\"720\" height=\"716\" srcset=\"https:\/\/afsinyedisevin.com\/wp-content\/uploads\/2020\/12\/129444985_2817812308488277_8982889041164817601_n.jpg 720w, https:\/\/afsinyedisevin.com\/wp-content\/uploads\/2020\/12\/129444985_2817812308488277_8982889041164817601_n-300x298.jpg 300w, https:\/\/afsinyedisevin.com\/wp-content\/uploads\/2020\/12\/129444985_2817812308488277_8982889041164817601_n-150x150.jpg 150w, https:\/\/afsinyedisevin.com\/wp-content\/uploads\/2020\/12\/129444985_2817812308488277_8982889041164817601_n-215x215.jpg 215w\" sizes=\"(max-width: 720px) 100vw, 720px\" \/><\/p>\n<p style=\"text-align: justify;\"><strong>Ecevit Kavak&#8217;\u0131n istifas\u0131 ile bo\u015falan B\u00fcy\u00fck Birlik Partisi (BBP) Af\u015fin \u0130l\u00e7e Ba\u015fkanl\u0131\u011f\u0131na&nbsp; B\u00fcy\u00fcksevinli \u0130\u015f Adam\u0131 Kenan K\u00f6ker atand\u0131.<\/strong><\/p>\n<p style=\"text-align: justify;\"><strong>B\u00fcy\u00fck Birlik Partisi Genel Merkezinden yap\u0131lan a\u00e7\u0131klamada, &#8220;B\u00fcy\u00fck Birlik Partisi Af\u015fin \u0130l\u00e7e Te\u015fkilat\u0131n\u0131 kurma g\u00f6revi Kenan K\u00f6ker&#8217;e verilmi\u015ftir&#8221; denilirken yeni \u0130l\u00e7e Ba\u015fkan\u0131 sosyal Medya hesab\u0131ndan yapt\u0131\u011f\u0131 a\u00e7\u0131klamada,Muhsin Yaz\u0131c\u0131o\u011flu,\u015eerefle ya\u015fanm\u0131\u015f bir hayat\u0131n \u015fehadetle ta\u00e7lanm\u0131\u015f ad\u0131d\u0131r. O&#8217;nsuz ama Onun yolunda B\u00fcy\u00fck Birlik Partisi Af\u015fin \u0130l\u00e7e Ba\u015fkan\u0131 olarak davaya hizmet edece\u011fiz dedi.<\/strong><\/p>\n<p style=\"text-align: justify;\"><strong>K\u00f6ker, BBP Af\u015fin \u0130l\u00e7e Ba\u015fkanl\u0131\u011f\u0131 i\u00e7in verilen g\u00f6rev s\u00fcrecini de AF\u015e\u0130N HABER&#8217;e anlatt\u0131.<\/strong><\/p>\n<p style=\"text-align: justify;\"><strong>Muhsin YAZICIO\u011eLU nu sevmek demek, onun duru\u015funu s\u00fcrd\u00fcrerek fikirlerini, d\u00fc\u015f\u00fcncelerini iktidar yapmakt\u0131r. kurumsal emaneti olan, B\u00fcy\u00fck Birlik Partisi ve Alperen Ocaklar\u0131na omuz vermektir diyen BBP Af\u015fin \u0130l\u00e7e Ba\u015fkan\u0131 Kenan K\u00f6ker,Bu d\u00fc\u015f\u00fcnceler ile B\u00fcy\u00fck Birlik Partisi Af\u015fin \u0130l\u00e7e Ba\u015fkanl\u0131\u011f\u0131na aday oldum. Gerekli ara\u015ft\u0131rmalar yap\u0131ld\u0131ktan sonra uygun g\u00f6r\u00fclm\u00fc\u015f ve bu kutlu yolda \u015feref&#8217;le ta\u015f\u0131yaca\u011f\u0131m sancak emaneti Kahramanmara\u015f il ba\u015fkan\u0131m\u0131z say\u0131n Bilal Odunk\u0131ran taraf\u0131ndan , taraf\u0131ma teslim edilmi\u015ftir. Bu s\u00fcre\u00e7te desteklerini benden esirgemeyen MKYK \u00dcyesi Say\u0131n \u0130brahim Alag\u00f6z&#8217;e Elbistan il\u00e7e Ba\u015fkan\u0131 Say\u0131n H\u0131d\u0131r Gezer&#8217;e Te\u015fekk\u00fcr ediyor bu davada hep birlikte emanetini ald\u0131\u011f\u0131m\u0131z sanca\u011f\u0131 bir ad\u0131m daha \u00f6teye ta\u015f\u0131ma gayretinde olaca\u011f\u0131m\u0131 t\u00fcm kamuoyuna duyuruyorum dedi.<\/strong><\/p>\n<p style=\"text-align: justify;\"><strong>\u0130l\u00e7emiz Siyasi Camiaya hay\u0131rl\u0131 oldu.<\/strong><\/p>\n","protected":false},"excerpt":{"rendered":"<p>Ecevit Kavak&#8217;\u0131n istifas\u0131 ile bo\u015falan B\u00fcy\u00fck Birlik Partisi (BBP) Af\u015fin \u0130l\u00e7e Ba\u015fkanl\u0131\u011f\u0131na&nbsp; B\u00fcy\u00fcksevinli \u0130\u015f Adam\u0131 Kenan K\u00f6ker atand\u0131. B\u00fcy\u00fck Birlik Partisi Genel Merkezinden yap\u0131lan<\/p>\n","protected":false},"author":1,"featured_media":2721,"comment_status":"open","ping_status":"open","sticky":false,"template":"","format":"standard","meta":{"_jetpack_memberships_contains_paid_content":false,"footnotes":""},"categories":[6,3,1],"tags":[],"class_list":["post-2719","post","type-post","status-publish","format-standard","has-post-thumbnail","hentry","category-buyuk-sevin","category-manset-haber","category-yoremizden"],"jetpack_featured_media_url":"https:\/\/afsinyedisevin.com\/wp-content\/uploads\/2020\/12\/DHg.jpg","jetpack_sharing_enabled":true,"_links":{"self":[{"href":"https:\/\/afsinyedisevin.com\/index.php\/wp-json\/wp\/v2\/posts\/2719","targetHints":{"allow":["GET"]}}],"collection":[{"href":"https:\/\/afsinyedisevin.com\/index.php\/wp-json\/wp\/v2\/posts"}],"about":[{"href":"https:\/\/afsinyedisevin.com\/index.php\/wp-json\/wp\/v2\/types\/post"}],"author":[{"embeddable":true,"href":"https:\/\/afsinyedisevin.com\/index.php\/wp-json\/wp\/v2\/users\/1"}],"replies":[{"embeddable":true,"href":"https:\/\/afsinyedisevin.com\/index.php\/wp-json\/wp\/v2\/comments?post=2719"}],"version-history":[{"count":1,"href":"https:\/\/afsinyedisevin.com\/index.php\/wp-json\/wp\/v2\/posts\/2719\/revisions"}],"predecessor-version":[{"id":2722,"href":"https:\/\/afsinyedisevin.com\/index.php\/wp-json\/wp\/v2\/posts\/2719\/revisions\/2722"}],"wp:featuredmedia":[{"embeddable":true,"href":"https:\/\/afsinyedisevin.com\/index.php\/wp-json\/wp\/v2\/media\/2721"}],"wp:attachment":[{"href":"https:\/\/afsinyedisevin.com\/index.php\/wp-json\/wp\/v2\/media?parent=2719"}],"wp:term":[{"taxonomy":"category","embeddable":true,"href":"https:\/\/afsinyedisevin.com\/index.php\/wp-json\/wp\/v2\/categories?post=2719"},{"taxonomy":"post_tag","embeddable":true,"href":"https:\/\/afsinyedisevin.com\/index.php\/wp-json\/wp\/v2\/tags?post=2719"}],"curies":[{"name":"wp","href":"https:\/\/api.w.org\/{rel}","templated":true}]}}