{"id":2662,"date":"2020-11-26T07:06:26","date_gmt":"2020-11-26T07:06:26","guid":{"rendered":"http:\/\/www.afsinyedisevin.com\/?p=2662"},"modified":"2020-11-26T07:06:26","modified_gmt":"2020-11-26T07:06:26","slug":"basarili-gures-antrenorumuz-soner-ozdemir","status":"publish","type":"post","link":"https:\/\/afsinyedisevin.com\/index.php\/2020\/11\/26\/basarili-gures-antrenorumuz-soner-ozdemir\/","title":{"rendered":"Ba\u015far\u0131l\u0131 G\u00fcre\u015f Antren\u00f6r\u00fcm\u00fcz; &#8220;Soner \u00d6zdemir&#8221;"},"content":{"rendered":"<p style=\"text-align: justify;\"><strong><img loading=\"lazy\" decoding=\"async\" class=\"alignnone size-full wp-image-113\" src=\"https:\/\/afsinyedisevin.com\/wp-content\/uploads\/2019\/12\/ahalil.jpg\" alt=\"\" width=\"300\" height=\"194\" srcset=\"https:\/\/afsinyedisevin.com\/wp-content\/uploads\/2019\/12\/ahalil.jpg 300w, https:\/\/afsinyedisevin.com\/wp-content\/uploads\/2019\/12\/ahalil-115x73.jpg 115w\" sizes=\"(max-width: 300px) 100vw, 300px\" \/><\/strong><\/p>\n<p><img loading=\"lazy\" decoding=\"async\" class=\"alignnone size-full wp-image-2667\" src=\"https:\/\/afsinyedisevin.com\/wp-content\/uploads\/2020\/11\/WhatsApp-Image-2020-11-17-at-18.28.47.jpeg\" alt=\"\" width=\"600\" height=\"513\" srcset=\"https:\/\/afsinyedisevin.com\/wp-content\/uploads\/2020\/11\/WhatsApp-Image-2020-11-17-at-18.28.47.jpeg 600w, https:\/\/afsinyedisevin.com\/wp-content\/uploads\/2020\/11\/WhatsApp-Image-2020-11-17-at-18.28.47-300x257.jpeg 300w\" sizes=\"(max-width: 600px) 100vw, 600px\" \/><\/p>\n<p style=\"text-align: justify;\"><strong>Bug\u00fcn sizlerle Af\u015fin G\u00fcre\u015fine emek vermi\u015f,Ulusal ve Uluslararas\u0131 Arenada minderlere Af\u015fin&#8217;in yi\u011fitlerinin yeti\u015fmesinde emek ve gayreti olan bir G\u00fcre\u015f Antren\u00f6r\u00fcm\u00fcz\u00fc tan\u0131\u015ft\u0131raca\u011f\u0131z. Soner \u00d6zdemir!&nbsp;<\/strong><\/p>\n<p style=\"text-align: justify;\"><strong>1979 y\u0131l\u0131nda Kahramanmara\u015f Af\u015fin il\u00e7esi K\u0131z\u0131lkaya mezar\u0131nda d\u00fcnyaya geldi. <\/strong><\/p>\n<p style=\"text-align: justify;\"><strong>ilk\u00f6\u011fretim 4. s\u0131n\u0131fa kadar K\u0131z\u0131lkaya&#8217;da son seneyi Af\u015fin Efsus ilk\u00f6\u011fretim okulunda tamamlayarak buradan mezun oldu. Orta \u00f6\u011frenimim, TEK orta okulu, lise \u00f6\u011fretimini Kahramanmara\u015f Spor Lisesi, Y\u00fcksek \u00f6\u011frenimini SAMSUN Ondokuz May\u0131s \u00dcniversitesi Ya\u015far Do\u011fu Beden E\u011fitimi ve Spor \u00d6\u011fretmenli\u011finde tamamlad\u0131.<\/strong><\/p>\n<p style=\"text-align: justify;\"><strong>30.06.200-25.06.2012 tarihleri aras\u0131nda \u0130lk \u00f6\u011fretmenlik hayat\u0131 Elbistan demircilik ilk\u00f6\u011fretim okulunda ba\u015flad\u0131. Daha sonra s\u0131rayla&nbsp; Altunelma \u00c7ok programl\u0131 lisesi, Da\u011fl\u0131ca Ke\u015firlik ilk\u00f6\u011fretim okulu, Af\u015fin \u00d6zel Bilgi ilk \u00f6\u011fretim okulunda \u00fccretli \u00f6\u011fretmen olarak g\u00f6rev yapt\u0131. <\/strong><\/p>\n<p style=\"text-align: justify;\"><strong>2012-2016 y\u0131llar\u0131 aras\u0131nda Ankara \u00c7ubuk il\u00e7esi Barbaros ilk\u00f6\u011fretim okulu, \u00c7ubuk ilk\u00f6\u011fretim okulu, Y\u0131ld\u0131r\u0131m Beyaz\u0131t ilk\u00f6\u011fretim okulu, \u00d6zel Y\u00fckselen Kolejinde g\u00f6rev yapt\u0131. <\/strong><\/p>\n<p style=\"text-align: justify;\"><strong>2016 y\u0131l\u0131nda Gen\u00e7lik ve Spor Bakanl\u0131\u011f\u0131 \u015e\u0131rnak Gen\u00e7lik hizmetleri il m\u00fcd\u00fcrl\u00fc\u011f\u00fcnde Y\u00fczme Antren\u00f6r\u00fc olarak 2 y\u0131l g\u00f6rev yapt\u0131.<\/strong><\/p>\n<p style=\"text-align: justify;\"><strong> 2018 y\u0131l\u0131nda Kahramanmara\u015f Gen\u00e7lik Spor il m\u00fcd\u00fcrl\u00fc\u011f\u00fcnde Y\u00fczme antren\u00f6r\u00fc olarak g\u00f6rev ald\u0131.<\/strong><\/p>\n<p style=\"text-align: justify;\"><strong> 2019 y\u0131l\u0131ndan bu yana ise Af\u015fin Gen\u00e7lik Spor il\u00e7e m\u00fcd\u00fcrl\u00fc\u011f\u00fcnde G\u00fcre\u015f Antren\u00f6r\u00fc olarak g\u00f6rev yapmaktad\u0131r.<\/strong><\/p>\n<p style=\"text-align: justify;\"><strong>Hem\u015fehrimize kolayl\u0131klar diliyoruz.<\/strong><\/p>\n<p style=\"text-align: justify;\"><img loading=\"lazy\" decoding=\"async\" class=\"alignnone size-full wp-image-2664\" src=\"https:\/\/afsinyedisevin.com\/wp-content\/uploads\/2020\/11\/WhatsApp-Image-2020-11-17-at-18.24.00.jpeg\" alt=\"\" width=\"600\" height=\"388\" srcset=\"https:\/\/afsinyedisevin.com\/wp-content\/uploads\/2020\/11\/WhatsApp-Image-2020-11-17-at-18.24.00.jpeg 600w, https:\/\/afsinyedisevin.com\/wp-content\/uploads\/2020\/11\/WhatsApp-Image-2020-11-17-at-18.24.00-300x194.jpeg 300w, https:\/\/afsinyedisevin.com\/wp-content\/uploads\/2020\/11\/WhatsApp-Image-2020-11-17-at-18.24.00-115x73.jpeg 115w\" sizes=\"(max-width: 600px) 100vw, 600px\" \/> <img loading=\"lazy\" decoding=\"async\" class=\"alignnone size-full wp-image-2665\" src=\"https:\/\/afsinyedisevin.com\/wp-content\/uploads\/2020\/11\/WhatsApp-Image-2020-11-17-at-18.25.30.jpeg\" alt=\"\" width=\"600\" height=\"508\" srcset=\"https:\/\/afsinyedisevin.com\/wp-content\/uploads\/2020\/11\/WhatsApp-Image-2020-11-17-at-18.25.30.jpeg 600w, https:\/\/afsinyedisevin.com\/wp-content\/uploads\/2020\/11\/WhatsApp-Image-2020-11-17-at-18.25.30-300x254.jpeg 300w\" sizes=\"(max-width: 600px) 100vw, 600px\" \/> <img loading=\"lazy\" decoding=\"async\" class=\"alignnone size-full wp-image-2666\" src=\"https:\/\/afsinyedisevin.com\/wp-content\/uploads\/2020\/11\/WhatsApp-Image-2020-11-17-at-18.25.56.jpeg\" alt=\"\" width=\"600\" height=\"367\" srcset=\"https:\/\/afsinyedisevin.com\/wp-content\/uploads\/2020\/11\/WhatsApp-Image-2020-11-17-at-18.25.56.jpeg 600w, https:\/\/afsinyedisevin.com\/wp-content\/uploads\/2020\/11\/WhatsApp-Image-2020-11-17-at-18.25.56-300x184.jpeg 300w\" sizes=\"(max-width: 600px) 100vw, 600px\" \/><\/p>\n","protected":false},"excerpt":{"rendered":"<p>Bug\u00fcn sizlerle Af\u015fin G\u00fcre\u015fine emek vermi\u015f,Ulusal ve Uluslararas\u0131 Arenada minderlere Af\u015fin&#8217;in yi\u011fitlerinin yeti\u015fmesinde emek ve gayreti olan bir G\u00fcre\u015f Antren\u00f6r\u00fcm\u00fcz\u00fc tan\u0131\u015ft\u0131raca\u011f\u0131z. Soner \u00d6zdemir!&nbsp; 1979<\/p>\n","protected":false},"author":1,"featured_media":2663,"comment_status":"open","ping_status":"open","sticky":false,"template":"","format":"standard","meta":{"_jetpack_memberships_contains_paid_content":false,"footnotes":""},"categories":[6,29,3,1],"tags":[],"class_list":["post-2662","post","type-post","status-publish","format-standard","has-post-thumbnail","hentry","category-buyuk-sevin","category-kizilkaya","category-manset-haber","category-yoremizden"],"jetpack_featured_media_url":"https:\/\/afsinyedisevin.com\/wp-content\/uploads\/2020\/11\/SRYU.jpg","jetpack_sharing_enabled":true,"_links":{"self":[{"href":"https:\/\/afsinyedisevin.com\/index.php\/wp-json\/wp\/v2\/posts\/2662","targetHints":{"allow":["GET"]}}],"collection":[{"href":"https:\/\/afsinyedisevin.com\/index.php\/wp-json\/wp\/v2\/posts"}],"about":[{"href":"https:\/\/afsinyedisevin.com\/index.php\/wp-json\/wp\/v2\/types\/post"}],"author":[{"embeddable":true,"href":"https:\/\/afsinyedisevin.com\/index.php\/wp-json\/wp\/v2\/users\/1"}],"replies":[{"embeddable":true,"href":"https:\/\/afsinyedisevin.com\/index.php\/wp-json\/wp\/v2\/comments?post=2662"}],"version-history":[{"count":1,"href":"https:\/\/afsinyedisevin.com\/index.php\/wp-json\/wp\/v2\/posts\/2662\/revisions"}],"predecessor-version":[{"id":2668,"href":"https:\/\/afsinyedisevin.com\/index.php\/wp-json\/wp\/v2\/posts\/2662\/revisions\/2668"}],"wp:featuredmedia":[{"embeddable":true,"href":"https:\/\/afsinyedisevin.com\/index.php\/wp-json\/wp\/v2\/media\/2663"}],"wp:attachment":[{"href":"https:\/\/afsinyedisevin.com\/index.php\/wp-json\/wp\/v2\/media?parent=2662"}],"wp:term":[{"taxonomy":"category","embeddable":true,"href":"https:\/\/afsinyedisevin.com\/index.php\/wp-json\/wp\/v2\/categories?post=2662"},{"taxonomy":"post_tag","embeddable":true,"href":"https:\/\/afsinyedisevin.com\/index.php\/wp-json\/wp\/v2\/tags?post=2662"}],"curies":[{"name":"wp","href":"https:\/\/api.w.org\/{rel}","templated":true}]}}