{"id":2649,"date":"2020-11-24T12:04:06","date_gmt":"2020-11-24T12:04:06","guid":{"rendered":"http:\/\/www.afsinyedisevin.com\/?p=2649"},"modified":"2020-11-24T12:04:06","modified_gmt":"2020-11-24T12:04:06","slug":"2009-yili-afsin-baspehlivanindan-haber-merkezine-ziyaret","status":"publish","type":"post","link":"https:\/\/afsinyedisevin.com\/index.php\/2020\/11\/24\/2009-yili-afsin-baspehlivanindan-haber-merkezine-ziyaret\/","title":{"rendered":"2009 Y\u0131l\u0131 Af\u015fin Ba\u015fpehlivan\u0131ndan Haber Merkezine ziyaret!"},"content":{"rendered":"<p style=\"text-align: justify;\"><strong><img loading=\"lazy\" decoding=\"async\" class=\"alignnone size-full wp-image-2532\" src=\"https:\/\/afsinyedisevin.com\/wp-content\/uploads\/2020\/11\/ahab.jpg\" alt=\"\" width=\"300\" height=\"194\" srcset=\"https:\/\/afsinyedisevin.com\/wp-content\/uploads\/2020\/11\/ahab.jpg 300w, https:\/\/afsinyedisevin.com\/wp-content\/uploads\/2020\/11\/ahab-115x73.jpg 115w\" sizes=\"(max-width: 300px) 100vw, 300px\" \/><\/strong><\/p>\n<p><img loading=\"lazy\" decoding=\"async\" class=\"alignnone size-full wp-image-2651\" src=\"https:\/\/afsinyedisevin.com\/wp-content\/uploads\/2020\/11\/IMG_8824.jpg\" alt=\"\" width=\"600\" height=\"426\" srcset=\"https:\/\/afsinyedisevin.com\/wp-content\/uploads\/2020\/11\/IMG_8824.jpg 600w, https:\/\/afsinyedisevin.com\/wp-content\/uploads\/2020\/11\/IMG_8824-300x213.jpg 300w\" sizes=\"(max-width: 600px) 100vw, 600px\" \/><\/p>\n<p style=\"text-align: justify;\"><strong>2009&nbsp; y\u0131l\u0131 Af\u015fin Ba\u015fpehlivan\u0131 hem\u015fehrimiz Mustafa \u00d6zdemir, Af\u015fin Merkez Yay\u0131n Grubunu ziyaret etti.<\/strong><\/p>\n<p style=\"text-align: justify;\"><strong>Af\u015fin Merkez Yay\u0131n Grubuna Hay\u0131rl\u0131 Olsun ziyaretinde bulunan \u00d6zdemir, Genel Yay\u0131n Y\u00f6netmeni Halil Demir&#8217;de Bas\u0131n,Yay\u0131n ve Habercilik alanlar\u0131nda ki faaliyetlere ili\u015fkin bilgi ald\u0131.<\/strong><\/p>\n<p style=\"text-align: justify;\"><strong>Aslen B\u00fcy\u00fcksevin Mahallesinden olup Af\u015fin&#8217;de ikamet eden Mustafa \u00d6zdemir,1982 y\u0131l\u0131nda Y\u0131ld\u0131zlarda Avrupa \u0130kincisi, \u0130l\u00e7emiz Af\u015fin&#8217;de \u00e7eyrek as\u0131rd\u0131r devam eden Af\u015fin Karakucak g\u00fcre\u015flerinde 9 y\u0131l boyunca kendi kilosunda Birinci, 2009&nbsp; y\u0131l\u0131nda da Ba\u015fpehlivan olmu\u015ftu.<\/strong><\/p>\n<p style=\"text-align: justify;\"><strong>Halen E\u00dcA\u015e b\u00fcnyesinde g\u00f6rev yapan \u00d6zdemir,Af\u015fin Merkez Yay\u0131n Grubunun faaliyet alanlar\u0131n\u0131n harikulade bir mekan oldu\u011funu belirterek yay\u0131nlar\u0131m\u0131zda ba\u015far\u0131lar diledi.<\/strong><\/p>\n<p style=\"text-align: justify;\"><strong>Af\u015fin Merkez Yay\u0131n Grubu Genel Yay\u0131n Y\u00f6netmeni Halil Demir&#8217;de ziyaretten duydu\u011fu memnuniyeti ifade ederek te\u015fekk\u00fcr etti.<\/strong><\/p>\n<p style=\"text-align: justify;\">&nbsp;<\/p>\n","protected":false},"excerpt":{"rendered":"<p>2009&nbsp; y\u0131l\u0131 Af\u015fin Ba\u015fpehlivan\u0131 hem\u015fehrimiz Mustafa \u00d6zdemir, Af\u015fin Merkez Yay\u0131n Grubunu ziyaret etti. Af\u015fin Merkez Yay\u0131n Grubuna Hay\u0131rl\u0131 Olsun ziyaretinde bulunan \u00d6zdemir, Genel Yay\u0131n<\/p>\n","protected":false},"author":1,"featured_media":2652,"comment_status":"open","ping_status":"open","sticky":false,"template":"","format":"standard","meta":{"_jetpack_memberships_contains_paid_content":false,"footnotes":""},"categories":[6,3,1],"tags":[],"class_list":["post-2649","post","type-post","status-publish","format-standard","has-post-thumbnail","hentry","category-buyuk-sevin","category-manset-haber","category-yoremizden"],"jetpack_featured_media_url":"https:\/\/afsinyedisevin.com\/wp-content\/uploads\/2020\/11\/IMG_8824y.jpg","jetpack_sharing_enabled":true,"_links":{"self":[{"href":"https:\/\/afsinyedisevin.com\/index.php\/wp-json\/wp\/v2\/posts\/2649","targetHints":{"allow":["GET"]}}],"collection":[{"href":"https:\/\/afsinyedisevin.com\/index.php\/wp-json\/wp\/v2\/posts"}],"about":[{"href":"https:\/\/afsinyedisevin.com\/index.php\/wp-json\/wp\/v2\/types\/post"}],"author":[{"embeddable":true,"href":"https:\/\/afsinyedisevin.com\/index.php\/wp-json\/wp\/v2\/users\/1"}],"replies":[{"embeddable":true,"href":"https:\/\/afsinyedisevin.com\/index.php\/wp-json\/wp\/v2\/comments?post=2649"}],"version-history":[{"count":2,"href":"https:\/\/afsinyedisevin.com\/index.php\/wp-json\/wp\/v2\/posts\/2649\/revisions"}],"predecessor-version":[{"id":2653,"href":"https:\/\/afsinyedisevin.com\/index.php\/wp-json\/wp\/v2\/posts\/2649\/revisions\/2653"}],"wp:featuredmedia":[{"embeddable":true,"href":"https:\/\/afsinyedisevin.com\/index.php\/wp-json\/wp\/v2\/media\/2652"}],"wp:attachment":[{"href":"https:\/\/afsinyedisevin.com\/index.php\/wp-json\/wp\/v2\/media?parent=2649"}],"wp:term":[{"taxonomy":"category","embeddable":true,"href":"https:\/\/afsinyedisevin.com\/index.php\/wp-json\/wp\/v2\/categories?post=2649"},{"taxonomy":"post_tag","embeddable":true,"href":"https:\/\/afsinyedisevin.com\/index.php\/wp-json\/wp\/v2\/tags?post=2649"}],"curies":[{"name":"wp","href":"https:\/\/api.w.org\/{rel}","templated":true}]}}