{"id":2522,"date":"2020-11-12T05:42:42","date_gmt":"2020-11-12T05:42:42","guid":{"rendered":"http:\/\/www.afsinyedisevin.com\/?p=2522"},"modified":"2020-11-12T05:42:42","modified_gmt":"2020-11-12T05:42:42","slug":"hemsehrimiz-idris-cihani-taniyalim","status":"publish","type":"post","link":"https:\/\/afsinyedisevin.com\/index.php\/2020\/11\/12\/hemsehrimiz-idris-cihani-taniyalim\/","title":{"rendered":"Hem\u015fehrimiz \u0130dris Cihan&#8217;\u0131 tan\u0131yal\u0131m!"},"content":{"rendered":"<p style=\"text-align: justify;\"><strong><img loading=\"lazy\" decoding=\"async\" class=\"alignnone size-full wp-image-113\" src=\"https:\/\/afsinyedisevin.com\/wp-content\/uploads\/2019\/12\/ahalil.jpg\" alt=\"\" width=\"300\" height=\"194\" srcset=\"https:\/\/afsinyedisevin.com\/wp-content\/uploads\/2019\/12\/ahalil.jpg 300w, https:\/\/afsinyedisevin.com\/wp-content\/uploads\/2019\/12\/ahalil-115x73.jpg 115w\" sizes=\"(max-width: 300px) 100vw, 300px\" \/><\/strong><\/p>\n<p><img loading=\"lazy\" decoding=\"async\" class=\"alignnone size-full wp-image-2525\" src=\"https:\/\/afsinyedisevin.com\/wp-content\/uploads\/2020\/11\/WhatsApp-Image-2020-11-11-at-22.30.54.jpeg\" alt=\"\" width=\"600\" height=\"450\" srcset=\"https:\/\/afsinyedisevin.com\/wp-content\/uploads\/2020\/11\/WhatsApp-Image-2020-11-11-at-22.30.54.jpeg 600w, https:\/\/afsinyedisevin.com\/wp-content\/uploads\/2020\/11\/WhatsApp-Image-2020-11-11-at-22.30.54-300x225.jpeg 300w\" sizes=\"(max-width: 600px) 100vw, 600px\" \/><\/p>\n<p style=\"text-align: justify;\"><strong>Yedisevin Haber olarak Sevin y\u00f6resinden hem\u015fehrilerimizi sizlerle tan\u0131\u015ft\u0131rmaya devam ediyoruz.Bug\u00fcn sizlerle bulu\u015fturdu\u011fumuz hem\u015fehrimiz Kahramanmara\u015f Necip Faz\u0131l \u015eehir Hastanesi b\u00fcnyesinde bulunan Kad\u0131n Do\u011fum ve \u00c7ocuk Hastanesi Ek hizmet Binas\u0131nda Covid-19 Yo\u011fun Bak\u0131mda g\u00f6rev yapan hem\u015fehrimiz \u0130dris Cihan.<\/strong><\/p>\n<p style=\"text-align: justify;\"><strong>Mesle\u011finin yan\u0131 s\u0131ra \u00f6zellikle de Yurt d\u0131\u015f\u0131nda olmak \u00fczere bir \u00e7ok etkinliklere g\u00f6n\u00fcll\u00fc olarak kat\u0131larak insanl\u0131\u011fa hizmet eden hem\u015fehrimiz \u0130dris Cihan,B\u00fcy\u00fcksevin&#8217;den Kerimler kabilesinin Karaosman lakab\u0131yla An\u0131lan Osman Cihan&#8217;\u0131n torunu,Serdar &#8211; Sultan Cihan&#8217;\u0131n o\u011fludur.<\/strong><\/p>\n<p style=\"text-align: justify;\"><strong>\u0130dris Cihan,&nbsp; 1980 Af\u015fin do\u011fumlu.ilkokul, ortaokul ve liseyi Af\u015fin&#8217;de tamamlad\u0131.Lise Sa\u011fl\u0131k Meslek olarak 1997 y\u0131l\u0131nda mezun olduktan sonra Kocaeli \u00fcniversitesi i\u015f sa\u011fl\u0131\u011f\u0131 ve i\u015f g\u00fcvenli\u011fi b\u00f6l\u00fcm\u00fcn\u00fc 2003&#8217;te bitirdi.Lisans olarak iktisat b\u00f6l\u00fcm\u00fcn\u00fc 2009 y\u0131l\u0131nda bitirdi. Soyak Holding (in\u015faat B\u00f6l\u00fcm\u00fc ) ve A\u011fao\u011flu \u0130n\u015faat ,Vestel Elektronikte (Manisa) i\u015f sa\u011fl\u0131\u011f\u0131 ve i\u015f g\u00fcvenli\u011fi koordinat\u00f6r\u00fc olarak g\u00f6rev ald\u0131ktan sonra Sa\u011fl\u0131k Bakanl\u0131\u011f\u0131 b\u00fcnyesine atamas\u0131 yap\u0131ld\u0131. \u0130stanbul ,\u015eanl\u0131urfa ,Aksaray illerinde Devlet Hastanelerinde sa\u011fl\u0131k\u00e7\u0131 olarak g\u00f6revini yapt\u0131ktan sonra Memleketi Kahramanmara\u015f&#8217;a tayin oldu. Kahramanmara\u015f Necip Faz\u0131l \u015eehir Hastanesi b\u00fcnyesinde bulunan Kad\u0131n Do\u011fum ve \u00c7ocuk Hastanesi Ek hizmet Binas\u0131nda Covid-19 Yo\u011fun Bak\u0131mda g\u00f6revini yapmaktad\u0131r.<\/strong><\/p>\n<p style=\"text-align: justify;\"><strong>Ayr\u0131ca Necip Faz\u0131l \u015eehir Hastanesi b\u00fcnyesinde \u0130\u015f G\u00fcvenli\u011fi Uzman\u0131 s\u00f6zle\u015fme imzalayarak uzmanl\u0131\u011f\u0131n\u0131 da yapmaktad\u0131r.<\/strong><\/p>\n<p style=\"text-align: justify;\"><strong>Sa\u011fl\u0131k Bakanl\u0131\u011f\u0131 b\u00fcnyesinde birim sorumluklar\u0131 ve yurt d\u0131\u015f\u0131 olarak ; Banglade\u015fh Te Turk\u0131sh field Hospital hastanesinde \u00fclkemizi temsilen Arakanl\u0131 M\u00fcsl\u00fcman karde\u015flerimize hizmet etti. Cihan, evli ve 2 \u00e7ocuk babas\u0131d\u0131r.<\/strong><\/p>\n<p style=\"text-align: justify;\"><strong>Zor zamanda ve zor \u015fartlar alt\u0131nda g\u00f6revini severek yapan hem\u015fehrimize g\u00f6revinde ba\u015far\u0131lar temenni ediyoruz.<\/strong><\/p>\n<p><img loading=\"lazy\" decoding=\"async\" class=\"alignnone size-full wp-image-2529\" src=\"https:\/\/afsinyedisevin.com\/wp-content\/uploads\/2020\/11\/WhatsApp-Image-2020-11-11-at-23.07.48.jpeg\" alt=\"\" width=\"600\" height=\"600\" srcset=\"https:\/\/afsinyedisevin.com\/wp-content\/uploads\/2020\/11\/WhatsApp-Image-2020-11-11-at-23.07.48.jpeg 600w, https:\/\/afsinyedisevin.com\/wp-content\/uploads\/2020\/11\/WhatsApp-Image-2020-11-11-at-23.07.48-300x300.jpeg 300w, https:\/\/afsinyedisevin.com\/wp-content\/uploads\/2020\/11\/WhatsApp-Image-2020-11-11-at-23.07.48-150x150.jpeg 150w, https:\/\/afsinyedisevin.com\/wp-content\/uploads\/2020\/11\/WhatsApp-Image-2020-11-11-at-23.07.48-215x215.jpeg 215w\" sizes=\"(max-width: 600px) 100vw, 600px\" \/><\/p>\n<p style=\"text-align: justify;\"><img loading=\"lazy\" decoding=\"async\" class=\"alignnone size-full wp-image-2524\" src=\"https:\/\/afsinyedisevin.com\/wp-content\/uploads\/2020\/11\/WhatsApp-Image-2020-11-11-at-22.30.53.jpeg\" alt=\"\" width=\"600\" height=\"450\" srcset=\"https:\/\/afsinyedisevin.com\/wp-content\/uploads\/2020\/11\/WhatsApp-Image-2020-11-11-at-22.30.53.jpeg 600w, https:\/\/afsinyedisevin.com\/wp-content\/uploads\/2020\/11\/WhatsApp-Image-2020-11-11-at-22.30.53-300x225.jpeg 300w\" sizes=\"(max-width: 600px) 100vw, 600px\" \/> <img loading=\"lazy\" decoding=\"async\" class=\"alignnone size-full wp-image-2526\" src=\"https:\/\/afsinyedisevin.com\/wp-content\/uploads\/2020\/11\/WhatsApp-Image-2020-11-11-at-22.30.56.jpeg\" alt=\"\" width=\"600\" height=\"424\" srcset=\"https:\/\/afsinyedisevin.com\/wp-content\/uploads\/2020\/11\/WhatsApp-Image-2020-11-11-at-22.30.56.jpeg 600w, https:\/\/afsinyedisevin.com\/wp-content\/uploads\/2020\/11\/WhatsApp-Image-2020-11-11-at-22.30.56-300x212.jpeg 300w\" sizes=\"(max-width: 600px) 100vw, 600px\" \/> <img loading=\"lazy\" decoding=\"async\" class=\"alignnone size-full wp-image-2527\" src=\"https:\/\/afsinyedisevin.com\/wp-content\/uploads\/2020\/11\/WhatsApp-Image-2020-11-11-at-22.30.57.jpeg\" alt=\"\" width=\"600\" height=\"462\" srcset=\"https:\/\/afsinyedisevin.com\/wp-content\/uploads\/2020\/11\/WhatsApp-Image-2020-11-11-at-22.30.57.jpeg 600w, https:\/\/afsinyedisevin.com\/wp-content\/uploads\/2020\/11\/WhatsApp-Image-2020-11-11-at-22.30.57-300x231.jpeg 300w, https:\/\/afsinyedisevin.com\/wp-content\/uploads\/2020\/11\/WhatsApp-Image-2020-11-11-at-22.30.57-345x265.jpeg 345w\" sizes=\"(max-width: 600px) 100vw, 600px\" \/> <img loading=\"lazy\" decoding=\"async\" class=\"alignnone size-full wp-image-2528\" src=\"https:\/\/afsinyedisevin.com\/wp-content\/uploads\/2020\/11\/WhatsApp-Image-2020-11-11-at-23.07.30.jpeg\" alt=\"\" width=\"600\" height=\"600\" srcset=\"https:\/\/afsinyedisevin.com\/wp-content\/uploads\/2020\/11\/WhatsApp-Image-2020-11-11-at-23.07.30.jpeg 600w, https:\/\/afsinyedisevin.com\/wp-content\/uploads\/2020\/11\/WhatsApp-Image-2020-11-11-at-23.07.30-300x300.jpeg 300w, https:\/\/afsinyedisevin.com\/wp-content\/uploads\/2020\/11\/WhatsApp-Image-2020-11-11-at-23.07.30-150x150.jpeg 150w, https:\/\/afsinyedisevin.com\/wp-content\/uploads\/2020\/11\/WhatsApp-Image-2020-11-11-at-23.07.30-215x215.jpeg 215w\" sizes=\"(max-width: 600px) 100vw, 600px\" \/><\/p>\n","protected":false},"excerpt":{"rendered":"<p>Yedisevin Haber olarak Sevin y\u00f6resinden hem\u015fehrilerimizi sizlerle tan\u0131\u015ft\u0131rmaya devam ediyoruz.Bug\u00fcn sizlerle bulu\u015fturdu\u011fumuz hem\u015fehrimiz Kahramanmara\u015f Necip Faz\u0131l \u015eehir Hastanesi b\u00fcnyesinde bulunan Kad\u0131n Do\u011fum ve \u00c7ocuk<\/p>\n","protected":false},"author":1,"featured_media":2523,"comment_status":"open","ping_status":"open","sticky":false,"template":"","format":"standard","meta":{"_jetpack_memberships_contains_paid_content":false,"footnotes":""},"categories":[6,27,3,1],"tags":[],"class_list":["post-2522","post","type-post","status-publish","format-standard","has-post-thumbnail","hentry","category-buyuk-sevin","category-gurbetteki-sevinliler","category-manset-haber","category-yoremizden"],"jetpack_featured_media_url":"https:\/\/afsinyedisevin.com\/wp-content\/uploads\/2020\/11\/Arka-plan-fotolariT.jpg","jetpack_sharing_enabled":true,"_links":{"self":[{"href":"https:\/\/afsinyedisevin.com\/index.php\/wp-json\/wp\/v2\/posts\/2522","targetHints":{"allow":["GET"]}}],"collection":[{"href":"https:\/\/afsinyedisevin.com\/index.php\/wp-json\/wp\/v2\/posts"}],"about":[{"href":"https:\/\/afsinyedisevin.com\/index.php\/wp-json\/wp\/v2\/types\/post"}],"author":[{"embeddable":true,"href":"https:\/\/afsinyedisevin.com\/index.php\/wp-json\/wp\/v2\/users\/1"}],"replies":[{"embeddable":true,"href":"https:\/\/afsinyedisevin.com\/index.php\/wp-json\/wp\/v2\/comments?post=2522"}],"version-history":[{"count":1,"href":"https:\/\/afsinyedisevin.com\/index.php\/wp-json\/wp\/v2\/posts\/2522\/revisions"}],"predecessor-version":[{"id":2530,"href":"https:\/\/afsinyedisevin.com\/index.php\/wp-json\/wp\/v2\/posts\/2522\/revisions\/2530"}],"wp:featuredmedia":[{"embeddable":true,"href":"https:\/\/afsinyedisevin.com\/index.php\/wp-json\/wp\/v2\/media\/2523"}],"wp:attachment":[{"href":"https:\/\/afsinyedisevin.com\/index.php\/wp-json\/wp\/v2\/media?parent=2522"}],"wp:term":[{"taxonomy":"category","embeddable":true,"href":"https:\/\/afsinyedisevin.com\/index.php\/wp-json\/wp\/v2\/categories?post=2522"},{"taxonomy":"post_tag","embeddable":true,"href":"https:\/\/afsinyedisevin.com\/index.php\/wp-json\/wp\/v2\/tags?post=2522"}],"curies":[{"name":"wp","href":"https:\/\/api.w.org\/{rel}","templated":true}]}}