{"id":2482,"date":"2020-11-07T10:05:44","date_gmt":"2020-11-07T10:05:44","guid":{"rendered":"http:\/\/www.afsinyedisevin.com\/?p=2482"},"modified":"2020-11-07T10:06:33","modified_gmt":"2020-11-07T10:06:33","slug":"sevinlilerin-cok-sevdigi-mehmet-hoca-vefat-etti","status":"publish","type":"post","link":"https:\/\/afsinyedisevin.com\/index.php\/2020\/11\/07\/sevinlilerin-cok-sevdigi-mehmet-hoca-vefat-etti\/","title":{"rendered":"Sevinlilerin \u00e7ok sevdi\u011fi Mehmet Hoca vefat etti!"},"content":{"rendered":"<p style=\"text-align: justify;\"><strong><img loading=\"lazy\" decoding=\"async\" class=\"alignnone size-full wp-image-113\" src=\"https:\/\/afsinyedisevin.com\/wp-content\/uploads\/2019\/12\/ahalil.jpg\" alt=\"\" width=\"300\" height=\"194\" srcset=\"https:\/\/afsinyedisevin.com\/wp-content\/uploads\/2019\/12\/ahalil.jpg 300w, https:\/\/afsinyedisevin.com\/wp-content\/uploads\/2019\/12\/ahalil-115x73.jpg 115w\" sizes=\"(max-width: 300px) 100vw, 300px\" \/><\/strong><\/p>\n<p><img loading=\"lazy\" decoding=\"async\" class=\"alignnone size-full wp-image-2485\" src=\"https:\/\/afsinyedisevin.com\/wp-content\/uploads\/2020\/11\/yedisevin-1024x232yu.jpg\" alt=\"\" width=\"400\" height=\"232\" srcset=\"https:\/\/afsinyedisevin.com\/wp-content\/uploads\/2020\/11\/yedisevin-1024x232yu.jpg 400w, https:\/\/afsinyedisevin.com\/wp-content\/uploads\/2020\/11\/yedisevin-1024x232yu-300x174.jpg 300w\" sizes=\"(max-width: 400px) 100vw, 400px\" \/><\/p>\n<p style=\"text-align: justify;\"><strong>Hatay&#8217;\u0131n D\u00f6rtyol \u0130l\u00e7esinden Emekli \u0130mam-Hatip Mehmet Tuygun vefat etti.&nbsp;<\/strong><\/p>\n<p style=\"text-align: justify;\"><strong>1980&#8217;li y\u0131llarda \u0130l\u00e7emiz Af\u015fin&#8217;e ba\u011fl\u0131 Sevin\/\u00d6renderesi mahallesinde \u0130mam-Hatip olarak g\u00f6rev yapan ancak aradan ge\u00e7en bunca zamana ra\u011fmen bu y\u00f6reyi ve insan\u0131m\u0131z\u0131 unutmayan Emekli \u0130mam-Hatip Mehmet Tuygun vefat etti.<\/strong><\/p>\n<p style=\"text-align: justify;\"><strong>Aradan y\u0131llar ge\u00e7se de g\u00f6rev yapt\u0131\u011f\u0131 bu topraklar\u0131 ve birlikte ekmek yiyip suyunu i\u00e7ti\u011fi insan\u0131m\u0131z\u0131 unutmayan hemen her yaz bu y\u00f6rede ya\u015fayan insanlar\u0131 g\u00f6rmeye gelen Emekli \u0130mam-Hatip Mehmet Tuygun&#8217;un cenazesi \u00f6nce ki g\u00fcn Hatay&#8217;\u0131n D\u00f6rtyol \u0130l\u00e7esinde k\u0131l\u0131nan cenaze namaz\u0131n\u0131n ard\u0131ndan topra\u011fa verildi.<\/strong><\/p>\n<p style=\"text-align: justify;\"><strong>Mehmet Tuygun hocam\u0131za Allah (cc)&#8217;tan rahmet,geride kalanlar\u0131na sabr-\u0131 cemil niyaz ediyoruz.<\/strong><\/p>\n<p style=\"text-align: justify;\"><strong>Biz O&#8217;ndan raz\u0131 idik,Allah\u00fcteala da raz\u0131 olsun in\u015faallah.<\/strong><\/p>\n<p style=\"text-align: justify;\"><img loading=\"lazy\" decoding=\"async\" class=\"alignnone size-full wp-image-2483\" src=\"https:\/\/afsinyedisevin.com\/wp-content\/uploads\/2020\/11\/IMG_8998.jpg\" alt=\"\" width=\"600\" height=\"406\" srcset=\"https:\/\/afsinyedisevin.com\/wp-content\/uploads\/2020\/11\/IMG_8998.jpg 600w, https:\/\/afsinyedisevin.com\/wp-content\/uploads\/2020\/11\/IMG_8998-300x203.jpg 300w\" sizes=\"(max-width: 600px) 100vw, 600px\" \/><\/p>\n","protected":false},"excerpt":{"rendered":"<p>Hatay&#8217;\u0131n D\u00f6rtyol \u0130l\u00e7esinden Emekli \u0130mam-Hatip Mehmet Tuygun vefat etti.&nbsp; 1980&#8217;li y\u0131llarda \u0130l\u00e7emiz Af\u015fin&#8217;e ba\u011fl\u0131 Sevin\/\u00d6renderesi mahallesinde \u0130mam-Hatip olarak g\u00f6rev yapan ancak aradan ge\u00e7en bunca<\/p>\n","protected":false},"author":1,"featured_media":2484,"comment_status":"open","ping_status":"open","sticky":false,"template":"","format":"standard","meta":{"_jetpack_memberships_contains_paid_content":false,"footnotes":""},"categories":[27,3,10,4,1],"tags":[],"class_list":["post-2482","post","type-post","status-publish","format-standard","has-post-thumbnail","hentry","category-gurbetteki-sevinliler","category-manset-haber","category-orenderesi","category-vefatlar","category-yoremizden"],"jetpack_featured_media_url":"https:\/\/afsinyedisevin.com\/wp-content\/uploads\/2020\/11\/IMG_8998NHY.jpg","jetpack_sharing_enabled":true,"_links":{"self":[{"href":"https:\/\/afsinyedisevin.com\/index.php\/wp-json\/wp\/v2\/posts\/2482","targetHints":{"allow":["GET"]}}],"collection":[{"href":"https:\/\/afsinyedisevin.com\/index.php\/wp-json\/wp\/v2\/posts"}],"about":[{"href":"https:\/\/afsinyedisevin.com\/index.php\/wp-json\/wp\/v2\/types\/post"}],"author":[{"embeddable":true,"href":"https:\/\/afsinyedisevin.com\/index.php\/wp-json\/wp\/v2\/users\/1"}],"replies":[{"embeddable":true,"href":"https:\/\/afsinyedisevin.com\/index.php\/wp-json\/wp\/v2\/comments?post=2482"}],"version-history":[{"count":2,"href":"https:\/\/afsinyedisevin.com\/index.php\/wp-json\/wp\/v2\/posts\/2482\/revisions"}],"predecessor-version":[{"id":2487,"href":"https:\/\/afsinyedisevin.com\/index.php\/wp-json\/wp\/v2\/posts\/2482\/revisions\/2487"}],"wp:featuredmedia":[{"embeddable":true,"href":"https:\/\/afsinyedisevin.com\/index.php\/wp-json\/wp\/v2\/media\/2484"}],"wp:attachment":[{"href":"https:\/\/afsinyedisevin.com\/index.php\/wp-json\/wp\/v2\/media?parent=2482"}],"wp:term":[{"taxonomy":"category","embeddable":true,"href":"https:\/\/afsinyedisevin.com\/index.php\/wp-json\/wp\/v2\/categories?post=2482"},{"taxonomy":"post_tag","embeddable":true,"href":"https:\/\/afsinyedisevin.com\/index.php\/wp-json\/wp\/v2\/tags?post=2482"}],"curies":[{"name":"wp","href":"https:\/\/api.w.org\/{rel}","templated":true}]}}