{"id":2457,"date":"2020-11-04T13:49:07","date_gmt":"2020-11-04T13:49:07","guid":{"rendered":"http:\/\/www.afsinyedisevin.com\/?p=2457"},"modified":"2020-11-04T13:49:07","modified_gmt":"2020-11-04T13:49:07","slug":"hemsehrimiz-is-adami-oguzhan-canpolati-taniyalim","status":"publish","type":"post","link":"https:\/\/afsinyedisevin.com\/index.php\/2020\/11\/04\/hemsehrimiz-is-adami-oguzhan-canpolati-taniyalim\/","title":{"rendered":"Hem\u015fehrimiz \u0130\u015f Adam\u0131 O\u011fuzhan Canpolat&#8217;\u0131 tan\u0131yal\u0131m!"},"content":{"rendered":"<p style=\"text-align: justify;\"><strong><img loading=\"lazy\" decoding=\"async\" class=\"alignnone size-full wp-image-113\" src=\"https:\/\/afsinyedisevin.com\/wp-content\/uploads\/2019\/12\/ahalil.jpg\" alt=\"\" width=\"300\" height=\"194\" srcset=\"https:\/\/afsinyedisevin.com\/wp-content\/uploads\/2019\/12\/ahalil.jpg 300w, https:\/\/afsinyedisevin.com\/wp-content\/uploads\/2019\/12\/ahalil-115x73.jpg 115w\" sizes=\"(max-width: 300px) 100vw, 300px\" \/><\/strong><\/p>\n<p><img loading=\"lazy\" decoding=\"async\" class=\"alignnone size-full wp-image-2460\" src=\"https:\/\/afsinyedisevin.com\/wp-content\/uploads\/2020\/11\/WhatsApp-Image-2020-11-02-at-18.22.59.jpeg\" alt=\"\" width=\"600\" height=\"600\" srcset=\"https:\/\/afsinyedisevin.com\/wp-content\/uploads\/2020\/11\/WhatsApp-Image-2020-11-02-at-18.22.59.jpeg 600w, https:\/\/afsinyedisevin.com\/wp-content\/uploads\/2020\/11\/WhatsApp-Image-2020-11-02-at-18.22.59-300x300.jpeg 300w, https:\/\/afsinyedisevin.com\/wp-content\/uploads\/2020\/11\/WhatsApp-Image-2020-11-02-at-18.22.59-150x150.jpeg 150w, https:\/\/afsinyedisevin.com\/wp-content\/uploads\/2020\/11\/WhatsApp-Image-2020-11-02-at-18.22.59-215x215.jpeg 215w\" sizes=\"(max-width: 600px) 100vw, 600px\" \/><\/p>\n<p style=\"text-align: justify;\"><strong>Af\u015finliler onu Futbolcu olarak tan\u0131d\u0131. 2002 y\u0131l\u0131nda Sivasspor&#8217;da futbola ba\u015flayan hem\u015fehrimiz O\u011fuzhan Canpolat \u015fimdiler&#8217;de Ankara&#8217;da \u0130n\u015faat Firmas\u0131 Y\u00f6neticisi olarak memleketimize hizmet veriyor.<\/strong><\/p>\n<p style=\"text-align: justify;\"><strong>Hem\u015fehrilerimizi sizlerle bulu\u015fturmaya devam ediyoruz. Bug\u00fcn Ya\u015fad\u0131\u011f\u0131 sakatl\u0131klar sebebiyle Futbol hayat\u0131na son veren Eski Futbolcular\u0131m\u0131zdan \u0130\u015f Adam\u0131 O\u011fuzhan Canpolat.<\/strong><\/p>\n<p style=\"text-align: justify;\"><strong>2002 y\u0131l\u0131nda Sivassporda futbola baslad\u0131. Profesyonel olarak Sivas&#8217;\u0131n il\u00e7esi Divri\u011fi Spor&#8217;a gitti. 2012 y\u0131l\u0131na kadar profesyonel olarak futbol oynad\u0131. \u0130ki kere a\u011f\u0131r sakatl\u0131k yasad\u0131.Futbolu be sebeple b\u0131rakmak zorunda kald\u0131. Bu arada \u00fcniversite e\u011fitimini tamamlad\u0131.<\/strong><\/p>\n<p style=\"text-align: justify;\"><strong>Daha sonra Ankara&#8217;da bir in\u015faat firmas\u0131nda muhasebe departman\u0131 olarak i\u015fe ba\u015flad\u0131. 2015 y\u0131l\u0131nda Af\u015fin&#8217;e gelerek ERYAPI \u0130n\u015faat firmas\u0131yla&nbsp; Af\u015fin \u0130\u00e7me suyu \u0130n\u015faat\u0131n\u0131 ve su depolar\u0131n\u0131 yapt\u0131. \u015eimdi ise \u0130n\u015faat \u015firketinde y\u00f6netici konumuna geldi. \u015eu anda da Ankara&#8217;da ERYAPI \u0130n\u015faat San. ve Tic. A.\u015e. in\u015faat firmas\u0131nda y\u00f6netici olarak \u00fclkemize hizmet ediyor.<\/strong><\/p>\n<p style=\"text-align: justify;\"><strong>Hem\u015fehrimizi ba\u015far\u0131lar\u0131ndan dolay\u0131 kutluyoruz.<\/strong><\/p>\n<p style=\"text-align: justify;\"><img loading=\"lazy\" decoding=\"async\" class=\"alignnone size-full wp-image-2459\" src=\"https:\/\/afsinyedisevin.com\/wp-content\/uploads\/2020\/11\/WhatsApp-Image-2020-11-02-at-18.22.59-1.jpeg\" alt=\"\" width=\"600\" height=\"600\" srcset=\"https:\/\/afsinyedisevin.com\/wp-content\/uploads\/2020\/11\/WhatsApp-Image-2020-11-02-at-18.22.59-1.jpeg 600w, https:\/\/afsinyedisevin.com\/wp-content\/uploads\/2020\/11\/WhatsApp-Image-2020-11-02-at-18.22.59-1-300x300.jpeg 300w, https:\/\/afsinyedisevin.com\/wp-content\/uploads\/2020\/11\/WhatsApp-Image-2020-11-02-at-18.22.59-1-150x150.jpeg 150w, https:\/\/afsinyedisevin.com\/wp-content\/uploads\/2020\/11\/WhatsApp-Image-2020-11-02-at-18.22.59-1-215x215.jpeg 215w\" sizes=\"(max-width: 600px) 100vw, 600px\" \/><\/p>\n","protected":false},"excerpt":{"rendered":"<p>Af\u015finliler onu Futbolcu olarak tan\u0131d\u0131. 2002 y\u0131l\u0131nda Sivasspor&#8217;da futbola ba\u015flayan hem\u015fehrimiz O\u011fuzhan Canpolat \u015fimdiler&#8217;de Ankara&#8217;da \u0130n\u015faat Firmas\u0131 Y\u00f6neticisi olarak memleketimize hizmet veriyor. Hem\u015fehrilerimizi sizlerle<\/p>\n","protected":false},"author":1,"featured_media":2458,"comment_status":"open","ping_status":"open","sticky":false,"template":"","format":"standard","meta":{"_jetpack_memberships_contains_paid_content":false,"footnotes":""},"categories":[26,27,28,3,10,1],"tags":[],"class_list":["post-2457","post","type-post","status-publish","format-standard","has-post-thumbnail","hentry","category-gurbetteki-is-dunyasi","category-gurbetteki-sevinliler","category-is-dunyasi","category-manset-haber","category-orenderesi","category-yoremizden"],"jetpack_featured_media_url":"https:\/\/afsinyedisevin.com\/wp-content\/uploads\/2020\/11\/aaaaaaaaaDYTI.jpg","jetpack_sharing_enabled":true,"_links":{"self":[{"href":"https:\/\/afsinyedisevin.com\/index.php\/wp-json\/wp\/v2\/posts\/2457","targetHints":{"allow":["GET"]}}],"collection":[{"href":"https:\/\/afsinyedisevin.com\/index.php\/wp-json\/wp\/v2\/posts"}],"about":[{"href":"https:\/\/afsinyedisevin.com\/index.php\/wp-json\/wp\/v2\/types\/post"}],"author":[{"embeddable":true,"href":"https:\/\/afsinyedisevin.com\/index.php\/wp-json\/wp\/v2\/users\/1"}],"replies":[{"embeddable":true,"href":"https:\/\/afsinyedisevin.com\/index.php\/wp-json\/wp\/v2\/comments?post=2457"}],"version-history":[{"count":1,"href":"https:\/\/afsinyedisevin.com\/index.php\/wp-json\/wp\/v2\/posts\/2457\/revisions"}],"predecessor-version":[{"id":2461,"href":"https:\/\/afsinyedisevin.com\/index.php\/wp-json\/wp\/v2\/posts\/2457\/revisions\/2461"}],"wp:featuredmedia":[{"embeddable":true,"href":"https:\/\/afsinyedisevin.com\/index.php\/wp-json\/wp\/v2\/media\/2458"}],"wp:attachment":[{"href":"https:\/\/afsinyedisevin.com\/index.php\/wp-json\/wp\/v2\/media?parent=2457"}],"wp:term":[{"taxonomy":"category","embeddable":true,"href":"https:\/\/afsinyedisevin.com\/index.php\/wp-json\/wp\/v2\/categories?post=2457"},{"taxonomy":"post_tag","embeddable":true,"href":"https:\/\/afsinyedisevin.com\/index.php\/wp-json\/wp\/v2\/tags?post=2457"}],"curies":[{"name":"wp","href":"https:\/\/api.w.org\/{rel}","templated":true}]}}