{"id":2347,"date":"2020-10-26T07:54:48","date_gmt":"2020-10-26T07:54:48","guid":{"rendered":"http:\/\/www.afsinyedisevin.com\/?p=2347"},"modified":"2020-10-26T08:43:46","modified_gmt":"2020-10-26T08:43:46","slug":"hemsehrimiz-irfan-arslani-taniyalim","status":"publish","type":"post","link":"https:\/\/afsinyedisevin.com\/index.php\/2020\/10\/26\/hemsehrimiz-irfan-arslani-taniyalim\/","title":{"rendered":"Hem\u015fehrimiz \u0130rfan Arslan&#8217;\u0131 tan\u0131yal\u0131m!"},"content":{"rendered":"<p style=\"text-align: justify;\"><strong><img loading=\"lazy\" decoding=\"async\" class=\"alignnone size-full wp-image-113\" src=\"https:\/\/afsinyedisevin.com\/wp-content\/uploads\/2019\/12\/ahalil.jpg\" alt=\"\" width=\"300\" height=\"194\" srcset=\"https:\/\/afsinyedisevin.com\/wp-content\/uploads\/2019\/12\/ahalil.jpg 300w, https:\/\/afsinyedisevin.com\/wp-content\/uploads\/2019\/12\/ahalil-115x73.jpg 115w\" sizes=\"(max-width: 300px) 100vw, 300px\" \/><\/strong><\/p>\n<p><img loading=\"lazy\" decoding=\"async\" class=\"alignnone size-full wp-image-2349\" src=\"https:\/\/afsinyedisevin.com\/wp-content\/uploads\/2020\/10\/WhatsApp-Image-2020-10-26-at-09.39.12-1.jpeg\" alt=\"\" width=\"600\" height=\"450\" srcset=\"https:\/\/afsinyedisevin.com\/wp-content\/uploads\/2020\/10\/WhatsApp-Image-2020-10-26-at-09.39.12-1.jpeg 600w, https:\/\/afsinyedisevin.com\/wp-content\/uploads\/2020\/10\/WhatsApp-Image-2020-10-26-at-09.39.12-1-300x225.jpeg 300w\" sizes=\"(max-width: 600px) 100vw, 600px\" \/><\/p>\n<p style=\"text-align: justify;\"><strong>Af\u015fin d\u0131\u015f\u0131nda g\u00f6rev yapan hem\u015fehrilerimizi sizlerle bulu\u015fturmaya devam ediyoruz.Bug\u00fcn sizlerle bulu\u015fturaca\u011f\u0131m\u0131z isim Kahramanmara\u015f Di\u015f Hastanesinde&nbsp; Di\u015f Protez Teknikeri olarak g\u00f6rev yapan hem\u015fehrimiz \u0130rfan Arslan.<\/strong><\/p>\n<p style=\"text-align: justify;\"><strong>08 Ocak 1968 tarihinde Af\u015fin&#8217;e ba\u011fl\u0131 B\u00fcy\u00fcksevin mahallesinde d\u00fcnyaya gelen hem\u015fehrimiz \u0130rfan Arslan, ilkokulu k\u00f6yde, orta \u00f6\u011frenimini ise Af\u015fin Yat\u0131l\u0131 B\u00f6lge Okulunda tamamlad\u0131.<\/strong><\/p>\n<p style=\"text-align: justify;\"><strong>Lise e\u011fitimini Af\u015fin Lisesinde tamamlayan Arslan, daha sonra \u00c7ukurova \u00dcniversitesi Ceyhan Meslek Y\u00fcksek Okulu A\u011f\u0131z ve Di\u015f Protez Teknolojisinden&nbsp; mezunu oldu.<\/strong><\/p>\n<p style=\"text-align: justify;\"><strong> 1996 y\u0131l\u0131nda Van Devlet Hastanesinde g\u00f6reve ba\u015flad\u0131. 2000 y\u0131l\u0131ndan bu yana&nbsp; Kahramanmara\u015f Di\u015f Hastanesinde \u00e7al\u0131\u015fmaktad\u0131r.<\/strong><\/p>\n<p style=\"text-align: justify;\"><strong>Arslan, evli ve 1 \u00e7ocuk babas\u0131d\u0131r.<\/strong><\/p>\n<p style=\"text-align: justify;\"><strong>Hem\u015fehrimize g\u00f6revinde ba\u015far\u0131lar diliyoruz.<\/strong><\/p>\n<p style=\"text-align: justify;\"><img loading=\"lazy\" decoding=\"async\" class=\"alignnone size-full wp-image-2350\" src=\"https:\/\/afsinyedisevin.com\/wp-content\/uploads\/2020\/10\/WhatsApp-Image-2020-10-26-at-09.39.12.jpeg\" alt=\"\" width=\"600\" height=\"435\" srcset=\"https:\/\/afsinyedisevin.com\/wp-content\/uploads\/2020\/10\/WhatsApp-Image-2020-10-26-at-09.39.12.jpeg 600w, https:\/\/afsinyedisevin.com\/wp-content\/uploads\/2020\/10\/WhatsApp-Image-2020-10-26-at-09.39.12-300x218.jpeg 300w\" sizes=\"(max-width: 600px) 100vw, 600px\" \/><\/p>\n","protected":false},"excerpt":{"rendered":"<p>Af\u015fin d\u0131\u015f\u0131nda g\u00f6rev yapan hem\u015fehrilerimizi sizlerle bulu\u015fturmaya devam ediyoruz.Bug\u00fcn sizlerle bulu\u015fturaca\u011f\u0131m\u0131z isim Kahramanmara\u015f Di\u015f Hastanesinde&nbsp; Di\u015f Protez Teknikeri olarak g\u00f6rev yapan hem\u015fehrimiz \u0130rfan Arslan.<\/p>\n","protected":false},"author":1,"featured_media":2348,"comment_status":"open","ping_status":"open","sticky":false,"template":"","format":"standard","meta":{"_jetpack_memberships_contains_paid_content":false,"footnotes":""},"categories":[6,27,3,1],"tags":[],"class_list":["post-2347","post","type-post","status-publish","format-standard","has-post-thumbnail","hentry","category-buyuk-sevin","category-gurbetteki-sevinliler","category-manset-haber","category-yoremizden"],"jetpack_featured_media_url":"https:\/\/afsinyedisevin.com\/wp-content\/uploads\/2020\/10\/DRTU.jpeg","jetpack_sharing_enabled":true,"_links":{"self":[{"href":"https:\/\/afsinyedisevin.com\/index.php\/wp-json\/wp\/v2\/posts\/2347","targetHints":{"allow":["GET"]}}],"collection":[{"href":"https:\/\/afsinyedisevin.com\/index.php\/wp-json\/wp\/v2\/posts"}],"about":[{"href":"https:\/\/afsinyedisevin.com\/index.php\/wp-json\/wp\/v2\/types\/post"}],"author":[{"embeddable":true,"href":"https:\/\/afsinyedisevin.com\/index.php\/wp-json\/wp\/v2\/users\/1"}],"replies":[{"embeddable":true,"href":"https:\/\/afsinyedisevin.com\/index.php\/wp-json\/wp\/v2\/comments?post=2347"}],"version-history":[{"count":1,"href":"https:\/\/afsinyedisevin.com\/index.php\/wp-json\/wp\/v2\/posts\/2347\/revisions"}],"predecessor-version":[{"id":2351,"href":"https:\/\/afsinyedisevin.com\/index.php\/wp-json\/wp\/v2\/posts\/2347\/revisions\/2351"}],"wp:featuredmedia":[{"embeddable":true,"href":"https:\/\/afsinyedisevin.com\/index.php\/wp-json\/wp\/v2\/media\/2348"}],"wp:attachment":[{"href":"https:\/\/afsinyedisevin.com\/index.php\/wp-json\/wp\/v2\/media?parent=2347"}],"wp:term":[{"taxonomy":"category","embeddable":true,"href":"https:\/\/afsinyedisevin.com\/index.php\/wp-json\/wp\/v2\/categories?post=2347"},{"taxonomy":"post_tag","embeddable":true,"href":"https:\/\/afsinyedisevin.com\/index.php\/wp-json\/wp\/v2\/tags?post=2347"}],"curies":[{"name":"wp","href":"https:\/\/api.w.org\/{rel}","templated":true}]}}