{"id":2250,"date":"2020-10-14T05:44:12","date_gmt":"2020-10-14T05:44:12","guid":{"rendered":"http:\/\/www.afsinyedisevin.com\/?p=2250"},"modified":"2020-10-14T05:44:12","modified_gmt":"2020-10-14T05:44:12","slug":"hemsehrimiz-melek-bulbul-hukuk-burosu-acti","status":"publish","type":"post","link":"https:\/\/afsinyedisevin.com\/index.php\/2020\/10\/14\/hemsehrimiz-melek-bulbul-hukuk-burosu-acti\/","title":{"rendered":"Hem\u015fehrimiz Melek B\u00fclb\u00fcl, Hukuk B\u00fcrosu a\u00e7t\u0131!"},"content":{"rendered":"<p><img loading=\"lazy\" decoding=\"async\" class=\"alignnone size-full wp-image-113\" src=\"https:\/\/afsinyedisevin.com\/wp-content\/uploads\/2019\/12\/ahalil.jpg\" alt=\"\" width=\"300\" height=\"194\" srcset=\"https:\/\/afsinyedisevin.com\/wp-content\/uploads\/2019\/12\/ahalil.jpg 300w, https:\/\/afsinyedisevin.com\/wp-content\/uploads\/2019\/12\/ahalil-115x73.jpg 115w\" sizes=\"(max-width: 300px) 100vw, 300px\" \/><\/p>\n<p><img loading=\"lazy\" decoding=\"async\" class=\"alignnone size-full wp-image-2252\" src=\"https:\/\/afsinyedisevin.com\/wp-content\/uploads\/2020\/10\/IMG_7263.jpg\" alt=\"\" width=\"600\" height=\"400\" srcset=\"https:\/\/afsinyedisevin.com\/wp-content\/uploads\/2020\/10\/IMG_7263.jpg 600w, https:\/\/afsinyedisevin.com\/wp-content\/uploads\/2020\/10\/IMG_7263-300x200.jpg 300w\" sizes=\"(max-width: 600px) 100vw, 600px\" \/><\/p>\n<p style=\"text-align: justify;\"><strong>\u0130l\u00e7emiz Af\u015fin\u2019de bir hem\u015fehrimiz daha Avukat olarak g\u00f6reve ba\u015flad\u0131.<\/strong><\/p>\n<p style=\"text-align: justify;\"><strong>Af\u015finli hem\u015fehrimiz Avukat Melek B\u00fclb\u00fcl, Hukuk b\u00fcrosunu a\u00e7arak K\u0131ra\u00e7 Plazada misafir kabul\u00fcne ba\u015flad\u0131.<\/strong><\/p>\n<p style=\"text-align: justify;\"><strong>K\u0131ra\u00e7 Plaza 4. Katta d\u00fcn itibariyle Hukuk B\u00fcrosunu a\u00e7an Avukat Melek B\u00fclb\u00fcl,Kahramanmara\u015f Barosuna kay\u0131tl\u0131 olarak hizmet verecek.<\/strong><\/p>\n<p style=\"text-align: justify;\"><strong>Makam\u0131nda ziyaret etti\u011fimiz hem\u015fehrimiz Avukat Melek B\u00fclb\u00fcl, Okulunu ve Avukatl\u0131k staj\u0131n\u0131 tamamlad\u0131ktan sonra yine do\u011fdu\u011fu topraklarda hem\u015fehrilerine hizmet vermek amac\u0131yla Af\u015fin\u2019e gelerek Hukuk B\u00fcrosu a\u00e7t\u0131\u011f\u0131n\u0131 belirterek, K\u0131ra\u00e7 Plaza 4. Katta Hem\u015fehrilerimize hizmet vermeye ba\u015flad\u0131k. \u0130l\u00e7emize hay\u0131rl\u0131 olsun dedi.<\/strong><\/p>\n<p style=\"text-align: justify;\"><strong>Avukat Melek B\u00fclb\u00fcl Kimdir?<\/strong><\/p>\n<p style=\"text-align: justify;\"><strong>1997 Af\u015fin do\u011fumlu. Aslen T\u00fcrksevin Mahallesinden.Af\u015fin Anadolu Lisesi Mezunu. \u0130zmir Dokuz Eyl\u00fcl \u00dcniversitesi Hukuk Fak\u00fcltesini bitirdi. Kahramanmara\u015f Barosu Avukat\u0131 olarak 2020 y\u0131l\u0131nda Af\u015fin\u2019de Mesle\u011fe ba\u015flad\u0131.<\/strong><\/p>\n<p style=\"text-align: justify;\"><strong>Hay\u0131rl\u0131 olsun.<\/strong><\/p>\n<p style=\"text-align: justify;\">Tebrik i\u00e7in, 0 545 370 96 80<\/p>\n<p><img loading=\"lazy\" decoding=\"async\" class=\"alignnone size-full wp-image-2251\" src=\"https:\/\/afsinyedisevin.com\/wp-content\/uploads\/2020\/10\/IMG_7257.jpg\" alt=\"\" width=\"600\" height=\"400\" srcset=\"https:\/\/afsinyedisevin.com\/wp-content\/uploads\/2020\/10\/IMG_7257.jpg 600w, https:\/\/afsinyedisevin.com\/wp-content\/uploads\/2020\/10\/IMG_7257-300x200.jpg 300w\" sizes=\"(max-width: 600px) 100vw, 600px\" \/><\/p>\n","protected":false},"excerpt":{"rendered":"<p>\u0130l\u00e7emiz Af\u015fin\u2019de bir hem\u015fehrimiz daha Avukat olarak g\u00f6reve ba\u015flad\u0131. Af\u015finli hem\u015fehrimiz Avukat Melek B\u00fclb\u00fcl, Hukuk b\u00fcrosunu a\u00e7arak K\u0131ra\u00e7 Plazada misafir kabul\u00fcne ba\u015flad\u0131. K\u0131ra\u00e7 Plaza<\/p>\n","protected":false},"author":1,"featured_media":2253,"comment_status":"open","ping_status":"open","sticky":false,"template":"","format":"standard","meta":{"_jetpack_memberships_contains_paid_content":false,"footnotes":""},"categories":[19,3,7,1],"tags":[],"class_list":["post-2250","post","type-post","status-publish","format-standard","has-post-thumbnail","hentry","category-avukatlarimiz","category-manset-haber","category-turk-sevin","category-yoremizden"],"jetpack_featured_media_url":"https:\/\/afsinyedisevin.com\/wp-content\/uploads\/2020\/10\/ScratchBG_green2yui.jpg","jetpack_sharing_enabled":true,"_links":{"self":[{"href":"https:\/\/afsinyedisevin.com\/index.php\/wp-json\/wp\/v2\/posts\/2250","targetHints":{"allow":["GET"]}}],"collection":[{"href":"https:\/\/afsinyedisevin.com\/index.php\/wp-json\/wp\/v2\/posts"}],"about":[{"href":"https:\/\/afsinyedisevin.com\/index.php\/wp-json\/wp\/v2\/types\/post"}],"author":[{"embeddable":true,"href":"https:\/\/afsinyedisevin.com\/index.php\/wp-json\/wp\/v2\/users\/1"}],"replies":[{"embeddable":true,"href":"https:\/\/afsinyedisevin.com\/index.php\/wp-json\/wp\/v2\/comments?post=2250"}],"version-history":[{"count":1,"href":"https:\/\/afsinyedisevin.com\/index.php\/wp-json\/wp\/v2\/posts\/2250\/revisions"}],"predecessor-version":[{"id":2254,"href":"https:\/\/afsinyedisevin.com\/index.php\/wp-json\/wp\/v2\/posts\/2250\/revisions\/2254"}],"wp:featuredmedia":[{"embeddable":true,"href":"https:\/\/afsinyedisevin.com\/index.php\/wp-json\/wp\/v2\/media\/2253"}],"wp:attachment":[{"href":"https:\/\/afsinyedisevin.com\/index.php\/wp-json\/wp\/v2\/media?parent=2250"}],"wp:term":[{"taxonomy":"category","embeddable":true,"href":"https:\/\/afsinyedisevin.com\/index.php\/wp-json\/wp\/v2\/categories?post=2250"},{"taxonomy":"post_tag","embeddable":true,"href":"https:\/\/afsinyedisevin.com\/index.php\/wp-json\/wp\/v2\/tags?post=2250"}],"curies":[{"name":"wp","href":"https:\/\/api.w.org\/{rel}","templated":true}]}}