{"id":2139,"date":"2020-10-01T06:14:05","date_gmt":"2020-10-01T06:14:05","guid":{"rendered":"http:\/\/www.afsinyedisevin.com\/?p=2139"},"modified":"2020-10-01T06:14:05","modified_gmt":"2020-10-01T06:14:05","slug":"afsine-deniz-urunleri-satis-yeri-aciliyor","status":"publish","type":"post","link":"https:\/\/afsinyedisevin.com\/index.php\/2020\/10\/01\/afsine-deniz-urunleri-satis-yeri-aciliyor\/","title":{"rendered":"Af\u015fin&#8217;e Deniz \u00dcr\u00fcnleri sat\u0131\u015f yeri a\u00e7\u0131l\u0131yor!"},"content":{"rendered":"<p style=\"text-align: justify;\"><strong><img loading=\"lazy\" decoding=\"async\" class=\"alignnone size-full wp-image-113\" src=\"https:\/\/afsinyedisevin.com\/wp-content\/uploads\/2019\/12\/ahalil.jpg\" alt=\"\" width=\"300\" height=\"194\" srcset=\"https:\/\/afsinyedisevin.com\/wp-content\/uploads\/2019\/12\/ahalil.jpg 300w, https:\/\/afsinyedisevin.com\/wp-content\/uploads\/2019\/12\/ahalil-115x73.jpg 115w\" sizes=\"(max-width: 300px) 100vw, 300px\" \/><\/strong><\/p>\n<p style=\"text-align: justify;\"><strong>Af\u015fin&#8217;e Deniz \u00fcr\u00fcnleri Sat\u0131\u015f yeri a\u00e7\u0131l\u0131yor.<\/strong><\/p>\n<p style=\"text-align: justify;\"><strong>Y\u0131llard\u0131r ALP Tavuk\u00e7uluk olarak Beyaz Et sekt\u00f6r\u00fcnde hizmet veren i\u015f yeri Bal\u0131k sat\u0131\u015f\u0131 da yapmaya haz\u0131rlan\u0131yor.<\/strong><\/p>\n<p style=\"text-align: justify;\"><strong>ALP Tavuk\u00e7uluk ad\u0131yla El\u00e7ibey Caddesi \u00fczeri Ulu Cami yan\u0131nda hizmet veren i\u015f yeri \u015fimdi Deniz \u00fcr\u00fcnleri sat\u0131\u015f\u0131yla da \u0130l\u00e7e halk\u0131na hizmet verecek.<\/strong><\/p>\n<p style=\"text-align: justify;\"><strong>ALP Tavuk\u00e7uluk yan\u0131nda a\u00e7\u0131lmaya haz\u0131rlanan Deniz \u00dcr\u00fcnleri sat\u0131\u015f yeri en uygun fiyata Bal\u0131k sat\u0131\u015f\u0131 yapacak.<\/strong><\/p>\n<p style=\"text-align: justify;\"><strong>Alp Tavuk\u00e7uluk sayesinde Karadeniz ve Marmara denizi bal\u0131k \u00e7e\u015fitleri Af\u015fin de m\u00fc\u015fteri ile bulu\u015facak.<\/strong><\/p>\n<p style=\"text-align: justify;\"><strong>\u0130l\u00e7emize hay\u0131rl\u0131 olsun.<\/strong><\/p>\n<p style=\"text-align: justify;\"><img loading=\"lazy\" decoding=\"async\" class=\"alignnone size-full wp-image-2141\" src=\"https:\/\/afsinyedisevin.com\/wp-content\/uploads\/2020\/10\/WhatsApp-Image-2020-09-30-at-10.55.08.jpeg\" alt=\"\" width=\"600\" height=\"529\" srcset=\"https:\/\/afsinyedisevin.com\/wp-content\/uploads\/2020\/10\/WhatsApp-Image-2020-09-30-at-10.55.08.jpeg 600w, https:\/\/afsinyedisevin.com\/wp-content\/uploads\/2020\/10\/WhatsApp-Image-2020-09-30-at-10.55.08-300x265.jpeg 300w\" sizes=\"(max-width: 600px) 100vw, 600px\" \/> <img loading=\"lazy\" decoding=\"async\" class=\"alignnone size-full wp-image-2142\" src=\"https:\/\/afsinyedisevin.com\/wp-content\/uploads\/2020\/10\/WhatsApp-Image-2020-09-30-at-10.55.26.jpeg\" alt=\"\" width=\"600\" height=\"589\" srcset=\"https:\/\/afsinyedisevin.com\/wp-content\/uploads\/2020\/10\/WhatsApp-Image-2020-09-30-at-10.55.26.jpeg 600w, https:\/\/afsinyedisevin.com\/wp-content\/uploads\/2020\/10\/WhatsApp-Image-2020-09-30-at-10.55.26-300x295.jpeg 300w\" sizes=\"(max-width: 600px) 100vw, 600px\" \/><\/p>\n<p style=\"text-align: justify;\">&nbsp;<\/p>\n","protected":false},"excerpt":{"rendered":"<p>Af\u015fin&#8217;e Deniz \u00fcr\u00fcnleri Sat\u0131\u015f yeri a\u00e7\u0131l\u0131yor. Y\u0131llard\u0131r ALP Tavuk\u00e7uluk olarak Beyaz Et sekt\u00f6r\u00fcnde hizmet veren i\u015f yeri Bal\u0131k sat\u0131\u015f\u0131 da yapmaya haz\u0131rlan\u0131yor. ALP Tavuk\u00e7uluk<\/p>\n","protected":false},"author":1,"featured_media":2140,"comment_status":"open","ping_status":"open","sticky":false,"template":"","format":"standard","meta":{"_jetpack_memberships_contains_paid_content":false,"footnotes":""},"categories":[28,3,24,1],"tags":[],"class_list":["post-2139","post","type-post","status-publish","format-standard","has-post-thumbnail","hentry","category-is-dunyasi","category-manset-haber","category-ureten-firmalar","category-yoremizden"],"jetpack_featured_media_url":"https:\/\/afsinyedisevin.com\/wp-content\/uploads\/2020\/10\/turuncu-renktu.jpg","jetpack_sharing_enabled":true,"_links":{"self":[{"href":"https:\/\/afsinyedisevin.com\/index.php\/wp-json\/wp\/v2\/posts\/2139","targetHints":{"allow":["GET"]}}],"collection":[{"href":"https:\/\/afsinyedisevin.com\/index.php\/wp-json\/wp\/v2\/posts"}],"about":[{"href":"https:\/\/afsinyedisevin.com\/index.php\/wp-json\/wp\/v2\/types\/post"}],"author":[{"embeddable":true,"href":"https:\/\/afsinyedisevin.com\/index.php\/wp-json\/wp\/v2\/users\/1"}],"replies":[{"embeddable":true,"href":"https:\/\/afsinyedisevin.com\/index.php\/wp-json\/wp\/v2\/comments?post=2139"}],"version-history":[{"count":1,"href":"https:\/\/afsinyedisevin.com\/index.php\/wp-json\/wp\/v2\/posts\/2139\/revisions"}],"predecessor-version":[{"id":2143,"href":"https:\/\/afsinyedisevin.com\/index.php\/wp-json\/wp\/v2\/posts\/2139\/revisions\/2143"}],"wp:featuredmedia":[{"embeddable":true,"href":"https:\/\/afsinyedisevin.com\/index.php\/wp-json\/wp\/v2\/media\/2140"}],"wp:attachment":[{"href":"https:\/\/afsinyedisevin.com\/index.php\/wp-json\/wp\/v2\/media?parent=2139"}],"wp:term":[{"taxonomy":"category","embeddable":true,"href":"https:\/\/afsinyedisevin.com\/index.php\/wp-json\/wp\/v2\/categories?post=2139"},{"taxonomy":"post_tag","embeddable":true,"href":"https:\/\/afsinyedisevin.com\/index.php\/wp-json\/wp\/v2\/tags?post=2139"}],"curies":[{"name":"wp","href":"https:\/\/api.w.org\/{rel}","templated":true}]}}