{"id":2103,"date":"2020-09-26T06:54:04","date_gmt":"2020-09-26T06:54:04","guid":{"rendered":"http:\/\/www.afsinyedisevin.com\/?p=2103"},"modified":"2020-09-26T06:54:04","modified_gmt":"2020-09-26T06:54:04","slug":"sevinli-gazi-ovunc-madalyasini-cumhurbaskaninin-elinden-aldi","status":"publish","type":"post","link":"https:\/\/afsinyedisevin.com\/index.php\/2020\/09\/26\/sevinli-gazi-ovunc-madalyasini-cumhurbaskaninin-elinden-aldi\/","title":{"rendered":"SEV\u0130NL\u0130 GAZ\u0130, \u00d6V\u00dcN\u00c7 MADALYASINI CUMHURBA\u015eKANININ EL\u0130NDEN ALDI!"},"content":{"rendered":"<p style=\"text-align: justify;\"><strong><img loading=\"lazy\" decoding=\"async\" class=\"alignnone size-full wp-image-113\" src=\"https:\/\/afsinyedisevin.com\/wp-content\/uploads\/2019\/12\/ahalil.jpg\" alt=\"\" width=\"300\" height=\"194\" srcset=\"https:\/\/afsinyedisevin.com\/wp-content\/uploads\/2019\/12\/ahalil.jpg 300w, https:\/\/afsinyedisevin.com\/wp-content\/uploads\/2019\/12\/ahalil-115x73.jpg 115w\" sizes=\"(max-width: 300px) 100vw, 300px\" \/><\/strong><\/p>\n<p><img loading=\"lazy\" decoding=\"async\" class=\"alignnone size-full wp-image-2104\" src=\"https:\/\/afsinyedisevin.com\/wp-content\/uploads\/2020\/09\/DRTYUI.jpg\" alt=\"\" width=\"600\" height=\"445\" srcset=\"https:\/\/afsinyedisevin.com\/wp-content\/uploads\/2020\/09\/DRTYUI.jpg 600w, https:\/\/afsinyedisevin.com\/wp-content\/uploads\/2020\/09\/DRTYUI-300x223.jpg 300w\" sizes=\"(max-width: 600px) 100vw, 600px\" \/><\/p>\n<p style=\"text-align: justify;\"><strong>Af\u015fin&#8217;e ba\u011fl\u0131 T\u00fcrksevin mahallesi do\u011fumlu&nbsp; G\u00fcneydo\u011fu Gazisi Emrah \u00d6zdemir, Devlet \u00d6v\u00fcn\u00e7 Madalyas\u0131n\u0131 Cumhurba\u015fkan\u0131 Recep Tayyip Erdo\u011fan\u2019\u0131n elinden ald\u0131.<\/strong><\/p>\n<p style=\"text-align: justify;\"><strong>\u00d6nce ki g\u00fcn Cumhurba\u015fkanl\u0131\u011f\u0131 taraf\u0131ndan Devlet \u00d6v\u00fcn\u00e7 Madalyas\u0131 Tevcih T\u00f6reni d\u00fczenlendi T\u00f6rene bir \u00e7ok \u015eehit yak\u0131n\u0131 ve Gazi ile birlikte Af\u015finli G\u00fcneydo\u011fu Gazisi Emrah \u00d6zdemir\u2019de davet edildi. 23 Eyl\u00fcl 2015 tarihinde Sirt\u2019te Gazi olan \u00d6zdemir,Devlet \u00d6v\u00fcn\u00e7 Madalyas\u0131n\u0131 Cumhurba\u015fkan\u0131 Recep Tayyip Erdo\u011fan\u2019\u0131n elinden ald\u0131.<\/strong><\/p>\n<p style=\"text-align: justify;\"><strong>T\u00f6ren sonras\u0131 Ankara\u2019dan Af\u015fin Haber Merkezine Canl\u0131 olarak ba\u011flanan Gazi Emrah \u00d6zdemir,t\u00f6rende ya\u015fad\u0131\u011f\u0131 anlar\u0131 bizimle payla\u015ft\u0131.<\/strong><\/p>\n<p style=\"text-align: justify;\"><strong>Cumhurba\u015fkan\u0131 Recep Tayyip Erdo\u011fan\u2019\u0131n elinden b\u00f6ylesi \u00f6nemli bir \u00f6d\u00fcl\u00fc almaktan duydu\u011fu onuru dile getiren \u00d6zdemir, Allah raz\u0131 olsun Devletimizin en \u00fcst kademesi d\u00fcn bizlerle ilgilendiler. \u015eehitlik nasip olmad\u0131 ama Rabbim bizi Gazilik ile onurland\u0131rd\u0131 dedi.<\/strong><\/p>\n<p style=\"text-align: justify;\"><strong>T\u00f6rene e\u015fi ve \u00e7ocuklar\u0131yla birlikte kat\u0131lan Af\u015finli Gazi Emrah \u00d6zdemir, 23 Eyl\u00fcl 2015 tarihinde Siirt \u0130li Baytan \u0130l\u00e7esi Seyhi Ormanlar\u0131nda PKK Ter\u00f6r \u00f6rg\u00fct\u00fc mensuplar\u0131n\u0131n sald\u0131r\u0131s\u0131 sonucu Sa\u011f Bacak Diz Kapa\u011f\u0131ndan yaraland\u0131. Olay yerine ula\u015fan Helikopterlerle Hastaneye kald\u0131r\u0131lan ve tedavisi tamamland\u0131ktan sonra Af\u015fin\u2019e baba oca\u011f\u0131na d\u00f6nd\u00fc. Bir m\u00fcddet evde tedavisi s\u00fcren Gazi Emrah \u00d6zdemir, daha sonra Gazi \u00fcnvan\u0131 ald\u0131. \u015eu anda Tar\u0131m Bakanl\u0131\u011f\u0131 b\u00fcnyesinde g\u00f6rev yapan Emrah \u00d6zdemir Evli ve 2 \u00e7ocuk babas\u0131.<\/strong><\/p>\n<p style=\"text-align: justify;\"><img loading=\"lazy\" decoding=\"async\" class=\"alignnone size-full wp-image-2105\" src=\"https:\/\/afsinyedisevin.com\/wp-content\/uploads\/2020\/09\/WhatsApp-Image-2020-09-18-at-16.18.51-2-527x440-1.jpeg\" alt=\"\" width=\"527\" height=\"440\" srcset=\"https:\/\/afsinyedisevin.com\/wp-content\/uploads\/2020\/09\/WhatsApp-Image-2020-09-18-at-16.18.51-2-527x440-1.jpeg 527w, https:\/\/afsinyedisevin.com\/wp-content\/uploads\/2020\/09\/WhatsApp-Image-2020-09-18-at-16.18.51-2-527x440-1-300x250.jpeg 300w\" sizes=\"(max-width: 527px) 100vw, 527px\" \/> <img loading=\"lazy\" decoding=\"async\" class=\"alignnone  wp-image-2106\" src=\"https:\/\/afsinyedisevin.com\/wp-content\/uploads\/2020\/09\/WhatsApp-Image-2020-09-18-at-16.18.51-3-407x315-1.jpeg\" alt=\"\" width=\"525\" height=\"406\" srcset=\"https:\/\/afsinyedisevin.com\/wp-content\/uploads\/2020\/09\/WhatsApp-Image-2020-09-18-at-16.18.51-3-407x315-1.jpeg 407w, https:\/\/afsinyedisevin.com\/wp-content\/uploads\/2020\/09\/WhatsApp-Image-2020-09-18-at-16.18.51-3-407x315-1-300x232.jpeg 300w\" sizes=\"(max-width: 525px) 100vw, 525px\" \/><\/p>\n","protected":false},"excerpt":{"rendered":"<p>Af\u015fin&#8217;e ba\u011fl\u0131 T\u00fcrksevin mahallesi do\u011fumlu&nbsp; G\u00fcneydo\u011fu Gazisi Emrah \u00d6zdemir, Devlet \u00d6v\u00fcn\u00e7 Madalyas\u0131n\u0131 Cumhurba\u015fkan\u0131 Recep Tayyip Erdo\u011fan\u2019\u0131n elinden ald\u0131. \u00d6nce ki g\u00fcn Cumhurba\u015fkanl\u0131\u011f\u0131 taraf\u0131ndan Devlet<\/p>\n","protected":false},"author":1,"featured_media":2107,"comment_status":"open","ping_status":"open","sticky":false,"template":"","format":"standard","meta":{"_jetpack_memberships_contains_paid_content":false,"footnotes":""},"categories":[27,3,20,7,1],"tags":[],"class_list":["post-2103","post","type-post","status-publish","format-standard","has-post-thumbnail","hentry","category-gurbetteki-sevinliler","category-manset-haber","category-sehit-ve-gazilerimiz","category-turk-sevin","category-yoremizden"],"jetpack_featured_media_url":"https:\/\/afsinyedisevin.com\/wp-content\/uploads\/2020\/09\/DRTYUIT.jpg","jetpack_sharing_enabled":true,"_links":{"self":[{"href":"https:\/\/afsinyedisevin.com\/index.php\/wp-json\/wp\/v2\/posts\/2103","targetHints":{"allow":["GET"]}}],"collection":[{"href":"https:\/\/afsinyedisevin.com\/index.php\/wp-json\/wp\/v2\/posts"}],"about":[{"href":"https:\/\/afsinyedisevin.com\/index.php\/wp-json\/wp\/v2\/types\/post"}],"author":[{"embeddable":true,"href":"https:\/\/afsinyedisevin.com\/index.php\/wp-json\/wp\/v2\/users\/1"}],"replies":[{"embeddable":true,"href":"https:\/\/afsinyedisevin.com\/index.php\/wp-json\/wp\/v2\/comments?post=2103"}],"version-history":[{"count":1,"href":"https:\/\/afsinyedisevin.com\/index.php\/wp-json\/wp\/v2\/posts\/2103\/revisions"}],"predecessor-version":[{"id":2108,"href":"https:\/\/afsinyedisevin.com\/index.php\/wp-json\/wp\/v2\/posts\/2103\/revisions\/2108"}],"wp:featuredmedia":[{"embeddable":true,"href":"https:\/\/afsinyedisevin.com\/index.php\/wp-json\/wp\/v2\/media\/2107"}],"wp:attachment":[{"href":"https:\/\/afsinyedisevin.com\/index.php\/wp-json\/wp\/v2\/media?parent=2103"}],"wp:term":[{"taxonomy":"category","embeddable":true,"href":"https:\/\/afsinyedisevin.com\/index.php\/wp-json\/wp\/v2\/categories?post=2103"},{"taxonomy":"post_tag","embeddable":true,"href":"https:\/\/afsinyedisevin.com\/index.php\/wp-json\/wp\/v2\/tags?post=2103"}],"curies":[{"name":"wp","href":"https:\/\/api.w.org\/{rel}","templated":true}]}}