{"id":2083,"date":"2020-09-21T06:22:44","date_gmt":"2020-09-21T06:22:44","guid":{"rendered":"http:\/\/www.afsinyedisevin.com\/?p=2083"},"modified":"2020-09-21T06:22:44","modified_gmt":"2020-09-21T06:22:44","slug":"yirmibir-eylul-sehit-arslan-akkayaya","status":"publish","type":"post","link":"https:\/\/afsinyedisevin.com\/index.php\/2020\/09\/21\/yirmibir-eylul-sehit-arslan-akkayaya\/","title":{"rendered":"Yirmibir Eyl\u00fcl (\u015eehit Arslan Akkaya&#8217;ya)"},"content":{"rendered":"<p style=\"text-align: justify;\"><strong><img loading=\"lazy\" decoding=\"async\" class=\"alignnone size-full wp-image-2084\" src=\"https:\/\/afsinyedisevin.com\/wp-content\/uploads\/2020\/09\/3.20110922082327.jpg\" alt=\"\" width=\"600\" height=\"904\" srcset=\"https:\/\/afsinyedisevin.com\/wp-content\/uploads\/2020\/09\/3.20110922082327.jpg 600w, https:\/\/afsinyedisevin.com\/wp-content\/uploads\/2020\/09\/3.20110922082327-199x300.jpg 199w\" sizes=\"(max-width: 600px) 100vw, 600px\" \/><\/strong><br \/>\n<strong>K\u0131rk ya\u015f\u0131nda bir \u015fairim <\/strong><br \/>\n<strong>\u0130kisi polis olmu\u015f d\u00f6rt evlad\u0131n <\/strong><br \/>\n<strong>Hakl\u0131 gururunu ya\u015famaktay\u0131m <\/strong><br \/>\n<strong>Birini Atas\u0131na, emanet etmi\u015f<\/strong><br \/>\n<strong>Di\u011ferini g\u00fcne\u015fin be\u015f minare ars\u0131ndan do\u011fdu\u011fu \u015fehre<\/strong><\/p>\n<p style=\"text-align: justify;\"><strong>Tarih yirmi bir Eyl\u00fcl 2011<\/strong><br \/>\n<strong>G\u00fcnlerden \u00c7ar\u015famba Saat 9 civar\u0131<\/strong><br \/>\n<strong>Telefonum \u00e7al\u0131yor <\/strong><br \/>\n<strong>G\u00fcne\u015fin be\u015f minare ars\u0131ndan do\u011fdu\u011fu<\/strong><br \/>\n<strong>\u015eehirden aran\u0131yorum<\/strong><br \/>\n<strong>Tela\u015fl\u0131 bir ses tonuyla <\/strong><br \/>\n<strong>-Alo Baba diyor<\/strong><br \/>\n<strong>Okul sald\u0131r\u0131ya u\u011frad\u0131 <\/strong><br \/>\n<strong>Anneme s\u00f6yle korkmas\u0131n diyor<\/strong><\/p>\n<p style=\"text-align: justify;\"><strong>Bu \u00fc\u00e7 k\u0131sa c\u00fcmle <\/strong><br \/>\n<strong>Beynimde depremler meydana getiriyor<\/strong><br \/>\n<strong>Merkez \u00fcss\u00fc y\u00fcre\u011fim <\/strong><br \/>\n<strong>\u015eiddeti \u00f6l\u00e7\u00fclemeyecek kadar y\u00fcksek <\/strong><br \/>\n<strong>Bana korkma demiyor <\/strong><br \/>\n<strong>Hani Babalar korkmaz ya! <\/strong><br \/>\n<strong>Oysa ben bu ya\u015f\u0131ma kadar hi\u00e7 korkmam\u0131\u015f\u0131m<\/strong><br \/>\n<strong>anla\u015f\u0131lan<\/strong><br \/>\n<strong>Sonra sesindeki o endi\u015fe kayboluyor <\/strong><br \/>\n<strong>Kendinden emin bir sesle<\/strong><br \/>\n<strong>-Bizimkiler an\u0131nda kar\u015f\u0131l\u0131k verdi diyor <\/strong><br \/>\n<strong>Bende bir \u015fey yok ama diyor:<\/strong><br \/>\n<strong>Her \u015fey o aman\u0131n ard\u0131na gizlenmi\u015f<\/strong><br \/>\n<strong>Hem\u015ferisi, s\u0131n\u0131f arkada\u015f\u0131 ve dahas\u0131<\/strong><br \/>\n<strong>Kader arkada\u015f\u0131n\u0131n, kahpe bir baltan\u0131n kesti\u011fi bir fidan gibi <\/strong><br \/>\n<strong>D\u00fc\u015ft\u00fc\u011f\u00fcn\u00fc g\u00f6r\u00fcyor yan\u0131 ba\u015f\u0131na <\/strong><br \/>\n<strong>Sonras\u0131 uzun bir sessizlik<\/strong><br \/>\n<strong>Sonras\u0131 bo\u011faz\u0131ma d\u00fc\u011f\u00fcmlenen o ta\u015f gibi \u015feyi yutmaya \u00e7al\u0131\u015fmak<\/strong><br \/>\n<strong>Sonras\u0131 i\u00e7im kan a\u011flasa da belli etmemeye \u00e7al\u0131\u015fmak <\/strong><br \/>\n<strong>H\u0131nc\u0131mdan yumruklar\u0131m\u0131 s\u0131k\u0131p a\u011flamamaya \u00e7al\u0131\u015fmak<\/strong><br \/>\n<strong>Ve sonras\u0131 <\/strong><br \/>\n<strong>Di\u015flerimle \u0131s\u0131rd\u0131\u011f\u0131m dudaklar\u0131m\u0131 kanatmamaya \u00e7al\u0131\u015fmak<\/strong><\/p>\n<p style=\"text-align: justify;\"><strong>Tarih yirmi bir Eyl\u00fcl 2011<\/strong><br \/>\n<strong>G\u00f6kten bir y\u0131ld\u0131z kay\u0131yor<\/strong><br \/>\n<strong>Bir bulut o y\u0131ld\u0131z\u0131 selaml\u0131yor<\/strong><br \/>\n<strong>Bir ARSLAN topra\u011fa d\u00fc\u015f\u00fcyor<\/strong><br \/>\n<strong>Bismill\u00e2hirrahm\u00e2nirrah\u00eem<\/strong><\/p>\n<p style=\"text-align: justify;\"><strong>*<\/strong><br \/>\n<strong>\u015eehit Polis Arslan AKKAYA\u2019y\u0131 Rahmetle an\u0131yoruz<\/strong><\/p>\n<p style=\"text-align: justify;\"><strong>*<\/strong><\/p>\n<p style=\"text-align: justify;\"><strong>\u00d6mer Arslan<\/strong><\/p>\n","protected":false},"excerpt":{"rendered":"<p>K\u0131rk ya\u015f\u0131nda bir \u015fairim \u0130kisi polis olmu\u015f d\u00f6rt evlad\u0131n Hakl\u0131 gururunu ya\u015famaktay\u0131m Birini Atas\u0131na, emanet etmi\u015f Di\u011ferini g\u00fcne\u015fin be\u015f minare ars\u0131ndan do\u011fdu\u011fu \u015fehre Tarih<\/p>\n","protected":false},"author":1,"featured_media":2085,"comment_status":"open","ping_status":"open","sticky":false,"template":"","format":"standard","meta":{"_jetpack_memberships_contains_paid_content":false,"footnotes":""},"categories":[3,20,7,1],"tags":[],"class_list":["post-2083","post","type-post","status-publish","format-standard","has-post-thumbnail","hentry","category-manset-haber","category-sehit-ve-gazilerimiz","category-turk-sevin","category-yoremizden"],"jetpack_featured_media_url":"https:\/\/afsinyedisevin.com\/wp-content\/uploads\/2020\/09\/aaaaaaaaaTYU.jpg","jetpack_sharing_enabled":true,"_links":{"self":[{"href":"https:\/\/afsinyedisevin.com\/index.php\/wp-json\/wp\/v2\/posts\/2083","targetHints":{"allow":["GET"]}}],"collection":[{"href":"https:\/\/afsinyedisevin.com\/index.php\/wp-json\/wp\/v2\/posts"}],"about":[{"href":"https:\/\/afsinyedisevin.com\/index.php\/wp-json\/wp\/v2\/types\/post"}],"author":[{"embeddable":true,"href":"https:\/\/afsinyedisevin.com\/index.php\/wp-json\/wp\/v2\/users\/1"}],"replies":[{"embeddable":true,"href":"https:\/\/afsinyedisevin.com\/index.php\/wp-json\/wp\/v2\/comments?post=2083"}],"version-history":[{"count":1,"href":"https:\/\/afsinyedisevin.com\/index.php\/wp-json\/wp\/v2\/posts\/2083\/revisions"}],"predecessor-version":[{"id":2086,"href":"https:\/\/afsinyedisevin.com\/index.php\/wp-json\/wp\/v2\/posts\/2083\/revisions\/2086"}],"wp:featuredmedia":[{"embeddable":true,"href":"https:\/\/afsinyedisevin.com\/index.php\/wp-json\/wp\/v2\/media\/2085"}],"wp:attachment":[{"href":"https:\/\/afsinyedisevin.com\/index.php\/wp-json\/wp\/v2\/media?parent=2083"}],"wp:term":[{"taxonomy":"category","embeddable":true,"href":"https:\/\/afsinyedisevin.com\/index.php\/wp-json\/wp\/v2\/categories?post=2083"},{"taxonomy":"post_tag","embeddable":true,"href":"https:\/\/afsinyedisevin.com\/index.php\/wp-json\/wp\/v2\/tags?post=2083"}],"curies":[{"name":"wp","href":"https:\/\/api.w.org\/{rel}","templated":true}]}}