{"id":2070,"date":"2020-09-18T08:50:50","date_gmt":"2020-09-18T08:50:50","guid":{"rendered":"http:\/\/www.afsinyedisevin.com\/?p=2070"},"modified":"2020-09-18T08:50:50","modified_gmt":"2020-09-18T08:50:50","slug":"afsin-yoresel-urunleri-13-18-ekim-tarihlerinde-afyon-ve-istanbulda-kapida-teslim-edilecek","status":"publish","type":"post","link":"https:\/\/afsinyedisevin.com\/index.php\/2020\/09\/18\/afsin-yoresel-urunleri-13-18-ekim-tarihlerinde-afyon-ve-istanbulda-kapida-teslim-edilecek\/","title":{"rendered":"Af\u015fin Y\u00f6resel \u00dcr\u00fcnleri 13-18 Ekim tarihlerinde Afyon ve \u0130stanbul&#8217;da kap\u0131da teslim edilecek!"},"content":{"rendered":"<p style=\"text-align: justify;\"><img loading=\"lazy\" decoding=\"async\" class=\"alignnone size-full wp-image-113\" src=\"https:\/\/afsinyedisevin.com\/wp-content\/uploads\/2019\/12\/ahalil.jpg\" alt=\"\" width=\"300\" height=\"194\" srcset=\"https:\/\/afsinyedisevin.com\/wp-content\/uploads\/2019\/12\/ahalil.jpg 300w, https:\/\/afsinyedisevin.com\/wp-content\/uploads\/2019\/12\/ahalil-115x73.jpg 115w\" sizes=\"(max-width: 300px) 100vw, 300px\" \/><\/p>\n<p style=\"text-align: justify;\"><img loading=\"lazy\" decoding=\"async\" class=\"alignnone size-full wp-image-1822\" src=\"https:\/\/afsinyedisevin.com\/wp-content\/uploads\/2020\/06\/k\u0131z\u0131lay.png\" alt=\"\" width=\"600\" height=\"601\" srcset=\"https:\/\/afsinyedisevin.com\/wp-content\/uploads\/2020\/06\/k\u0131z\u0131lay.png 600w, https:\/\/afsinyedisevin.com\/wp-content\/uploads\/2020\/06\/k\u0131z\u0131lay-300x300.png 300w, https:\/\/afsinyedisevin.com\/wp-content\/uploads\/2020\/06\/k\u0131z\u0131lay-150x150.png 150w, https:\/\/afsinyedisevin.com\/wp-content\/uploads\/2020\/06\/k\u0131z\u0131lay-215x215.png 215w\" sizes=\"(max-width: 600px) 100vw, 600px\" \/><\/p>\n<p style=\"text-align: justify;\"><strong>Daha \u00f6nce de uygulanan Y\u00f6resel \u00fcr\u00fcnlerin Metropol \u015fehirlerde hem\u015fehrilerimize ula\u015ft\u0131r\u0131lma i\u015fi tekrarlan\u0131yor.K\u0131z\u0131lay Ticaret Af\u015fin ve Kahramanmara\u015f\u2019\u0131n Y\u00f6resel \u00fcr\u00fcnlerini Afyonkarahisar ve \u0130stanbul&#8217;da ki hem\u015fehrilerimizin aya\u011f\u0131na getiriyor.<\/strong><\/p>\n<p style=\"text-align: justify;\"><strong>Konuya ili\u015fkin Af\u015fin Yedisevin Haber\u2019e konu\u015fan K\u0131z\u0131lay Ticaret Sahibi \u0130\u015f Adam\u0131 H\u00fcseyin K\u0131z\u0131lay,K\u0131z\u0131lay Ticaret olarak daha \u00f6nce de yapt\u0131\u011f\u0131m\u0131z gibi Y\u00f6resel \u00fcr\u00fcnlerimizi hem\u015fehrilerimizin aya\u011f\u0131na kadar g\u00f6t\u00fcrme hizmetimiz devam ediyor.13-14-15-16-17 ve 18 Ekim tarihlerinde Afyonkarahisar ve \u0130stanbul&#8217;da&nbsp; olaca\u011f\u0131z.Ve hem\u015fehrilerimizin sipari\u015flerini bizzat elimizle teslim edece\u011fiz.T\u00fcm hem\u015fehrilerimizden sipari\u015f bekliyoruz dedi.<\/strong><\/p>\n<p style=\"text-align: justify;\"><strong>13-14-15-16-17 ve 18 Ekim tarihi \u00f6ncesi sipari\u015f vermek i\u00e7in 0 535 865 41 37 numaral\u0131 hatt\u0131 arayabilirsiniz.<\/strong><\/p>\n<p style=\"text-align: justify;\"><img loading=\"lazy\" decoding=\"async\" class=\"alignnone size-full wp-image-1996\" src=\"https:\/\/afsinyedisevin.com\/wp-content\/uploads\/2020\/08\/IMG_3317.jpg\" alt=\"\" width=\"600\" height=\"400\" srcset=\"https:\/\/afsinyedisevin.com\/wp-content\/uploads\/2020\/08\/IMG_3317.jpg 600w, https:\/\/afsinyedisevin.com\/wp-content\/uploads\/2020\/08\/IMG_3317-300x200.jpg 300w\" sizes=\"(max-width: 600px) 100vw, 600px\" \/><img loading=\"lazy\" decoding=\"async\" class=\"alignnone size-full wp-image-1968\" src=\"https:\/\/afsinyedisevin.com\/wp-content\/uploads\/2020\/08\/117184052_3392183857517649_2245875630877672830_n.jpg\" alt=\"\" width=\"600\" height=\"400\" srcset=\"https:\/\/afsinyedisevin.com\/wp-content\/uploads\/2020\/08\/117184052_3392183857517649_2245875630877672830_n.jpg 600w, https:\/\/afsinyedisevin.com\/wp-content\/uploads\/2020\/08\/117184052_3392183857517649_2245875630877672830_n-300x200.jpg 300w\" sizes=\"(max-width: 600px) 100vw, 600px\" \/><img loading=\"lazy\" decoding=\"async\" class=\"alignnone size-full wp-image-1747\" src=\"https:\/\/afsinyedisevin.com\/wp-content\/uploads\/2020\/05\/hh.jpg\" alt=\"\" width=\"720\" height=\"538\" srcset=\"https:\/\/afsinyedisevin.com\/wp-content\/uploads\/2020\/05\/hh.jpg 720w, https:\/\/afsinyedisevin.com\/wp-content\/uploads\/2020\/05\/hh-300x224.jpg 300w\" sizes=\"(max-width: 720px) 100vw, 720px\" \/><img loading=\"lazy\" decoding=\"async\" class=\"alignnone size-full wp-image-1712\" src=\"https:\/\/afsinyedisevin.com\/wp-content\/uploads\/2020\/05\/YMRESEL-\u00dcR\u00dcNLER.jpg\" alt=\"\" width=\"960\" height=\"774\" srcset=\"https:\/\/afsinyedisevin.com\/wp-content\/uploads\/2020\/05\/YMRESEL-\u00dcR\u00dcNLER.jpg 960w, https:\/\/afsinyedisevin.com\/wp-content\/uploads\/2020\/05\/YMRESEL-\u00dcR\u00dcNLER-300x242.jpg 300w, https:\/\/afsinyedisevin.com\/wp-content\/uploads\/2020\/05\/YMRESEL-\u00dcR\u00dcNLER-768x619.jpg 768w\" sizes=\"(max-width: 960px) 100vw, 960px\" \/><img loading=\"lazy\" decoding=\"async\" class=\"alignnone size-full wp-image-1405\" src=\"https:\/\/afsinyedisevin.com\/wp-content\/uploads\/2020\/02\/86729973_2895848500436637_4919636891537506304_o.jpg\" alt=\"\" width=\"960\" height=\"466\" srcset=\"https:\/\/afsinyedisevin.com\/wp-content\/uploads\/2020\/02\/86729973_2895848500436637_4919636891537506304_o.jpg 960w, https:\/\/afsinyedisevin.com\/wp-content\/uploads\/2020\/02\/86729973_2895848500436637_4919636891537506304_o-300x146.jpg 300w, https:\/\/afsinyedisevin.com\/wp-content\/uploads\/2020\/02\/86729973_2895848500436637_4919636891537506304_o-768x373.jpg 768w\" sizes=\"(max-width: 960px) 100vw, 960px\" \/><\/p>\n","protected":false},"excerpt":{"rendered":"<p>Daha \u00f6nce de uygulanan Y\u00f6resel \u00fcr\u00fcnlerin Metropol \u015fehirlerde hem\u015fehrilerimize ula\u015ft\u0131r\u0131lma i\u015fi tekrarlan\u0131yor.K\u0131z\u0131lay Ticaret Af\u015fin ve Kahramanmara\u015f\u2019\u0131n Y\u00f6resel \u00fcr\u00fcnlerini Afyonkarahisar ve \u0130stanbul&#8217;da ki hem\u015fehrilerimizin aya\u011f\u0131na<\/p>\n","protected":false},"author":1,"featured_media":2071,"comment_status":"open","ping_status":"open","sticky":false,"template":"","format":"standard","meta":{"_jetpack_memberships_contains_paid_content":false,"footnotes":""},"categories":[26,27,28,3,24,1],"tags":[],"class_list":["post-2070","post","type-post","status-publish","format-standard","has-post-thumbnail","hentry","category-gurbetteki-is-dunyasi","category-gurbetteki-sevinliler","category-is-dunyasi","category-manset-haber","category-ureten-firmalar","category-yoremizden"],"jetpack_featured_media_url":"https:\/\/afsinyedisevin.com\/wp-content\/uploads\/2020\/09\/textura-borrosa-roja_1232-312tuy.jpg","jetpack_sharing_enabled":true,"_links":{"self":[{"href":"https:\/\/afsinyedisevin.com\/index.php\/wp-json\/wp\/v2\/posts\/2070","targetHints":{"allow":["GET"]}}],"collection":[{"href":"https:\/\/afsinyedisevin.com\/index.php\/wp-json\/wp\/v2\/posts"}],"about":[{"href":"https:\/\/afsinyedisevin.com\/index.php\/wp-json\/wp\/v2\/types\/post"}],"author":[{"embeddable":true,"href":"https:\/\/afsinyedisevin.com\/index.php\/wp-json\/wp\/v2\/users\/1"}],"replies":[{"embeddable":true,"href":"https:\/\/afsinyedisevin.com\/index.php\/wp-json\/wp\/v2\/comments?post=2070"}],"version-history":[{"count":1,"href":"https:\/\/afsinyedisevin.com\/index.php\/wp-json\/wp\/v2\/posts\/2070\/revisions"}],"predecessor-version":[{"id":2072,"href":"https:\/\/afsinyedisevin.com\/index.php\/wp-json\/wp\/v2\/posts\/2070\/revisions\/2072"}],"wp:featuredmedia":[{"embeddable":true,"href":"https:\/\/afsinyedisevin.com\/index.php\/wp-json\/wp\/v2\/media\/2071"}],"wp:attachment":[{"href":"https:\/\/afsinyedisevin.com\/index.php\/wp-json\/wp\/v2\/media?parent=2070"}],"wp:term":[{"taxonomy":"category","embeddable":true,"href":"https:\/\/afsinyedisevin.com\/index.php\/wp-json\/wp\/v2\/categories?post=2070"},{"taxonomy":"post_tag","embeddable":true,"href":"https:\/\/afsinyedisevin.com\/index.php\/wp-json\/wp\/v2\/tags?post=2070"}],"curies":[{"name":"wp","href":"https:\/\/api.w.org\/{rel}","templated":true}]}}