{"id":2055,"date":"2020-09-09T08:51:59","date_gmt":"2020-09-09T08:51:59","guid":{"rendered":"http:\/\/www.afsinyedisevin.com\/?p=2055"},"modified":"2020-09-09T08:51:59","modified_gmt":"2020-09-09T08:51:59","slug":"hasan-duzel-vefat-etti","status":"publish","type":"post","link":"https:\/\/afsinyedisevin.com\/index.php\/2020\/09\/09\/hasan-duzel-vefat-etti\/","title":{"rendered":"Hasan D\u00fczel vefat etti."},"content":{"rendered":"<p style=\"text-align: justify;\"><strong><img loading=\"lazy\" decoding=\"async\" class=\"alignnone size-full wp-image-113\" src=\"https:\/\/afsinyedisevin.com\/wp-content\/uploads\/2019\/12\/ahalil.jpg\" alt=\"\" width=\"300\" height=\"194\" srcset=\"https:\/\/afsinyedisevin.com\/wp-content\/uploads\/2019\/12\/ahalil.jpg 300w, https:\/\/afsinyedisevin.com\/wp-content\/uploads\/2019\/12\/ahalil-115x73.jpg 115w\" sizes=\"(max-width: 300px) 100vw, 300px\" \/><\/strong><\/p>\n<p><img loading=\"lazy\" decoding=\"async\" class=\"alignnone size-full wp-image-1694\" src=\"https:\/\/afsinyedisevin.com\/wp-content\/uploads\/2020\/05\/vefat_haberi_3f32c9ac0654ea40962f.jpg\" alt=\"\" width=\"640\" height=\"370\" srcset=\"https:\/\/afsinyedisevin.com\/wp-content\/uploads\/2020\/05\/vefat_haberi_3f32c9ac0654ea40962f.jpg 640w, https:\/\/afsinyedisevin.com\/wp-content\/uploads\/2020\/05\/vefat_haberi_3f32c9ac0654ea40962f-300x173.jpg 300w\" sizes=\"(max-width: 640px) 100vw, 640px\" \/><\/p>\n<p style=\"text-align: justify;\"><strong>Binbo\u011fa Mahallesinden Hasan D\u00fczel (64) vefat etti.<\/strong><\/p>\n<p style=\"text-align: justify;\"><strong>Cenazesi bug\u00fcn saat 13:00 de Af\u015fin Asri Mezarl\u0131\u011f\u0131nda k\u0131l\u0131nacak cenaze namaz\u0131n\u0131n ard\u0131ndan topra\u011fa verilecek.<\/strong><\/p>\n<p style=\"text-align: justify;\"><strong>Taziye i\u00e7in,<\/strong><\/p>\n<p style=\"text-align: justify;\"><strong>Ali D\u00fczel-0 539 922 9642<\/strong><\/p>\n<p style=\"text-align: justify;\"><strong>Allah rahmet eylesin.<\/strong><\/p>\n","protected":false},"excerpt":{"rendered":"<p>Binbo\u011fa Mahallesinden Hasan D\u00fczel (64) vefat etti. Cenazesi bug\u00fcn saat 13:00 de Af\u015fin Asri Mezarl\u0131\u011f\u0131nda k\u0131l\u0131nacak cenaze namaz\u0131n\u0131n ard\u0131ndan topra\u011fa verilecek. Taziye i\u00e7in, Ali<\/p>\n","protected":false},"author":1,"featured_media":2056,"comment_status":"open","ping_status":"open","sticky":false,"template":"","format":"standard","meta":{"_jetpack_memberships_contains_paid_content":false,"footnotes":""},"categories":[9,3,4],"tags":[],"class_list":["post-2055","post","type-post","status-publish","format-standard","has-post-thumbnail","hentry","category-binboga","category-manset-haber","category-vefatlar"],"jetpack_featured_media_url":"https:\/\/afsinyedisevin.com\/wp-content\/uploads\/2020\/09\/rytu.jpg","jetpack_sharing_enabled":true,"_links":{"self":[{"href":"https:\/\/afsinyedisevin.com\/index.php\/wp-json\/wp\/v2\/posts\/2055","targetHints":{"allow":["GET"]}}],"collection":[{"href":"https:\/\/afsinyedisevin.com\/index.php\/wp-json\/wp\/v2\/posts"}],"about":[{"href":"https:\/\/afsinyedisevin.com\/index.php\/wp-json\/wp\/v2\/types\/post"}],"author":[{"embeddable":true,"href":"https:\/\/afsinyedisevin.com\/index.php\/wp-json\/wp\/v2\/users\/1"}],"replies":[{"embeddable":true,"href":"https:\/\/afsinyedisevin.com\/index.php\/wp-json\/wp\/v2\/comments?post=2055"}],"version-history":[{"count":1,"href":"https:\/\/afsinyedisevin.com\/index.php\/wp-json\/wp\/v2\/posts\/2055\/revisions"}],"predecessor-version":[{"id":2057,"href":"https:\/\/afsinyedisevin.com\/index.php\/wp-json\/wp\/v2\/posts\/2055\/revisions\/2057"}],"wp:featuredmedia":[{"embeddable":true,"href":"https:\/\/afsinyedisevin.com\/index.php\/wp-json\/wp\/v2\/media\/2056"}],"wp:attachment":[{"href":"https:\/\/afsinyedisevin.com\/index.php\/wp-json\/wp\/v2\/media?parent=2055"}],"wp:term":[{"taxonomy":"category","embeddable":true,"href":"https:\/\/afsinyedisevin.com\/index.php\/wp-json\/wp\/v2\/categories?post=2055"},{"taxonomy":"post_tag","embeddable":true,"href":"https:\/\/afsinyedisevin.com\/index.php\/wp-json\/wp\/v2\/tags?post=2055"}],"curies":[{"name":"wp","href":"https:\/\/api.w.org\/{rel}","templated":true}]}}