{"id":2022,"date":"2020-08-19T10:05:34","date_gmt":"2020-08-19T10:05:34","guid":{"rendered":"http:\/\/www.afsinyedisevin.com\/?p=2022"},"modified":"2020-08-19T10:05:34","modified_gmt":"2020-08-19T10:05:34","slug":"gurbuz-en-basarili-belediye-baskanlari-arasinda-yer-aldi","status":"publish","type":"post","link":"https:\/\/afsinyedisevin.com\/index.php\/2020\/08\/19\/gurbuz-en-basarili-belediye-baskanlari-arasinda-yer-aldi\/","title":{"rendered":"G\u00dcRB\u00dcZ, EN BA\u015eARILI BELED\u0130YE BA\u015eKANLARI ARASINDA YER ALDI!"},"content":{"rendered":"<p style=\"text-align: justify;\"><img loading=\"lazy\" decoding=\"async\" class=\"alignnone size-full wp-image-113\" src=\"https:\/\/afsinyedisevin.com\/wp-content\/uploads\/2019\/12\/ahalil.jpg\" alt=\"\" width=\"300\" height=\"194\" srcset=\"https:\/\/afsinyedisevin.com\/wp-content\/uploads\/2019\/12\/ahalil.jpg 300w, https:\/\/afsinyedisevin.com\/wp-content\/uploads\/2019\/12\/ahalil-115x73.jpg 115w\" sizes=\"(max-width: 300px) 100vw, 300px\" \/><\/p>\n<p><img loading=\"lazy\" decoding=\"async\" class=\"alignnone size-full wp-image-2024\" src=\"https:\/\/afsinyedisevin.com\/wp-content\/uploads\/2020\/08\/WhatsApp-Image-2020-08-18-at-14.09.42.jpeg\" alt=\"\" width=\"1600\" height=\"1066\" srcset=\"https:\/\/afsinyedisevin.com\/wp-content\/uploads\/2020\/08\/WhatsApp-Image-2020-08-18-at-14.09.42.jpeg 1600w, https:\/\/afsinyedisevin.com\/wp-content\/uploads\/2020\/08\/WhatsApp-Image-2020-08-18-at-14.09.42-300x200.jpeg 300w, https:\/\/afsinyedisevin.com\/wp-content\/uploads\/2020\/08\/WhatsApp-Image-2020-08-18-at-14.09.42-1024x682.jpeg 1024w, https:\/\/afsinyedisevin.com\/wp-content\/uploads\/2020\/08\/WhatsApp-Image-2020-08-18-at-14.09.42-768x512.jpeg 768w, https:\/\/afsinyedisevin.com\/wp-content\/uploads\/2020\/08\/WhatsApp-Image-2020-08-18-at-14.09.42-1536x1023.jpeg 1536w\" sizes=\"(max-width: 1600px) 100vw, 1600px\" \/><\/p>\n<p style=\"text-align: justify;\"><strong>Elbistan Belediye Ba\u015fkan\u0131 Mehmet G\u00fcrb\u00fcz, ORC ara\u015ft\u0131rma firmas\u0131 taraf\u0131ndan yap\u0131lan \u2018En ba\u015far\u0131l\u0131 b\u00fcy\u00fck\u015fehir il\u00e7e belediye ba\u015fkanlar\u0131\u2019 aras\u0131nda yer ald\u0131.<\/strong><\/p>\n<p style=\"text-align: justify;\"><strong>&nbsp;ORC Ara\u015ft\u0131rma firmas\u0131 taraf\u0131ndan 30 b\u00fcy\u00fck\u015fehire ba\u011fl\u0131 519 il\u00e7e belediyesi aras\u0131nda 1-15 A\u011fustos 2020 tarihleri aras\u0131nda 23 bin 200 kat\u0131l\u0131mc\u0131yla ger\u00e7ekle\u015ftirilen \u2018En ba\u015far\u0131l\u0131 b\u00fcy\u00fck\u015fehir il\u00e7e belediye ba\u015fkanlar\u0131\u2019 ara\u015ft\u0131rmas\u0131 sonu\u00e7lar\u0131n\u0131 a\u00e7\u0131klad\u0131.<\/strong><\/p>\n<p style=\"text-align: justify;\"><strong>T\u00fcrkiye geneli yap\u0131lan ara\u015ft\u0131rmada 30 b\u00fcy\u00fck\u015fehire ba\u011fl\u0131 519 il\u00e7e belediye ba\u015fkan\u0131 baz al\u0131n\u0131rken, Elbistan Belediye Ba\u015fkan\u0131 Mehmet G\u00fcrb\u00fcz, en ba\u015far\u0131l\u0131 il\u00e7e belediye ba\u015fkanlar\u0131 aras\u0131nda yer alarak b\u00fcy\u00fck bir ba\u015far\u0131 g\u00f6sterdi.<\/strong><\/p>\n<p style=\"text-align: justify;\"><strong>Y\u00fcz y\u00fcze anket ve CATI y\u00f6ntemiyle ger\u00e7ekle\u015ftirilen ara\u015ft\u0131rmay\u0131 de\u011ferlendiren Ba\u015fkan G\u00fcrb\u00fcz, \u201cT\u00fcrkiye genelinde faaliyet g\u00f6steren ORC ara\u015ft\u0131rma firmas\u0131 30 b\u00fcy\u00fck\u015fehire ba\u011fl\u0131 519 il\u00e7ede en ba\u015far\u0131l\u0131 belediye ba\u015fkanlar\u0131n\u0131 belirledi. Akdeniz b\u00f6lgesinde de bizleri ba\u015far\u0131l\u0131 buldu. Bizlere tevecc\u00fch g\u00f6stererek oy kullanan t\u00fcm vatanda\u015flar\u0131m\u0131za te\u015fekk\u00fcr ediyorum. G\u00f6reve ba\u015flayal\u0131 yakla\u015f\u0131k 1 bu\u00e7uk y\u0131l oldu. Bir\u00e7ok projemizi hayata ge\u00e7irmeye devam ediyoruz. \u0130n\u015fallah \u00f6n\u00fcm\u00fczdeki s\u00fcreci iyi de\u011ferlendirerek \u00e7ok daha b\u00fcy\u00fck hizmetlere imza ataca\u011f\u0131z. Bu t\u00fcr ba\u015far\u0131lar bizleri daha \u00e7ok \u00e7al\u0131\u015fmaya itiyor. Elbistan\u2019a lay\u0131k olmak ad\u0131na gecemizi g\u00fcnd\u00fcz\u00fcm\u00fcze kat\u0131p daha b\u00fcy\u00fck azimle \u00e7al\u0131\u015fmaya devam edece\u011fiz\u201d dedi.<\/strong><\/p>\n<p>&nbsp;<\/p>\n<p><img loading=\"lazy\" decoding=\"async\" class=\"alignnone size-full wp-image-2023\" src=\"https:\/\/afsinyedisevin.com\/wp-content\/uploads\/2020\/08\/WhatsApp-Image-2020-08-18-at-14.09.41.jpeg\" alt=\"\" width=\"1000\" height=\"750\" srcset=\"https:\/\/afsinyedisevin.com\/wp-content\/uploads\/2020\/08\/WhatsApp-Image-2020-08-18-at-14.09.41.jpeg 1000w, https:\/\/afsinyedisevin.com\/wp-content\/uploads\/2020\/08\/WhatsApp-Image-2020-08-18-at-14.09.41-300x225.jpeg 300w, https:\/\/afsinyedisevin.com\/wp-content\/uploads\/2020\/08\/WhatsApp-Image-2020-08-18-at-14.09.41-768x576.jpeg 768w\" sizes=\"(max-width: 1000px) 100vw, 1000px\" \/><\/p>\n","protected":false},"excerpt":{"rendered":"<p>Elbistan Belediye Ba\u015fkan\u0131 Mehmet G\u00fcrb\u00fcz, ORC ara\u015ft\u0131rma firmas\u0131 taraf\u0131ndan yap\u0131lan \u2018En ba\u015far\u0131l\u0131 b\u00fcy\u00fck\u015fehir il\u00e7e belediye ba\u015fkanlar\u0131\u2019 aras\u0131nda yer ald\u0131. &nbsp;ORC Ara\u015ft\u0131rma firmas\u0131 taraf\u0131ndan 30<\/p>\n","protected":false},"author":1,"featured_media":2025,"comment_status":"open","ping_status":"open","sticky":false,"template":"","format":"standard","meta":{"_jetpack_memberships_contains_paid_content":false,"footnotes":""},"categories":[6,3,1],"tags":[],"class_list":["post-2022","post","type-post","status-publish","format-standard","has-post-thumbnail","hentry","category-buyuk-sevin","category-manset-haber","category-yoremizden"],"jetpack_featured_media_url":"https:\/\/afsinyedisevin.com\/wp-content\/uploads\/2020\/08\/WhatsApp-Image-2020-08-18-at-14.09.42TUy.jpeg","jetpack_sharing_enabled":true,"_links":{"self":[{"href":"https:\/\/afsinyedisevin.com\/index.php\/wp-json\/wp\/v2\/posts\/2022","targetHints":{"allow":["GET"]}}],"collection":[{"href":"https:\/\/afsinyedisevin.com\/index.php\/wp-json\/wp\/v2\/posts"}],"about":[{"href":"https:\/\/afsinyedisevin.com\/index.php\/wp-json\/wp\/v2\/types\/post"}],"author":[{"embeddable":true,"href":"https:\/\/afsinyedisevin.com\/index.php\/wp-json\/wp\/v2\/users\/1"}],"replies":[{"embeddable":true,"href":"https:\/\/afsinyedisevin.com\/index.php\/wp-json\/wp\/v2\/comments?post=2022"}],"version-history":[{"count":1,"href":"https:\/\/afsinyedisevin.com\/index.php\/wp-json\/wp\/v2\/posts\/2022\/revisions"}],"predecessor-version":[{"id":2026,"href":"https:\/\/afsinyedisevin.com\/index.php\/wp-json\/wp\/v2\/posts\/2022\/revisions\/2026"}],"wp:featuredmedia":[{"embeddable":true,"href":"https:\/\/afsinyedisevin.com\/index.php\/wp-json\/wp\/v2\/media\/2025"}],"wp:attachment":[{"href":"https:\/\/afsinyedisevin.com\/index.php\/wp-json\/wp\/v2\/media?parent=2022"}],"wp:term":[{"taxonomy":"category","embeddable":true,"href":"https:\/\/afsinyedisevin.com\/index.php\/wp-json\/wp\/v2\/categories?post=2022"},{"taxonomy":"post_tag","embeddable":true,"href":"https:\/\/afsinyedisevin.com\/index.php\/wp-json\/wp\/v2\/tags?post=2022"}],"curies":[{"name":"wp","href":"https:\/\/api.w.org\/{rel}","templated":true}]}}