{"id":1980,"date":"2020-08-06T08:42:26","date_gmt":"2020-08-06T08:42:26","guid":{"rendered":"http:\/\/www.afsinyedisevin.com\/?p=1980"},"modified":"2020-08-06T08:42:26","modified_gmt":"2020-08-06T08:42:26","slug":"koruma-altindaki-canli-turu-sevinde-goruntulendi","status":"publish","type":"post","link":"https:\/\/afsinyedisevin.com\/index.php\/2020\/08\/06\/koruma-altindaki-canli-turu-sevinde-goruntulendi\/","title":{"rendered":"Koruma Alt\u0131ndaki Canl\u0131 T\u00fcr\u00fc Sevin\u2019de G\u00f6r\u00fcnt\u00fclendi!"},"content":{"rendered":"<p><img loading=\"lazy\" decoding=\"async\" class=\"alignnone size-full wp-image-113\" src=\"https:\/\/afsinyedisevin.com\/wp-content\/uploads\/2019\/12\/ahalil.jpg\" alt=\"\" width=\"300\" height=\"194\" srcset=\"https:\/\/afsinyedisevin.com\/wp-content\/uploads\/2019\/12\/ahalil.jpg 300w, https:\/\/afsinyedisevin.com\/wp-content\/uploads\/2019\/12\/ahalil-115x73.jpg 115w\" sizes=\"(max-width: 300px) 100vw, 300px\" \/><\/p>\n<p style=\"text-align: justify;\"><strong>Af\u015fin\u2019de D\u00fcnya Do\u011fa ve Do\u011fal Kaynaklar\u0131 Koruma Birli\u011fi&#8217;nin k\u0131rm\u0131z\u0131 listesinde yer alan Arap tav\u015fan\u0131na rastland\u0131.<\/strong><\/p>\n<p><strong>Ye\u015fil Af\u015fin Gazetesinin haberine g\u00f6re \u0130l\u00e7eye ba\u011fl\u0131 B\u00fcy\u00fcksevin Mahallesinde, arkada\u015flar\u0131yla birlikte piknik yapmak i\u00e7in yayla evine giden Azim Erden, z\u0131playarak hareket eden bir hayvan tespit etti. Hayvan\u0131 inceleyen Erden ve arkada\u015flar\u0131 daha \u00f6nce hi\u00e7 g\u00f6rmedikleri bir canl\u0131yla kar\u0131\u015f\u0131l\u0131\u015ft\u0131lar.<\/strong><\/p>\n<p><strong>Cep telefonu kameras\u0131yla kafas\u0131 tav\u015fana, ayaklar\u0131 kanguruya benzeyen ve kuyru\u011fu di\u011fer kemirgenlere g\u00f6re daha uzun olan canl\u0131y\u0131 kay\u0131t alt\u0131na alan Erden, internetten yapt\u0131\u011f\u0131 ara\u015ft\u0131rmada canl\u0131n\u0131n geceleri ortaya \u00e7\u0131kan ve nadir g\u00f6r\u00fclen Arap tav\u015fan\u0131n\u0131 oldu\u011funu tespit etti.<\/strong><\/p>\n<p><strong>Arap tav\u015fan\u0131n\u0131 ilk g\u00f6rd\u00fcklerinde \u00e7ok \u015fa\u015f\u0131rd\u0131klar\u0131n\u0131 ve hi\u00e7bir \u015feye benzetemediklerini belirten Erden, \u201cHayvan\u0131 g\u00f6r\u00fcnt\u00fclemek i\u00e7in cep telefonu fla\u015f\u0131n\u0131 yakt\u0131k ve ilk \u00f6nce fare, daha sonra sincaba benzettik. Daha detayl\u0131 inceledi\u011fimizde hayvan\u0131n z\u0131plad\u0131\u011f\u0131n\u0131 g\u00f6rd\u00fck fakat ayaklar\u0131 ve kuyru\u011fu \u00e7ok farkl\u0131yd\u0131. \u0130nternetten yapt\u0131\u011f\u0131m\u0131z\u0131 k\u0131sa bir ara\u015ft\u0131rmada canl\u0131n\u0131n koruma alt\u0131nda olan ve nadir g\u00f6r\u00fclen bir t\u00fcr oldu\u011funu fark ettik. Arap tav\u015fan\u0131n\u0131n foto\u011fraflar\u0131n\u0131 \u00e7ektikten sonra fla\u015flar\u0131 kapatarak do\u011fal ortam\u0131na d\u00f6nmesini sa\u011flad\u0131k\u201d ifadelerine yer verdi.<\/strong><br \/>\n<img loading=\"lazy\" decoding=\"async\" class=\"alignnone size-full wp-image-1981\" src=\"https:\/\/afsinyedisevin.com\/wp-content\/uploads\/2020\/08\/arap_tavYanY__2_1.jpeg\" alt=\"\" width=\"900\" height=\"774\" srcset=\"https:\/\/afsinyedisevin.com\/wp-content\/uploads\/2020\/08\/arap_tavYanY__2_1.jpeg 900w, https:\/\/afsinyedisevin.com\/wp-content\/uploads\/2020\/08\/arap_tavYanY__2_1-300x258.jpeg 300w, https:\/\/afsinyedisevin.com\/wp-content\/uploads\/2020\/08\/arap_tavYanY__2_1-768x660.jpeg 768w\" sizes=\"(max-width: 900px) 100vw, 900px\" \/> <img loading=\"lazy\" decoding=\"async\" class=\"alignnone size-full wp-image-1982\" src=\"https:\/\/afsinyedisevin.com\/wp-content\/uploads\/2020\/08\/arap_tavYanY__3_1.jpeg\" alt=\"\" width=\"900\" height=\"918\" srcset=\"https:\/\/afsinyedisevin.com\/wp-content\/uploads\/2020\/08\/arap_tavYanY__3_1.jpeg 900w, https:\/\/afsinyedisevin.com\/wp-content\/uploads\/2020\/08\/arap_tavYanY__3_1-294x300.jpeg 294w, https:\/\/afsinyedisevin.com\/wp-content\/uploads\/2020\/08\/arap_tavYanY__3_1-768x783.jpeg 768w\" sizes=\"(max-width: 900px) 100vw, 900px\" \/><\/p>\n","protected":false},"excerpt":{"rendered":"<p>Af\u015fin\u2019de D\u00fcnya Do\u011fa ve Do\u011fal Kaynaklar\u0131 Koruma Birli\u011fi&#8217;nin k\u0131rm\u0131z\u0131 listesinde yer alan Arap tav\u015fan\u0131na rastland\u0131. Ye\u015fil Af\u015fin Gazetesinin haberine g\u00f6re \u0130l\u00e7eye ba\u011fl\u0131 B\u00fcy\u00fcksevin Mahallesinde,<\/p>\n","protected":false},"author":1,"featured_media":1983,"comment_status":"open","ping_status":"open","sticky":false,"template":"","format":"standard","meta":{"_jetpack_memberships_contains_paid_content":false,"footnotes":""},"categories":[3,1],"tags":[],"class_list":["post-1980","post","type-post","status-publish","format-standard","has-post-thumbnail","hentry","category-manset-haber","category-yoremizden"],"jetpack_featured_media_url":"https:\/\/afsinyedisevin.com\/wp-content\/uploads\/2020\/08\/gri-masaustu-yu\u0131.jpg","jetpack_sharing_enabled":true,"_links":{"self":[{"href":"https:\/\/afsinyedisevin.com\/index.php\/wp-json\/wp\/v2\/posts\/1980","targetHints":{"allow":["GET"]}}],"collection":[{"href":"https:\/\/afsinyedisevin.com\/index.php\/wp-json\/wp\/v2\/posts"}],"about":[{"href":"https:\/\/afsinyedisevin.com\/index.php\/wp-json\/wp\/v2\/types\/post"}],"author":[{"embeddable":true,"href":"https:\/\/afsinyedisevin.com\/index.php\/wp-json\/wp\/v2\/users\/1"}],"replies":[{"embeddable":true,"href":"https:\/\/afsinyedisevin.com\/index.php\/wp-json\/wp\/v2\/comments?post=1980"}],"version-history":[{"count":1,"href":"https:\/\/afsinyedisevin.com\/index.php\/wp-json\/wp\/v2\/posts\/1980\/revisions"}],"predecessor-version":[{"id":1984,"href":"https:\/\/afsinyedisevin.com\/index.php\/wp-json\/wp\/v2\/posts\/1980\/revisions\/1984"}],"wp:featuredmedia":[{"embeddable":true,"href":"https:\/\/afsinyedisevin.com\/index.php\/wp-json\/wp\/v2\/media\/1983"}],"wp:attachment":[{"href":"https:\/\/afsinyedisevin.com\/index.php\/wp-json\/wp\/v2\/media?parent=1980"}],"wp:term":[{"taxonomy":"category","embeddable":true,"href":"https:\/\/afsinyedisevin.com\/index.php\/wp-json\/wp\/v2\/categories?post=1980"},{"taxonomy":"post_tag","embeddable":true,"href":"https:\/\/afsinyedisevin.com\/index.php\/wp-json\/wp\/v2\/tags?post=1980"}],"curies":[{"name":"wp","href":"https:\/\/api.w.org\/{rel}","templated":true}]}}