{"id":1971,"date":"2020-08-06T06:03:55","date_gmt":"2020-08-06T06:03:55","guid":{"rendered":"http:\/\/www.afsinyedisevin.com\/?p=1971"},"modified":"2020-08-06T06:03:55","modified_gmt":"2020-08-06T06:03:55","slug":"mehmet-mert-vefat-etti","status":"publish","type":"post","link":"https:\/\/afsinyedisevin.com\/index.php\/2020\/08\/06\/mehmet-mert-vefat-etti\/","title":{"rendered":"Mehmet Mert vefat etti!"},"content":{"rendered":"<div><img loading=\"lazy\" decoding=\"async\" class=\"alignnone size-full wp-image-113\" src=\"https:\/\/afsinyedisevin.com\/wp-content\/uploads\/2019\/12\/ahalil.jpg\" alt=\"\" width=\"300\" height=\"194\" srcset=\"https:\/\/afsinyedisevin.com\/wp-content\/uploads\/2019\/12\/ahalil.jpg 300w, https:\/\/afsinyedisevin.com\/wp-content\/uploads\/2019\/12\/ahalil-115x73.jpg 115w\" sizes=\"(max-width: 300px) 100vw, 300px\" \/><img loading=\"lazy\" decoding=\"async\" class=\"alignnone size-full wp-image-1966\" src=\"https:\/\/afsinyedisevin.com\/wp-content\/uploads\/2020\/08\/117081835_10222344137607488_5907354616376450527_n.jpg\" alt=\"\" width=\"640\" height=\"370\" srcset=\"https:\/\/afsinyedisevin.com\/wp-content\/uploads\/2020\/08\/117081835_10222344137607488_5907354616376450527_n.jpg 640w, https:\/\/afsinyedisevin.com\/wp-content\/uploads\/2020\/08\/117081835_10222344137607488_5907354616376450527_n-300x173.jpg 300w\" sizes=\"(max-width: 640px) 100vw, 640px\" \/><\/div>\n<div class=\"bi6gxh9e\"><span class=\"oi732d6d ik7dh3pa d2edcug0 qv66sw1b c1et5uql jq4qci2q a3bd9o3v knj5qynh oo9gr5id\"><b>B\u00fcy\u00fcksevin Mahallesinden olup Kale Mahallesinde ikamet eden Yusuf,Veli ve Recep Mert\u2019in babalar\u0131 Z\u0131vano\u011flu lakab\u0131yla bilinen Mustafa Mert vefat etti.<\/b><\/span><\/div>\n<div class=\"bi6gxh9e\"><span class=\"oi732d6d ik7dh3pa d2edcug0 qv66sw1b c1et5uql jq4qci2q a3bd9o3v knj5qynh oo9gr5id\"><b>Cenazesi bug\u00fcn \u00f6\u011fle vakti B\u00fcy\u00fcksevin Mahallesinde k\u0131l\u0131nacak cenaze namaz\u0131n\u0131n ard\u0131ndan topra\u011fa verilecek.<\/b><\/span><\/div>\n<div class=\"bi6gxh9e\"><span class=\"oi732d6d ik7dh3pa d2edcug0 qv66sw1b c1et5uql jq4qci2q a3bd9o3v knj5qynh oo9gr5id\"><b>Kur\u2019an-\u0131 Kerimi Af\u015fin\u2019de Kale Mahallesinde kendi hanesinde okunacak.<\/b><\/span><\/div>\n<div class=\"bi6gxh9e\"><span class=\"oi732d6d ik7dh3pa d2edcug0 qv66sw1b c1et5uql jq4qci2q a3bd9o3v knj5qynh oo9gr5id\"><b>Taziye i\u00e7in,<\/b><\/span><\/div>\n<div class=\"bi6gxh9e\"><span class=\"oi732d6d ik7dh3pa d2edcug0 qv66sw1b c1et5uql jq4qci2q a3bd9o3v knj5qynh oo9gr5id\"><b>O\u011flu Yusuf Mert- 0 542 580 9579<\/b><\/span><\/div>\n<div class=\"bi6gxh9e\"><span class=\"oi732d6d ik7dh3pa d2edcug0 qv66sw1b c1et5uql jq4qci2q a3bd9o3v knj5qynh oo9gr5id\"><b>Allah rahmet eylesin.<\/b><\/span><\/div>\n","protected":false},"excerpt":{"rendered":"<p>B\u00fcy\u00fcksevin Mahallesinden olup Kale Mahallesinde ikamet eden Yusuf,Veli ve Recep Mert\u2019in babalar\u0131 Z\u0131vano\u011flu lakab\u0131yla bilinen Mustafa Mert vefat etti. Cenazesi bug\u00fcn \u00f6\u011fle vakti B\u00fcy\u00fcksevin<\/p>\n","protected":false},"author":1,"featured_media":1972,"comment_status":"open","ping_status":"open","sticky":false,"template":"","format":"standard","meta":{"_jetpack_memberships_contains_paid_content":false,"footnotes":""},"categories":[6,3,4],"tags":[],"class_list":["post-1971","post","type-post","status-publish","format-standard","has-post-thumbnail","hentry","category-buyuk-sevin","category-manset-haber","category-vefatlar"],"jetpack_featured_media_url":"https:\/\/afsinyedisevin.com\/wp-content\/uploads\/2020\/08\/aaaaaaaaay\u0131.jpg","jetpack_sharing_enabled":true,"_links":{"self":[{"href":"https:\/\/afsinyedisevin.com\/index.php\/wp-json\/wp\/v2\/posts\/1971","targetHints":{"allow":["GET"]}}],"collection":[{"href":"https:\/\/afsinyedisevin.com\/index.php\/wp-json\/wp\/v2\/posts"}],"about":[{"href":"https:\/\/afsinyedisevin.com\/index.php\/wp-json\/wp\/v2\/types\/post"}],"author":[{"embeddable":true,"href":"https:\/\/afsinyedisevin.com\/index.php\/wp-json\/wp\/v2\/users\/1"}],"replies":[{"embeddable":true,"href":"https:\/\/afsinyedisevin.com\/index.php\/wp-json\/wp\/v2\/comments?post=1971"}],"version-history":[{"count":1,"href":"https:\/\/afsinyedisevin.com\/index.php\/wp-json\/wp\/v2\/posts\/1971\/revisions"}],"predecessor-version":[{"id":1973,"href":"https:\/\/afsinyedisevin.com\/index.php\/wp-json\/wp\/v2\/posts\/1971\/revisions\/1973"}],"wp:featuredmedia":[{"embeddable":true,"href":"https:\/\/afsinyedisevin.com\/index.php\/wp-json\/wp\/v2\/media\/1972"}],"wp:attachment":[{"href":"https:\/\/afsinyedisevin.com\/index.php\/wp-json\/wp\/v2\/media?parent=1971"}],"wp:term":[{"taxonomy":"category","embeddable":true,"href":"https:\/\/afsinyedisevin.com\/index.php\/wp-json\/wp\/v2\/categories?post=1971"},{"taxonomy":"post_tag","embeddable":true,"href":"https:\/\/afsinyedisevin.com\/index.php\/wp-json\/wp\/v2\/tags?post=1971"}],"curies":[{"name":"wp","href":"https:\/\/api.w.org\/{rel}","templated":true}]}}