{"id":1941,"date":"2020-07-03T08:55:19","date_gmt":"2020-07-03T08:55:19","guid":{"rendered":"http:\/\/www.afsinyedisevin.com\/?p=1941"},"modified":"2020-07-03T09:00:30","modified_gmt":"2020-07-03T09:00:30","slug":"ahmet-akpinar-vefat-etti","status":"publish","type":"post","link":"https:\/\/afsinyedisevin.com\/index.php\/2020\/07\/03\/ahmet-akpinar-vefat-etti\/","title":{"rendered":"Ahmet Akp\u0131nar vefat etti!"},"content":{"rendered":"<p style=\"text-align: justify;\"><strong><img loading=\"lazy\" decoding=\"async\" class=\"alignnone size-full wp-image-113\" src=\"https:\/\/afsinyedisevin.com\/wp-content\/uploads\/2019\/12\/ahalil.jpg\" alt=\"\" width=\"300\" height=\"194\" srcset=\"https:\/\/afsinyedisevin.com\/wp-content\/uploads\/2019\/12\/ahalil.jpg 300w, https:\/\/afsinyedisevin.com\/wp-content\/uploads\/2019\/12\/ahalil-115x73.jpg 115w\" sizes=\"(max-width: 300px) 100vw, 300px\" \/><\/strong><\/p>\n<p><img loading=\"lazy\" decoding=\"async\" class=\"alignnone size-full wp-image-1943\" src=\"https:\/\/afsinyedisevin.com\/wp-content\/uploads\/2020\/07\/AHMET-AKPINAR.jpg\" alt=\"\" width=\"600\" height=\"423\" srcset=\"https:\/\/afsinyedisevin.com\/wp-content\/uploads\/2020\/07\/AHMET-AKPINAR.jpg 600w, https:\/\/afsinyedisevin.com\/wp-content\/uploads\/2020\/07\/AHMET-AKPINAR-300x212.jpg 300w\" sizes=\"(max-width: 600px) 100vw, 600px\" \/><\/p>\n<p style=\"text-align: justify;\"><strong>T\u00fcrksevin Mahallesinden Merhume G\u00fclbahar Akp\u0131nar&#8217;\u0131n e\u015fi,\u00d6mer,Kadir,Bilal,Cuma,Mehmet ve \u00d6\u011fretmen Cihan Akp\u0131nar&#8217;\u0131n babalar\u0131 Ahmet Akp\u0131nar (95) vefat etti.<\/strong><\/p>\n<p style=\"text-align: justify;\"><strong>Cenazesi bug\u00fcn Cuma namaz\u0131na m\u00fcteakiben T\u00fcrksevin Mahallesinde k\u0131l\u0131nacak cenaze namaz\u0131n\u0131n ard\u0131ndan topra\u011fa verilecek.<\/strong><\/p>\n<p style=\"text-align: justify;\"><strong>Taziye i\u00e7in,<\/strong><\/p>\n<p style=\"text-align: justify;\"><strong>Mehmet Akp\u0131nar-0 554 333 4718<\/strong><\/p>\n<p style=\"text-align: justify;\"><strong>Allah rahmet eylesin.<\/strong><\/p>\n","protected":false},"excerpt":{"rendered":"<p>T\u00fcrksevin Mahallesinden Merhume G\u00fclbahar Akp\u0131nar&#8217;\u0131n e\u015fi,\u00d6mer,Kadir,Bilal,Cuma,Mehmet ve \u00d6\u011fretmen Cihan Akp\u0131nar&#8217;\u0131n babalar\u0131 Ahmet Akp\u0131nar (95) vefat etti. Cenazesi bug\u00fcn Cuma namaz\u0131na m\u00fcteakiben T\u00fcrksevin Mahallesinde k\u0131l\u0131nacak<\/p>\n","protected":false},"author":1,"featured_media":1942,"comment_status":"open","ping_status":"open","sticky":false,"template":"","format":"standard","meta":{"_jetpack_memberships_contains_paid_content":false,"footnotes":""},"categories":[3,7,4],"tags":[],"class_list":["post-1941","post","type-post","status-publish","format-standard","has-post-thumbnail","hentry","category-manset-haber","category-turk-sevin","category-vefatlar"],"jetpack_featured_media_url":"https:\/\/afsinyedisevin.com\/wp-content\/uploads\/2020\/07\/aaaaaaaaaYI.jpg","jetpack_sharing_enabled":true,"_links":{"self":[{"href":"https:\/\/afsinyedisevin.com\/index.php\/wp-json\/wp\/v2\/posts\/1941","targetHints":{"allow":["GET"]}}],"collection":[{"href":"https:\/\/afsinyedisevin.com\/index.php\/wp-json\/wp\/v2\/posts"}],"about":[{"href":"https:\/\/afsinyedisevin.com\/index.php\/wp-json\/wp\/v2\/types\/post"}],"author":[{"embeddable":true,"href":"https:\/\/afsinyedisevin.com\/index.php\/wp-json\/wp\/v2\/users\/1"}],"replies":[{"embeddable":true,"href":"https:\/\/afsinyedisevin.com\/index.php\/wp-json\/wp\/v2\/comments?post=1941"}],"version-history":[{"count":1,"href":"https:\/\/afsinyedisevin.com\/index.php\/wp-json\/wp\/v2\/posts\/1941\/revisions"}],"predecessor-version":[{"id":1944,"href":"https:\/\/afsinyedisevin.com\/index.php\/wp-json\/wp\/v2\/posts\/1941\/revisions\/1944"}],"wp:featuredmedia":[{"embeddable":true,"href":"https:\/\/afsinyedisevin.com\/index.php\/wp-json\/wp\/v2\/media\/1942"}],"wp:attachment":[{"href":"https:\/\/afsinyedisevin.com\/index.php\/wp-json\/wp\/v2\/media?parent=1941"}],"wp:term":[{"taxonomy":"category","embeddable":true,"href":"https:\/\/afsinyedisevin.com\/index.php\/wp-json\/wp\/v2\/categories?post=1941"},{"taxonomy":"post_tag","embeddable":true,"href":"https:\/\/afsinyedisevin.com\/index.php\/wp-json\/wp\/v2\/tags?post=1941"}],"curies":[{"name":"wp","href":"https:\/\/api.w.org\/{rel}","templated":true}]}}