{"id":1898,"date":"2020-06-22T08:51:25","date_gmt":"2020-06-22T08:51:25","guid":{"rendered":"http:\/\/www.afsinyedisevin.com\/?p=1898"},"modified":"2020-06-22T08:51:25","modified_gmt":"2020-06-22T08:51:25","slug":"binboga-muhtarinin-aci-gunu","status":"publish","type":"post","link":"https:\/\/afsinyedisevin.com\/index.php\/2020\/06\/22\/binboga-muhtarinin-aci-gunu\/","title":{"rendered":"Binbo\u011fa Muhtar\u0131n\u0131n Ac\u0131 G\u00fcn\u00fc!"},"content":{"rendered":"<p style=\"text-align: justify;\"><strong><img loading=\"lazy\" decoding=\"async\" class=\"alignnone size-full wp-image-113\" src=\"https:\/\/afsinyedisevin.com\/wp-content\/uploads\/2019\/12\/ahalil.jpg\" alt=\"\" width=\"300\" height=\"194\" srcset=\"https:\/\/afsinyedisevin.com\/wp-content\/uploads\/2019\/12\/ahalil.jpg 300w, https:\/\/afsinyedisevin.com\/wp-content\/uploads\/2019\/12\/ahalil-115x73.jpg 115w\" sizes=\"(max-width: 300px) 100vw, 300px\" \/><\/strong><\/p>\n<p><img loading=\"lazy\" decoding=\"async\" class=\"alignnone size-full wp-image-1899\" src=\"https:\/\/afsinyedisevin.com\/wp-content\/uploads\/2020\/06\/104777311_1674181376089346_8184599813814809979_nDTU.jpg\" alt=\"\" width=\"600\" height=\"429\" srcset=\"https:\/\/afsinyedisevin.com\/wp-content\/uploads\/2020\/06\/104777311_1674181376089346_8184599813814809979_nDTU.jpg 600w, https:\/\/afsinyedisevin.com\/wp-content\/uploads\/2020\/06\/104777311_1674181376089346_8184599813814809979_nDTU-300x215.jpg 300w\" sizes=\"(max-width: 600px) 100vw, 600px\" \/><\/p>\n<p style=\"text-align: justify;\"><strong>Af\u015fin&#8217;e ba\u011fl\u0131 Binbo\u011fa Mahallesi Muhtar\u0131 S\u00fcleyman \u00c7inpolat&#8217;\u0131n babas\u0131 Ahmet Duran \u00c7inpolat (74) vefat etti.<\/strong><\/p>\n<p style=\"text-align: justify;\"><strong>Binbo\u011fa Mahallesinden Muhtar S\u00fcleyman \u00c7inpolat,Mehmet,Duran,Celal ve Turabi \u00c7inpolat&#8217;\u0131n babalar\u0131 Ahmet Duran \u00c7inpolat vefat etti.<\/strong><\/p>\n<p style=\"text-align: justify;\"><strong>Cenazesi bug\u00fcn saat 12:00 de Binbo\u011fa Mahallesinde k\u0131l\u0131nacak cenaze namaz\u0131n\u0131n ard\u0131ndan topra\u011fa verildi.<\/strong><\/p>\n<p style=\"text-align: justify;\"><strong>Taziye i\u00e7in,<\/strong><\/p>\n<p style=\"text-align: justify;\"><strong>O\u011flu S\u00fcleyman \u00c7inpolat- 0 542 350 1116<\/strong><\/p>\n<p style=\"text-align: justify;\"><strong>Allah rahmet eylesin.<\/strong><\/p>\n<p style=\"text-align: justify;\"><img loading=\"lazy\" decoding=\"async\" class=\"alignnone size-full wp-image-1900\" src=\"https:\/\/afsinyedisevin.com\/wp-content\/uploads\/2020\/06\/capture-20200622-113307.png\" alt=\"\" width=\"636\" height=\"329\" srcset=\"https:\/\/afsinyedisevin.com\/wp-content\/uploads\/2020\/06\/capture-20200622-113307.png 636w, https:\/\/afsinyedisevin.com\/wp-content\/uploads\/2020\/06\/capture-20200622-113307-300x155.png 300w\" sizes=\"(max-width: 636px) 100vw, 636px\" \/><\/p>\n","protected":false},"excerpt":{"rendered":"<p>Af\u015fin&#8217;e ba\u011fl\u0131 Binbo\u011fa Mahallesi Muhtar\u0131 S\u00fcleyman \u00c7inpolat&#8217;\u0131n babas\u0131 Ahmet Duran \u00c7inpolat (74) vefat etti. Binbo\u011fa Mahallesinden Muhtar S\u00fcleyman \u00c7inpolat,Mehmet,Duran,Celal ve Turabi \u00c7inpolat&#8217;\u0131n babalar\u0131 Ahmet<\/p>\n","protected":false},"author":1,"featured_media":1901,"comment_status":"open","ping_status":"open","sticky":false,"template":"","format":"standard","meta":{"_jetpack_memberships_contains_paid_content":false,"footnotes":""},"categories":[9,3,4],"tags":[],"class_list":["post-1898","post","type-post","status-publish","format-standard","has-post-thumbnail","hentry","category-binboga","category-manset-haber","category-vefatlar"],"jetpack_featured_media_url":"https:\/\/afsinyedisevin.com\/wp-content\/uploads\/2020\/06\/aaaaaaaaaTUGF.jpg","jetpack_sharing_enabled":true,"_links":{"self":[{"href":"https:\/\/afsinyedisevin.com\/index.php\/wp-json\/wp\/v2\/posts\/1898","targetHints":{"allow":["GET"]}}],"collection":[{"href":"https:\/\/afsinyedisevin.com\/index.php\/wp-json\/wp\/v2\/posts"}],"about":[{"href":"https:\/\/afsinyedisevin.com\/index.php\/wp-json\/wp\/v2\/types\/post"}],"author":[{"embeddable":true,"href":"https:\/\/afsinyedisevin.com\/index.php\/wp-json\/wp\/v2\/users\/1"}],"replies":[{"embeddable":true,"href":"https:\/\/afsinyedisevin.com\/index.php\/wp-json\/wp\/v2\/comments?post=1898"}],"version-history":[{"count":1,"href":"https:\/\/afsinyedisevin.com\/index.php\/wp-json\/wp\/v2\/posts\/1898\/revisions"}],"predecessor-version":[{"id":1902,"href":"https:\/\/afsinyedisevin.com\/index.php\/wp-json\/wp\/v2\/posts\/1898\/revisions\/1902"}],"wp:featuredmedia":[{"embeddable":true,"href":"https:\/\/afsinyedisevin.com\/index.php\/wp-json\/wp\/v2\/media\/1901"}],"wp:attachment":[{"href":"https:\/\/afsinyedisevin.com\/index.php\/wp-json\/wp\/v2\/media?parent=1898"}],"wp:term":[{"taxonomy":"category","embeddable":true,"href":"https:\/\/afsinyedisevin.com\/index.php\/wp-json\/wp\/v2\/categories?post=1898"},{"taxonomy":"post_tag","embeddable":true,"href":"https:\/\/afsinyedisevin.com\/index.php\/wp-json\/wp\/v2\/tags?post=1898"}],"curies":[{"name":"wp","href":"https:\/\/api.w.org\/{rel}","templated":true}]}}