{"id":1835,"date":"2020-06-03T11:02:55","date_gmt":"2020-06-03T11:02:55","guid":{"rendered":"http:\/\/www.afsinyedisevin.com\/?p=1835"},"modified":"2020-06-03T11:27:59","modified_gmt":"2020-06-03T11:27:59","slug":"sevin-afsinin-nesi-oluyor","status":"publish","type":"post","link":"https:\/\/afsinyedisevin.com\/index.php\/2020\/06\/03\/sevin-afsinin-nesi-oluyor\/","title":{"rendered":"Sevin Af\u015fin\u2019in Nesi oluyor?"},"content":{"rendered":"<p style=\"text-align: justify;\"><img loading=\"lazy\" decoding=\"async\" class=\"alignnone size-full wp-image-113\" src=\"https:\/\/afsinyedisevin.com\/wp-content\/uploads\/2019\/12\/ahalil.jpg\" alt=\"\" width=\"300\" height=\"194\" srcset=\"https:\/\/afsinyedisevin.com\/wp-content\/uploads\/2019\/12\/ahalil.jpg 300w, https:\/\/afsinyedisevin.com\/wp-content\/uploads\/2019\/12\/ahalil-115x73.jpg 115w\" sizes=\"(max-width: 300px) 100vw, 300px\" \/><\/p>\n<p><img loading=\"lazy\" decoding=\"async\" class=\"alignnone wp-image-1836 size-full\" src=\"https:\/\/afsinyedisevin.com\/wp-content\/uploads\/2020\/06\/dsi_den_corum_a_11_baraj_yatirimi_h14634_6e2d7.jpg\" alt=\"\" width=\"656\" height=\"400\" srcset=\"https:\/\/afsinyedisevin.com\/wp-content\/uploads\/2020\/06\/dsi_den_corum_a_11_baraj_yatirimi_h14634_6e2d7.jpg 656w, https:\/\/afsinyedisevin.com\/wp-content\/uploads\/2020\/06\/dsi_den_corum_a_11_baraj_yatirimi_h14634_6e2d7-300x183.jpg 300w\" sizes=\"(max-width: 656px) 100vw, 656px\" \/><\/p>\n<p style=\"text-align: justify;\"><strong>Af\u015fin ve Elbistan\u2019da bug\u00fcn Haber sitelerine Af\u015fin\u2019de 130 Bin D\u00f6n\u00fcml\u00fck araziye can katacak Karakuz Baraj\u0131n\u0131n \u0130hale tarihinin belli oldu\u011fu y\u00f6n\u00fcnde haberler yay\u0131nland\u0131. Seviniyoruz \u00e7\u00fcnk\u00fc y\u0131llar y\u0131llar \u00f6nce s\u00f6z verilen bir proje daha masaya yat\u0131r\u0131ld\u0131 ve en az\u0131ndan ihale tarihi belli oldu.<\/strong><\/p>\n<p style=\"text-align: justify;\"><strong>Tabi bu haberi biz yay\u0131nlamad\u0131k \u00e7\u00fcnk\u00fc Karakuz Baraj\u0131na ili\u015fkin bizim ar\u015fivlerimizde verilen s\u00f6zlerle birlikte yapt\u0131\u011f\u0131m\u0131z onlarca haber var.Ancak verilen s\u00f6zler tutulmay\u0131nca da yalan haber yapm\u0131\u015f oluyoruz.Bu sebeple ihalesi yap\u0131lana kadar bu haberi yay\u0131nlam\u0131yoruz.<\/strong><\/p>\n<p style=\"text-align: justify;\"><strong>Karakuz Baraj\u0131n\u0131n ihale edilme tarihide 24 Haziran olarak a\u00e7\u0131kland\u0131.Yak\u0131n bir tarih ve takipteyiz in\u015fallah.<\/strong><\/p>\n<p style=\"text-align: justify;\"><strong>Benim bug\u00fcn burada de\u011finmek istedi\u011fim as\u0131l konu Karakuz Baraj\u0131n\u0131 da ba\u011flayan bir mesele olarak 5 K\u00f6y,5 Mezradan olu\u015fan Sevin Mahalleleridir ki bu y\u00f6rede Tar\u0131m ve Hayvanc\u0131l\u0131k yo\u011fun \u015fekilde yap\u0131lmaktad\u0131r.<\/strong><\/p>\n<p style=\"text-align: justify;\"><strong>Yetkililere yaz\u0131m\u0131z\u0131n hemen ba\u015f\u0131nda sormak isterim Sevin&nbsp; acaba Af\u015fin\u2019in nesi oluyor? Bir \u00e7ok Sevinli hem\u015fehrimizin \u00dcvey Evlad\u0131y\u0131z herhalde dedi\u011fini duyar gibiyim!<\/strong><\/p>\n<p style=\"text-align: justify;\"><strong>Olamaz!<\/strong><\/p>\n<p style=\"text-align: justify;\"><strong>Sevin Af\u015fin\u2019in \u00fcvey evlad\u0131 olamaz!<\/strong><\/p>\n<p style=\"text-align: justify;\"><strong>\u00c7\u00fcnk\u00fc;<\/strong><\/p>\n<p style=\"text-align: justify;\"><strong>\u0130ktidar partisine oyunu s\u00fcrekli olarak art\u0131rarak destek veren bir y\u00f6redir Sevin y\u00f6resi.Devletini,H\u00fck\u00fcmetini,Siyaset\u00e7ilerini,Belediye Ba\u015fkan\u0131n\u0131,Bakan\u0131n\u0131n\u0131,Milletvekilini sever ve sayar.<\/strong><\/p>\n<p style=\"text-align: justify;\"><strong>Gelin g\u00f6r\u00fcn ki y\u0131llar y\u0131llar \u00f6nce verilen Binbo\u011fa G\u00f6leti s\u00f6z\u00fc hayal oldu,u\u00e7tu,suya d\u00fc\u015ft\u00fc,unutuldu!<\/strong><\/p>\n<p style=\"text-align: justify;\"><strong>Bug\u00fcn Karakuz Baraj\u0131 ihale tarihi a\u00e7\u0131klan\u0131rken Karakuz Baraj\u0131n\u0131n sulayaca\u011f\u0131 topraklar da a\u00e7\u0131kland\u0131.<\/strong><\/p>\n<p style=\"text-align: justify;\"><strong>Bak\u0131n nereler sulanacak;<\/strong><\/p>\n<p style=\"text-align: justify;\"><strong>\u201cAltunelma,Ar\u0131ta\u015f,\u00c7obanbeyli,K\u00f6t\u00fcre,Ber\u00e7enek,\u00d6rdek,Alimp\u0131nar ve \u00c7omud\u00fcz\u201d<\/strong><\/p>\n<p style=\"text-align: justify;\"><strong>Sevin\u2026!<\/strong><\/p>\n<p style=\"text-align: justify;\"><strong>Sevin sulanmayacak!<\/strong><\/p>\n<p style=\"text-align: justify;\"><strong>Niye..!<\/strong><\/p>\n<p style=\"text-align: justify;\"><strong>\u00c7\u00fcnk\u00fc Binbo\u011fa G\u00f6leti yap\u0131lacak.<\/strong><\/p>\n<p style=\"text-align: justify;\"><strong>Ha bir de hat\u0131rlatal\u0131m.Karakuz Baraj\u0131ndan bu sayd\u0131\u011f\u0131m Mahallelere su kapal\u0131 boru sistemiyle gidecekmi\u015f.Yani Sevinliler bu suyu he\u00e7 g\u00f6remeyecek!<\/strong><\/p>\n<p style=\"text-align: justify;\"><strong>Yapmay\u0131n,etmeyin bu memlekete ve memleketim insan\u0131na yaz\u0131k etmeyin. Bir daha g\u00f6zden ge\u00e7irin bu Projeyi.<\/strong><\/p>\n<p style=\"text-align: justify;\"><strong>Sevin\u2019i susuz b\u0131rakmay\u0131n!<\/strong><\/p>\n<p style=\"text-align: justify;\">&nbsp;<\/p>\n","protected":false},"excerpt":{"rendered":"<p>Af\u015fin ve Elbistan\u2019da bug\u00fcn Haber sitelerine Af\u015fin\u2019de 130 Bin D\u00f6n\u00fcml\u00fck araziye can katacak Karakuz Baraj\u0131n\u0131n \u0130hale tarihinin belli oldu\u011fu y\u00f6n\u00fcnde haberler yay\u0131nland\u0131. Seviniyoruz \u00e7\u00fcnk\u00fc<\/p>\n","protected":false},"author":2,"featured_media":1837,"comment_status":"open","ping_status":"open","sticky":false,"template":"","format":"standard","meta":{"_jetpack_memberships_contains_paid_content":false,"footnotes":""},"categories":[31,9,6,29,8,3,10,30,32,33,7,5],"tags":[],"class_list":["post-1835","post","type-post","status-publish","format-standard","has-post-thumbnail","hentry","category-almaoglu","category-binboga","category-buyuk-sevin","category-kizilkaya","category-kucuk-sevin","category-manset-haber","category-orenderesi","category-sabenler","category-tatar","category-tomas","category-turk-sevin","category-yazar"],"jetpack_featured_media_url":"https:\/\/afsinyedisevin.com\/wp-content\/uploads\/2020\/06\/dtu.png","jetpack_sharing_enabled":true,"_links":{"self":[{"href":"https:\/\/afsinyedisevin.com\/index.php\/wp-json\/wp\/v2\/posts\/1835","targetHints":{"allow":["GET"]}}],"collection":[{"href":"https:\/\/afsinyedisevin.com\/index.php\/wp-json\/wp\/v2\/posts"}],"about":[{"href":"https:\/\/afsinyedisevin.com\/index.php\/wp-json\/wp\/v2\/types\/post"}],"author":[{"embeddable":true,"href":"https:\/\/afsinyedisevin.com\/index.php\/wp-json\/wp\/v2\/users\/2"}],"replies":[{"embeddable":true,"href":"https:\/\/afsinyedisevin.com\/index.php\/wp-json\/wp\/v2\/comments?post=1835"}],"version-history":[{"count":2,"href":"https:\/\/afsinyedisevin.com\/index.php\/wp-json\/wp\/v2\/posts\/1835\/revisions"}],"predecessor-version":[{"id":1839,"href":"https:\/\/afsinyedisevin.com\/index.php\/wp-json\/wp\/v2\/posts\/1835\/revisions\/1839"}],"wp:featuredmedia":[{"embeddable":true,"href":"https:\/\/afsinyedisevin.com\/index.php\/wp-json\/wp\/v2\/media\/1837"}],"wp:attachment":[{"href":"https:\/\/afsinyedisevin.com\/index.php\/wp-json\/wp\/v2\/media?parent=1835"}],"wp:term":[{"taxonomy":"category","embeddable":true,"href":"https:\/\/afsinyedisevin.com\/index.php\/wp-json\/wp\/v2\/categories?post=1835"},{"taxonomy":"post_tag","embeddable":true,"href":"https:\/\/afsinyedisevin.com\/index.php\/wp-json\/wp\/v2\/tags?post=1835"}],"curies":[{"name":"wp","href":"https:\/\/api.w.org\/{rel}","templated":true}]}}