{"id":1821,"date":"2020-06-01T06:47:42","date_gmt":"2020-06-01T06:47:42","guid":{"rendered":"http:\/\/www.afsinyedisevin.com\/?p=1821"},"modified":"2020-06-01T06:47:42","modified_gmt":"2020-06-01T06:47:42","slug":"afsin-yoresel-urunleri-8-9-10-haziranda-ankarada-kapida-teslim-olacak","status":"publish","type":"post","link":"https:\/\/afsinyedisevin.com\/index.php\/2020\/06\/01\/afsin-yoresel-urunleri-8-9-10-haziranda-ankarada-kapida-teslim-olacak\/","title":{"rendered":"Af\u015fin Y\u00f6resel \u00dcr\u00fcnleri 8-9-10 Haziran&#8217;da Ankara&#8217;da kap\u0131da teslim olacak!"},"content":{"rendered":"<p style=\"text-align: justify;\"><strong><img loading=\"lazy\" decoding=\"async\" class=\"alignnone size-full wp-image-113\" src=\"https:\/\/afsinyedisevin.com\/wp-content\/uploads\/2019\/12\/ahalil.jpg\" alt=\"\" width=\"300\" height=\"194\" srcset=\"https:\/\/afsinyedisevin.com\/wp-content\/uploads\/2019\/12\/ahalil.jpg 300w, https:\/\/afsinyedisevin.com\/wp-content\/uploads\/2019\/12\/ahalil-115x73.jpg 115w\" sizes=\"(max-width: 300px) 100vw, 300px\" \/><\/strong><\/p>\n<p><img loading=\"lazy\" decoding=\"async\" class=\"alignnone size-full wp-image-1822\" src=\"https:\/\/afsinyedisevin.com\/wp-content\/uploads\/2020\/06\/k\u0131z\u0131lay.png\" alt=\"\" width=\"600\" height=\"601\" srcset=\"https:\/\/afsinyedisevin.com\/wp-content\/uploads\/2020\/06\/k\u0131z\u0131lay.png 600w, https:\/\/afsinyedisevin.com\/wp-content\/uploads\/2020\/06\/k\u0131z\u0131lay-300x300.png 300w, https:\/\/afsinyedisevin.com\/wp-content\/uploads\/2020\/06\/k\u0131z\u0131lay-150x150.png 150w, https:\/\/afsinyedisevin.com\/wp-content\/uploads\/2020\/06\/k\u0131z\u0131lay-215x215.png 215w\" sizes=\"(max-width: 600px) 100vw, 600px\" \/><\/p>\n<p style=\"text-align: justify;\"><strong>Daha \u00f6nce de uygulanan Y\u00f6resel \u00fcr\u00fcnlerin Metropol \u015fehirlerde hem\u015fehrilerimize ula\u015ft\u0131r\u0131lma i\u015fi tekrarlan\u0131yor.K\u0131z\u0131lay Ticaret Af\u015fin ve Kahramanmara\u015f&#8217;\u0131n Y\u00f6resel \u00fcr\u00fcnlerini Ankara&#8217;da ki hem\u015fehrilerimizin aya\u011f\u0131na getiriyor.<\/strong><\/p>\n<p style=\"text-align: justify;\"><strong>Konuya ili\u015fkin Af\u015fin Yedisevin Haber&#8217;e konu\u015fan K\u0131z\u0131lay Ticaret Sahibi \u0130\u015f Adam\u0131 H\u00fcseyin K\u0131z\u0131lay,K\u0131z\u0131lay Ticaret olarak daha \u00f6nce de yapt\u0131\u011f\u0131m\u0131z gibi Y\u00f6resel \u00fcr\u00fcnlerimizi hem\u015fehrilerimizin aya\u011f\u0131na kadar g\u00f6t\u00fcrme hizmetimiz devam ediyor.8-9-10 Haziran tarihlerinde Ankara&#8217;da olaca\u011f\u0131z.Ve hem\u015fehrilerimizin sipari\u015flerini bizzat elimizle teslim edece\u011fiz.T\u00fcm hem\u015fehrilerimizden sipari\u015f bekliyoruz dedi.<\/strong><\/p>\n<p style=\"text-align: justify;\"><strong>8-9-10 Haziran tarihi \u00f6ncesi sipari\u015f vermek i\u00e7in 0 535 865 41 37 numaral\u0131 hatt\u0131 arayabilirsiniz.<\/strong><\/p>\n<p style=\"text-align: justify;\">&nbsp;<\/p>\n","protected":false},"excerpt":{"rendered":"<p>Daha \u00f6nce de uygulanan Y\u00f6resel \u00fcr\u00fcnlerin Metropol \u015fehirlerde hem\u015fehrilerimize ula\u015ft\u0131r\u0131lma i\u015fi tekrarlan\u0131yor.K\u0131z\u0131lay Ticaret Af\u015fin ve Kahramanmara\u015f&#8217;\u0131n Y\u00f6resel \u00fcr\u00fcnlerini Ankara&#8217;da ki hem\u015fehrilerimizin aya\u011f\u0131na getiriyor. Konuya<\/p>\n","protected":false},"author":1,"featured_media":1823,"comment_status":"open","ping_status":"open","sticky":false,"template":"","format":"standard","meta":{"_jetpack_memberships_contains_paid_content":false,"footnotes":""},"categories":[28,3,24,1],"tags":[],"class_list":["post-1821","post","type-post","status-publish","format-standard","has-post-thumbnail","hentry","category-is-dunyasi","category-manset-haber","category-ureten-firmalar","category-yoremizden"],"jetpack_featured_media_url":"https:\/\/afsinyedisevin.com\/wp-content\/uploads\/2020\/06\/Duvar-Kaplamas\u0131-Grisdrtyu\u0131.jpg","jetpack_sharing_enabled":true,"_links":{"self":[{"href":"https:\/\/afsinyedisevin.com\/index.php\/wp-json\/wp\/v2\/posts\/1821","targetHints":{"allow":["GET"]}}],"collection":[{"href":"https:\/\/afsinyedisevin.com\/index.php\/wp-json\/wp\/v2\/posts"}],"about":[{"href":"https:\/\/afsinyedisevin.com\/index.php\/wp-json\/wp\/v2\/types\/post"}],"author":[{"embeddable":true,"href":"https:\/\/afsinyedisevin.com\/index.php\/wp-json\/wp\/v2\/users\/1"}],"replies":[{"embeddable":true,"href":"https:\/\/afsinyedisevin.com\/index.php\/wp-json\/wp\/v2\/comments?post=1821"}],"version-history":[{"count":1,"href":"https:\/\/afsinyedisevin.com\/index.php\/wp-json\/wp\/v2\/posts\/1821\/revisions"}],"predecessor-version":[{"id":1824,"href":"https:\/\/afsinyedisevin.com\/index.php\/wp-json\/wp\/v2\/posts\/1821\/revisions\/1824"}],"wp:featuredmedia":[{"embeddable":true,"href":"https:\/\/afsinyedisevin.com\/index.php\/wp-json\/wp\/v2\/media\/1823"}],"wp:attachment":[{"href":"https:\/\/afsinyedisevin.com\/index.php\/wp-json\/wp\/v2\/media?parent=1821"}],"wp:term":[{"taxonomy":"category","embeddable":true,"href":"https:\/\/afsinyedisevin.com\/index.php\/wp-json\/wp\/v2\/categories?post=1821"},{"taxonomy":"post_tag","embeddable":true,"href":"https:\/\/afsinyedisevin.com\/index.php\/wp-json\/wp\/v2\/tags?post=1821"}],"curies":[{"name":"wp","href":"https:\/\/api.w.org\/{rel}","templated":true}]}}