{"id":1789,"date":"2020-05-27T05:53:51","date_gmt":"2020-05-27T05:53:51","guid":{"rendered":"http:\/\/www.afsinyedisevin.com\/?p=1789"},"modified":"2020-05-27T05:53:51","modified_gmt":"2020-05-27T05:53:51","slug":"sevinin-cinarlarina-federasyondan-hediye","status":"publish","type":"post","link":"https:\/\/afsinyedisevin.com\/index.php\/2020\/05\/27\/sevinin-cinarlarina-federasyondan-hediye\/","title":{"rendered":"Sevin&#8217;in \u00c7\u0131narlar\u0131na Federasyondan hediye!"},"content":{"rendered":"<h3><img loading=\"lazy\" decoding=\"async\" class=\"alignnone size-full wp-image-113\" src=\"https:\/\/afsinyedisevin.com\/wp-content\/uploads\/2019\/12\/ahalil.jpg\" alt=\"\" width=\"300\" height=\"194\" srcset=\"https:\/\/afsinyedisevin.com\/wp-content\/uploads\/2019\/12\/ahalil.jpg 300w, https:\/\/afsinyedisevin.com\/wp-content\/uploads\/2019\/12\/ahalil-115x73.jpg 115w\" sizes=\"(max-width: 300px) 100vw, 300px\" \/><\/h3>\n<p><img loading=\"lazy\" decoding=\"async\" class=\"alignnone size-full wp-image-1790\" src=\"https:\/\/afsinyedisevin.com\/wp-content\/uploads\/2020\/05\/YASIN-BOLUKBASI.jpg\" alt=\"\" width=\"2500\" height=\"1070\" srcset=\"https:\/\/afsinyedisevin.com\/wp-content\/uploads\/2020\/05\/YASIN-BOLUKBASI.jpg 2500w, https:\/\/afsinyedisevin.com\/wp-content\/uploads\/2020\/05\/YASIN-BOLUKBASI-300x128.jpg 300w, https:\/\/afsinyedisevin.com\/wp-content\/uploads\/2020\/05\/YASIN-BOLUKBASI-1024x438.jpg 1024w, https:\/\/afsinyedisevin.com\/wp-content\/uploads\/2020\/05\/YASIN-BOLUKBASI-768x329.jpg 768w, https:\/\/afsinyedisevin.com\/wp-content\/uploads\/2020\/05\/YASIN-BOLUKBASI-1536x657.jpg 1536w, https:\/\/afsinyedisevin.com\/wp-content\/uploads\/2020\/05\/YASIN-BOLUKBASI-2048x877.jpg 2048w\" sizes=\"(max-width: 2500px) 100vw, 2500px\" \/><\/p>\n<h3 style=\"text-align: justify;\"><strong>05.05.2020 tarihinde Af\u015fin Yedisevin sitemizde haber yapt\u0131\u011f\u0131m\u0131z Sevin&#8217;in \u00c7\u0131narlar\u0131 Mustafa ve Nazl\u0131 \u00d6zdemir \u00e7iftinin Evde yapt\u0131\u011f\u0131 spor Herkes \u0130\u00e7in Spor Federasyonunun dikkatini \u00e7ekti.<\/strong><\/h3>\n<h3 style=\"text-align: justify;\"><strong>Evde kendi imkanlar\u0131 ile olu\u015fturduklar\u0131 spor parkurunda hareketli kalmak ad\u0131na spor yapan Mustafa ve Nazl\u0131 \u00d6zdemir \u00e7iftine bu azimli davran\u0131\u015flar\u0131ndan dolay\u0131 Herkes \u0130\u00e7in Spor Federasyonu hediye g\u00f6nderdi.<\/strong><\/h3>\n<h3 style=\"text-align: justify;\"><strong>Yapt\u0131klar\u0131 hareket ile kendi akranlar\u0131na \u00f6rnek olan Sevin&#8217;in \u00e7\u0131narlar\u0131na Herkes \u0130\u00e7in Spor Federasyonu Ba\u015fkan\u0131 Canan Eruzun taraf\u0131ndan spor tak\u0131m\u0131 g\u00f6nderildi.<\/strong><\/h3>\n<h3 style=\"text-align: justify;\"><strong>Mustafa ve Nazl\u0131 \u00d6zdemir \u00e7iftinin o\u011flu Soner \u00d6zdemir,sosyal medya hesab\u0131ndan yapt\u0131\u011f\u0131 a\u00e7\u0131klamada,&#8221;Herkes \u0130\u00e7in Spor Federasyonu Ba\u015fkan\u0131m\u0131z Yasin B\u00f6l\u00fckba\u015f\u0131 ve Canan Eruzun M\u00fcd\u00fcr\u00fcm\u00fcze Anneler g\u00fcn\u00fcne \u00f6zel hediyeleri i\u00e7in kendilerine \u015fahs\u0131m ve \u00d6zdemir ailesi olarak te\u015fekk\u00fcrlerimi sunuyorum. Allah\u0131m hizmetlerini daim eylesin. Sa\u011folsunlar, varolsunlar&#8221; dedi.&nbsp;<\/strong><\/h3>\n<h3 style=\"text-align: justify;\"><img loading=\"lazy\" decoding=\"async\" class=\"alignnone size-full wp-image-1791\" src=\"https:\/\/afsinyedisevin.com\/wp-content\/uploads\/2020\/05\/96510426_3114736131909809_3084788749146521600_o.jpg\" alt=\"\" width=\"960\" height=\"720\" srcset=\"https:\/\/afsinyedisevin.com\/wp-content\/uploads\/2020\/05\/96510426_3114736131909809_3084788749146521600_o.jpg 960w, https:\/\/afsinyedisevin.com\/wp-content\/uploads\/2020\/05\/96510426_3114736131909809_3084788749146521600_o-300x225.jpg 300w, https:\/\/afsinyedisevin.com\/wp-content\/uploads\/2020\/05\/96510426_3114736131909809_3084788749146521600_o-768x576.jpg 768w\" sizes=\"(max-width: 960px) 100vw, 960px\" \/><\/h3>\n","protected":false},"excerpt":{"rendered":"<p>05.05.2020 tarihinde Af\u015fin Yedisevin sitemizde haber yapt\u0131\u011f\u0131m\u0131z Sevin&#8217;in \u00c7\u0131narlar\u0131 Mustafa ve Nazl\u0131 \u00d6zdemir \u00e7iftinin Evde yapt\u0131\u011f\u0131 spor Herkes \u0130\u00e7in Spor Federasyonunun dikkatini \u00e7ekti. Evde<\/p>\n","protected":false},"author":1,"featured_media":1792,"comment_status":"open","ping_status":"open","sticky":false,"template":"","format":"standard","meta":{"_jetpack_memberships_contains_paid_content":false,"footnotes":""},"categories":[3,1],"tags":[],"class_list":["post-1789","post","type-post","status-publish","format-standard","has-post-thumbnail","hentry","category-manset-haber","category-yoremizden"],"jetpack_featured_media_url":"https:\/\/afsinyedisevin.com\/wp-content\/uploads\/2020\/05\/stru.jpg","jetpack_sharing_enabled":true,"_links":{"self":[{"href":"https:\/\/afsinyedisevin.com\/index.php\/wp-json\/wp\/v2\/posts\/1789","targetHints":{"allow":["GET"]}}],"collection":[{"href":"https:\/\/afsinyedisevin.com\/index.php\/wp-json\/wp\/v2\/posts"}],"about":[{"href":"https:\/\/afsinyedisevin.com\/index.php\/wp-json\/wp\/v2\/types\/post"}],"author":[{"embeddable":true,"href":"https:\/\/afsinyedisevin.com\/index.php\/wp-json\/wp\/v2\/users\/1"}],"replies":[{"embeddable":true,"href":"https:\/\/afsinyedisevin.com\/index.php\/wp-json\/wp\/v2\/comments?post=1789"}],"version-history":[{"count":1,"href":"https:\/\/afsinyedisevin.com\/index.php\/wp-json\/wp\/v2\/posts\/1789\/revisions"}],"predecessor-version":[{"id":1793,"href":"https:\/\/afsinyedisevin.com\/index.php\/wp-json\/wp\/v2\/posts\/1789\/revisions\/1793"}],"wp:featuredmedia":[{"embeddable":true,"href":"https:\/\/afsinyedisevin.com\/index.php\/wp-json\/wp\/v2\/media\/1792"}],"wp:attachment":[{"href":"https:\/\/afsinyedisevin.com\/index.php\/wp-json\/wp\/v2\/media?parent=1789"}],"wp:term":[{"taxonomy":"category","embeddable":true,"href":"https:\/\/afsinyedisevin.com\/index.php\/wp-json\/wp\/v2\/categories?post=1789"},{"taxonomy":"post_tag","embeddable":true,"href":"https:\/\/afsinyedisevin.com\/index.php\/wp-json\/wp\/v2\/tags?post=1789"}],"curies":[{"name":"wp","href":"https:\/\/api.w.org\/{rel}","templated":true}]}}