{"id":1785,"date":"2020-05-26T06:51:23","date_gmt":"2020-05-26T06:51:23","guid":{"rendered":"http:\/\/www.afsinyedisevin.com\/?p=1785"},"modified":"2020-05-26T06:51:23","modified_gmt":"2020-05-26T06:51:23","slug":"sevinde-cuma-namazinda-gorevli-isim-listesi-aciklandi","status":"publish","type":"post","link":"https:\/\/afsinyedisevin.com\/index.php\/2020\/05\/26\/sevinde-cuma-namazinda-gorevli-isim-listesi-aciklandi\/","title":{"rendered":"Sevin&#8217;de Cuma Namaz\u0131nda G\u00f6revli isim listesi a\u00e7\u0131kland\u0131!"},"content":{"rendered":"<p style=\"text-align: justify;\"><strong><img loading=\"lazy\" decoding=\"async\" class=\"alignnone size-full wp-image-113\" src=\"https:\/\/afsinyedisevin.com\/wp-content\/uploads\/2019\/12\/ahalil.jpg\" alt=\"\" width=\"300\" height=\"194\" srcset=\"https:\/\/afsinyedisevin.com\/wp-content\/uploads\/2019\/12\/ahalil.jpg 300w, https:\/\/afsinyedisevin.com\/wp-content\/uploads\/2019\/12\/ahalil-115x73.jpg 115w\" sizes=\"(max-width: 300px) 100vw, 300px\" \/><\/strong><\/p>\n<p><img loading=\"lazy\" decoding=\"async\" class=\"alignnone size-full wp-image-1786\" src=\"https:\/\/afsinyedisevin.com\/wp-content\/uploads\/2020\/05\/ss.jpg\" alt=\"\" width=\"739\" height=\"415\" srcset=\"https:\/\/afsinyedisevin.com\/wp-content\/uploads\/2020\/05\/ss.jpg 739w, https:\/\/afsinyedisevin.com\/wp-content\/uploads\/2020\/05\/ss-300x168.jpg 300w\" sizes=\"(max-width: 739px) 100vw, 739px\" \/><\/p>\n<p style=\"text-align: justify;\"><strong>29 May\u0131s Cuma g\u00fcn\u00fc t\u00fcm Camilerimizde Cuma namaz\u0131 k\u0131l\u0131nacak.<\/strong><\/p>\n<p style=\"text-align: justify;\"><strong>Sosyal Mesafe ayarl\u0131 Cuma namaz\u0131 s\u0131ras\u0131nda ise g\u00f6revliler vatanda\u015flar\u0131 Coronavir\u00fcs salg\u0131n\u0131 tedbirlerine kar\u015f\u0131 uyaracak.<\/strong><\/p>\n<p style=\"text-align: justify;\"><strong>\u0130\u015fte Sevin Mahallelerimizde ki Camilerimiz de 29 May\u0131s Cuma g\u00fcn\u00fc Cuma namaz\u0131nda Camilerimizde g\u00f6revlilerin isimleri;<\/strong><\/p>\n<p style=\"text-align: justify;\"><span style=\"color: #ff0000;\"><strong>B\u00dcY\u00dcKSEV\u0130N MAHALLES\u0130:<\/strong><\/span><\/p>\n<p style=\"text-align: justify;\"><strong>Nurullah Demirhan<\/strong><\/p>\n<p style=\"text-align: justify;\"><strong>Mustafa T\u00fcrkmen<\/strong><\/p>\n<p style=\"text-align: justify;\"><strong>Musa K\u0131z\u0131lay<\/strong><\/p>\n<p style=\"text-align: justify;\"><strong>Mehmet K\u00f6ker<\/strong><\/p>\n<p style=\"text-align: justify;\"><strong>Mustafa Karaca<\/strong><\/p>\n<p style=\"text-align: justify;\"><span style=\"color: #ff0000;\"><strong>T\u00dcRKSEV\u0130N MAHALLES\u0130<\/strong><\/span><\/p>\n<p style=\"text-align: justify;\"><strong>Mustafa Soydan<\/strong><\/p>\n<p style=\"text-align: justify;\"><strong>Hanifi Akkaya<\/strong><\/p>\n<p style=\"text-align: justify;\"><strong>H\u00fcseyin Bozkurt<\/strong><\/p>\n<p style=\"text-align: justify;\"><strong>Yakup \u015ei\u015fik<\/strong><\/p>\n<p style=\"text-align: justify;\"><span style=\"color: #ff0000;\"><strong>\u00c7UKURPINAR MAHALLES\u0130<\/strong><\/span><\/p>\n<p style=\"text-align: justify;\"><strong>Durdu Mehmet Kalayc\u0131<\/strong><\/p>\n<p style=\"text-align: justify;\"><strong>Yasin \u00d6zer<\/strong><\/p>\n<p style=\"text-align: justify;\"><strong>Osman K\u0131z\u0131lay<\/strong><\/p>\n<p style=\"text-align: justify;\"><strong>Alaaddin Kaya<\/strong><\/p>\n<p style=\"text-align: justify;\"><strong>Furkan \u00d6zer<\/strong><\/p>\n<p style=\"text-align: justify;\"><span style=\"color: #ff0000;\"><strong>B\u0130NBO\u011eA MAHALLES\u0130<\/strong><\/span><\/p>\n<p style=\"text-align: justify;\"><strong>S\u00fcleyman \u00c7inpolat<\/strong><\/p>\n<p style=\"text-align: justify;\"><strong>Kamil Akkaya<\/strong><\/p>\n<p style=\"text-align: justify;\"><strong>\u0130smail T\u00fcrkmen<\/strong><\/p>\n<p style=\"text-align: justify;\"><strong>Kemal D\u00fczel<\/strong><\/p>\n<p style=\"text-align: justify;\"><strong>\u00d6kke\u015f \u00d6zden<\/strong><\/p>\n","protected":false},"excerpt":{"rendered":"<p>29 May\u0131s Cuma g\u00fcn\u00fc t\u00fcm Camilerimizde Cuma namaz\u0131 k\u0131l\u0131nacak. Sosyal Mesafe ayarl\u0131 Cuma namaz\u0131 s\u0131ras\u0131nda ise g\u00f6revliler vatanda\u015flar\u0131 Coronavir\u00fcs salg\u0131n\u0131 tedbirlerine kar\u015f\u0131 uyaracak. \u0130\u015fte<\/p>\n","protected":false},"author":1,"featured_media":1787,"comment_status":"open","ping_status":"open","sticky":false,"template":"","format":"standard","meta":{"_jetpack_memberships_contains_paid_content":false,"footnotes":""},"categories":[31,9,6,29,8,3,10,30,32,33,7,1],"tags":[],"class_list":["post-1785","post","type-post","status-publish","format-standard","has-post-thumbnail","hentry","category-almaoglu","category-binboga","category-buyuk-sevin","category-kizilkaya","category-kucuk-sevin","category-manset-haber","category-orenderesi","category-sabenler","category-tatar","category-tomas","category-turk-sevin","category-yoremizden"],"jetpack_featured_media_url":"https:\/\/afsinyedisevin.com\/wp-content\/uploads\/2020\/05\/dy\u0131t.jpg","jetpack_sharing_enabled":true,"_links":{"self":[{"href":"https:\/\/afsinyedisevin.com\/index.php\/wp-json\/wp\/v2\/posts\/1785","targetHints":{"allow":["GET"]}}],"collection":[{"href":"https:\/\/afsinyedisevin.com\/index.php\/wp-json\/wp\/v2\/posts"}],"about":[{"href":"https:\/\/afsinyedisevin.com\/index.php\/wp-json\/wp\/v2\/types\/post"}],"author":[{"embeddable":true,"href":"https:\/\/afsinyedisevin.com\/index.php\/wp-json\/wp\/v2\/users\/1"}],"replies":[{"embeddable":true,"href":"https:\/\/afsinyedisevin.com\/index.php\/wp-json\/wp\/v2\/comments?post=1785"}],"version-history":[{"count":1,"href":"https:\/\/afsinyedisevin.com\/index.php\/wp-json\/wp\/v2\/posts\/1785\/revisions"}],"predecessor-version":[{"id":1788,"href":"https:\/\/afsinyedisevin.com\/index.php\/wp-json\/wp\/v2\/posts\/1785\/revisions\/1788"}],"wp:featuredmedia":[{"embeddable":true,"href":"https:\/\/afsinyedisevin.com\/index.php\/wp-json\/wp\/v2\/media\/1787"}],"wp:attachment":[{"href":"https:\/\/afsinyedisevin.com\/index.php\/wp-json\/wp\/v2\/media?parent=1785"}],"wp:term":[{"taxonomy":"category","embeddable":true,"href":"https:\/\/afsinyedisevin.com\/index.php\/wp-json\/wp\/v2\/categories?post=1785"},{"taxonomy":"post_tag","embeddable":true,"href":"https:\/\/afsinyedisevin.com\/index.php\/wp-json\/wp\/v2\/tags?post=1785"}],"curies":[{"name":"wp","href":"https:\/\/api.w.org\/{rel}","templated":true}]}}