{"id":1763,"date":"2020-05-23T11:24:46","date_gmt":"2020-05-23T11:24:46","guid":{"rendered":"http:\/\/www.afsinyedisevin.com\/?p=1763"},"modified":"2020-05-23T11:24:46","modified_gmt":"2020-05-23T11:24:46","slug":"baskan-gurbuz-hemsehrilerinin-ramazan-bayramini-kutladi","status":"publish","type":"post","link":"https:\/\/afsinyedisevin.com\/index.php\/2020\/05\/23\/baskan-gurbuz-hemsehrilerinin-ramazan-bayramini-kutladi\/","title":{"rendered":"Ba\u015fkan G\u00fcrb\u00fcz; Hem\u015fehrilerinin Ramazan Bayram\u0131n\u0131 kutlad\u0131!"},"content":{"rendered":"<h3><img loading=\"lazy\" decoding=\"async\" class=\"alignnone size-full wp-image-113\" src=\"https:\/\/afsinyedisevin.com\/wp-content\/uploads\/2019\/12\/ahalil.jpg\" alt=\"\" width=\"300\" height=\"194\" srcset=\"https:\/\/afsinyedisevin.com\/wp-content\/uploads\/2019\/12\/ahalil.jpg 300w, https:\/\/afsinyedisevin.com\/wp-content\/uploads\/2019\/12\/ahalil-115x73.jpg 115w\" sizes=\"(max-width: 300px) 100vw, 300px\" \/><\/h3>\n<p><img loading=\"lazy\" decoding=\"async\" class=\"alignnone size-full wp-image-1764\" src=\"https:\/\/afsinyedisevin.com\/wp-content\/uploads\/2020\/05\/WhatsApp-Image-2020-05-23-at-13.52.31.jpeg\" alt=\"\" width=\"600\" height=\"400\" srcset=\"https:\/\/afsinyedisevin.com\/wp-content\/uploads\/2020\/05\/WhatsApp-Image-2020-05-23-at-13.52.31.jpeg 600w, https:\/\/afsinyedisevin.com\/wp-content\/uploads\/2020\/05\/WhatsApp-Image-2020-05-23-at-13.52.31-300x200.jpeg 300w\" sizes=\"(max-width: 600px) 100vw, 600px\" \/><\/p>\n<h3 style=\"text-align: justify;\"><strong>Ba\u015fkan G\u00fcrb\u00fcz; \u201cBayramlar g\u00f6n\u00fcl k\u00f6pr\u00fcs\u00fc, muhabbet ba\u011f\u0131d\u0131r\u201d<\/strong><\/h3>\n<h3 style=\"text-align: justify;\"><strong>Elbistan Belediye Ba\u015fkan\u0131 Mehmet G\u00fcrb\u00fcz, Ramazan Bayram\u0131 dolay\u0131s\u0131yla bir kutlama mesaj\u0131 yay\u0131mlad\u0131. Ba\u015fkan G\u00fcrb\u00fcz mesaj\u0131nda, \u201cBayramlar g\u00f6n\u00fcl k\u00f6pr\u00fcs\u00fcd\u00fcr, muhabbet ba\u011f\u0131d\u0131r\u201d dedi.<\/strong><\/h3>\n<h3 style=\"text-align: justify;\"><strong>Koronavir\u00fcs salg\u0131n\u0131 nedeniyle bu y\u0131l farkl\u0131 bir Ramazan Bayram\u0131 ya\u015fanaca\u011f\u0131n\u0131 belirten Ba\u015fkan G\u00fcrb\u00fcz, \u201cEvimizde kalarak ge\u00e7irece\u011fimiz bu bayram, bundan sonra ki bayramlar\u0131m\u0131z\u0131 daha huzurlu ya\u015famam\u0131z\u0131 sa\u011flayacak\u201d dedi.<\/strong><\/h3>\n<h3 style=\"text-align: justify;\"><strong>T\u00fcm Elbistanl\u0131lar\u0131n Ramazan Bayram\u0131\u2019n\u0131 tebrik eden Ba\u015fkan G\u00fcrb\u00fcz, \u201cBir ay boyunca \u2018sab\u0131r\u2019 ve \u2018\u015f\u00fck\u00fcr\u2019 diyerek manevi doygunlu\u011fa ula\u015ft\u0131k. Tuttu\u011fumuz oru\u00e7lar, yapt\u0131\u011f\u0131m\u0131z ibadetler ve rahmet p\u0131narlar\u0131na a\u00e7t\u0131\u011f\u0131m\u0131z avu\u00e7lar\u0131m\u0131zla; hamdolsun bir Ramazan Bayram\u0131\u2019na daha kavu\u015ftuk\u201d dedi.<\/strong><\/h3>\n<h3 style=\"text-align: justify;\"><strong>Mesaj\u0131nda, bayramlar\u0131n t\u00fcm g\u00fczel hasletlerin kayna\u011f\u0131 ve memba\u0131 oldu\u011funu ifade eden Elbistan Belediye Ba\u015fkan\u0131 Mehmet G\u00fcrb\u00fcz, \u201cBayramlar g\u00f6n\u00fcl k\u00f6pr\u00fcs\u00fcd\u00fcr, muhabbet ba\u011f\u0131d\u0131r. Bayramlar y\u00fcrek co\u015fkusudur, kayna\u015fmakt\u0131r, bulu\u015fmakt\u0131r. Hele Ramazan bayram\u0131 ki; Allah r\u0131zas\u0131 i\u00e7in tutulan oru\u00e7lar\u0131n bu d\u00fcnyadaki ecridir, kar\u015f\u0131l\u0131\u011f\u0131d\u0131r, m\u00fck\u00e2fat\u0131d\u0131r. Dolay\u0131s\u0131yla bizleri b\u00f6yle bir iklim ve atmosferden mahrum etmedi\u011fi i\u00e7in Y\u00fcce Allah\u2019a ne kadar \u015f\u00fckretsek azd\u0131r. Y\u00fcce Allah, bu m\u00fcbarek ay\u0131n sonunu ise, ku\u015fkusuz bayramla \u015fenlendirmi\u015ftir. Sabr\u0131, a\u00e7l\u0131\u011f\u0131 ve nefisle s\u00fcrekli m\u00fccadeleyi \u00f6\u011frenen kullar i\u00e7in bayram; hazlar\u0131n en b\u00fcy\u00fc\u011f\u00fc ve m\u00fck\u00e2fat\u0131n en k\u0131ymetlisidir. Bayram; sar\u0131lmakt\u0131r ve kucakla\u015fmakt\u0131r. K\u0131r\u0131lan kalpleri onarmaya yarayacak bir helalle\u015fme f\u0131rsat\u0131d\u0131r. Bayram; b\u00fcy\u00fcklerimize h\u00fcrmet, k\u00fc\u00e7\u00fcklerimize ise sevgidir. Bayram; milletimiz i\u00e7in birliktir, beraberliktir, karde\u015fliktir. Ve bayram; bizi biz yapan t\u00fcm de\u011ferlerin yeg\u00e2ne bir b\u00fct\u00fcn\u00fcd\u00fcr. Maalesef t\u00fcm d\u00fcnyay\u0131 saran koronavir\u00fcs salg\u0131n\u0131 nedeniyle bu y\u0131l Ramazan Bayram\u0131\u2019n\u0131 evlerimizde idrak edece\u011fiz. Ama unutmayal\u0131m ki evimizde kalarak ge\u00e7irece\u011fimiz bu bayram, bundan sonra ki bayramlar\u0131m\u0131z\u0131 daha huzurlu ya\u015famam\u0131z\u0131 sa\u011flayacakt\u0131r. Bunun i\u00e7in Ramazan Bayram\u0131\u2019nda da evde kal Elbistan diyoruz.\u201d ifadelerini kulland\u0131.<\/strong><\/h3>\n<h3 style=\"text-align: justify;\"><strong>Ba\u015fkan G\u00fcrb\u00fcz, son olarak, \u201cBu duygu ve d\u00fc\u015f\u00fcncelerle Elbistanl\u0131 hem\u015ferilerim ba\u015fta olmak \u00fczere t\u00fcm \u0130slam \u00c2lemi\u2019nin m\u00fcbarek Ramazan Bayram\u0131\u2019n\u0131 en i\u00e7ten dileklerimle kutluyorum. Allah, bizleri daha nice bayramlara eri\u015ftirsin; kavu\u015fmalar\u0131m\u0131z s\u0131cak, samimi ve daim olsun in\u015fallah\u201d niyaz\u0131nda bulundu.<\/strong><\/h3>\n<h3 style=\"text-align: justify;\">&nbsp;<\/h3>\n","protected":false},"excerpt":{"rendered":"<p>Ba\u015fkan G\u00fcrb\u00fcz; \u201cBayramlar g\u00f6n\u00fcl k\u00f6pr\u00fcs\u00fc, muhabbet ba\u011f\u0131d\u0131r\u201d Elbistan Belediye Ba\u015fkan\u0131 Mehmet G\u00fcrb\u00fcz, Ramazan Bayram\u0131 dolay\u0131s\u0131yla bir kutlama mesaj\u0131 yay\u0131mlad\u0131. Ba\u015fkan G\u00fcrb\u00fcz mesaj\u0131nda, \u201cBayramlar g\u00f6n\u00fcl<\/p>\n","protected":false},"author":1,"featured_media":1765,"comment_status":"open","ping_status":"open","sticky":false,"template":"","format":"standard","meta":{"_jetpack_memberships_contains_paid_content":false,"footnotes":""},"categories":[3,1],"tags":[],"class_list":["post-1763","post","type-post","status-publish","format-standard","has-post-thumbnail","hentry","category-manset-haber","category-yoremizden"],"jetpack_featured_media_url":"https:\/\/afsinyedisevin.com\/wp-content\/uploads\/2020\/05\/WhatsApp-Image-2020-05-23-at-13.52.31yuu.jpeg","jetpack_sharing_enabled":true,"_links":{"self":[{"href":"https:\/\/afsinyedisevin.com\/index.php\/wp-json\/wp\/v2\/posts\/1763","targetHints":{"allow":["GET"]}}],"collection":[{"href":"https:\/\/afsinyedisevin.com\/index.php\/wp-json\/wp\/v2\/posts"}],"about":[{"href":"https:\/\/afsinyedisevin.com\/index.php\/wp-json\/wp\/v2\/types\/post"}],"author":[{"embeddable":true,"href":"https:\/\/afsinyedisevin.com\/index.php\/wp-json\/wp\/v2\/users\/1"}],"replies":[{"embeddable":true,"href":"https:\/\/afsinyedisevin.com\/index.php\/wp-json\/wp\/v2\/comments?post=1763"}],"version-history":[{"count":1,"href":"https:\/\/afsinyedisevin.com\/index.php\/wp-json\/wp\/v2\/posts\/1763\/revisions"}],"predecessor-version":[{"id":1766,"href":"https:\/\/afsinyedisevin.com\/index.php\/wp-json\/wp\/v2\/posts\/1763\/revisions\/1766"}],"wp:featuredmedia":[{"embeddable":true,"href":"https:\/\/afsinyedisevin.com\/index.php\/wp-json\/wp\/v2\/media\/1765"}],"wp:attachment":[{"href":"https:\/\/afsinyedisevin.com\/index.php\/wp-json\/wp\/v2\/media?parent=1763"}],"wp:term":[{"taxonomy":"category","embeddable":true,"href":"https:\/\/afsinyedisevin.com\/index.php\/wp-json\/wp\/v2\/categories?post=1763"},{"taxonomy":"post_tag","embeddable":true,"href":"https:\/\/afsinyedisevin.com\/index.php\/wp-json\/wp\/v2\/tags?post=1763"}],"curies":[{"name":"wp","href":"https:\/\/api.w.org\/{rel}","templated":true}]}}