{"id":1697,"date":"2020-05-04T07:56:06","date_gmt":"2020-05-04T07:56:06","guid":{"rendered":"http:\/\/www.afsinyedisevin.com\/?p=1697"},"modified":"2020-05-04T07:56:06","modified_gmt":"2020-05-04T07:56:06","slug":"turkmen-ailesinin-aci-gunu","status":"publish","type":"post","link":"https:\/\/afsinyedisevin.com\/index.php\/2020\/05\/04\/turkmen-ailesinin-aci-gunu\/","title":{"rendered":"T\u00fcrkmen Ailesinin Ac\u0131 g\u00fcn\u00fc!"},"content":{"rendered":"<p style=\"text-align: justify;\"><strong><img loading=\"lazy\" decoding=\"async\" class=\"alignnone size-full wp-image-113\" src=\"https:\/\/afsinyedisevin.com\/wp-content\/uploads\/2019\/12\/ahalil.jpg\" alt=\"\" width=\"300\" height=\"194\" srcset=\"https:\/\/afsinyedisevin.com\/wp-content\/uploads\/2019\/12\/ahalil.jpg 300w, https:\/\/afsinyedisevin.com\/wp-content\/uploads\/2019\/12\/ahalil-115x73.jpg 115w\" sizes=\"(max-width: 300px) 100vw, 300px\" \/><\/strong><\/p>\n<p><img loading=\"lazy\" decoding=\"async\" class=\"alignnone size-full wp-image-1699\" src=\"https:\/\/afsinyedisevin.com\/wp-content\/uploads\/2020\/05\/WhatsApp-Image-2020-05-04-at-10.49.50UIO.jpeg\" alt=\"\" width=\"600\" height=\"608\" srcset=\"https:\/\/afsinyedisevin.com\/wp-content\/uploads\/2020\/05\/WhatsApp-Image-2020-05-04-at-10.49.50UIO.jpeg 600w, https:\/\/afsinyedisevin.com\/wp-content\/uploads\/2020\/05\/WhatsApp-Image-2020-05-04-at-10.49.50UIO-296x300.jpeg 296w\" sizes=\"(max-width: 600px) 100vw, 600px\" \/><\/p>\n<h4 style=\"text-align: justify;\"><strong>D\u00fcn annesi Yeter T\u00fcrkmen&#8217;i topra\u011fa veren K\u0131rg\u0131zistan\u2019da Manas \u00dcniversitesinde Akademisyen olarak g\u00f6rev yapan hem\u015fehrimiz Prof.Dr.Mehmet T\u00fcrkmen\u2019in ablas\u0131 Kifayet T\u00fcrkmen&#8217;de bug\u00fcn vefat etti.<\/strong><\/h4>\n<p style=\"text-align: justify;\"><strong>Aslen Binbo\u011fa Mahallesinden Ahmet T\u00fcrkmen&#8217;in e\u015fi,Meral Gedik,Orhan,O\u011fuzhan ve Mehmet T\u00fcrkmen&#8217;in anneleri Kifayet T\u00fcrkmen vefat etti.<\/strong><\/p>\n<p style=\"text-align: justify;\"><strong>72 ya\u015f\u0131nda oldu\u011fu \u00f6\u011frenilen Kifayet T\u00fcrkmen&#8217;in kalp krizi sebebiyle vefat etti\u011fi \u00f6\u011frenilirken Merhumenin Cenazesi bug\u00fcn saat 13:00 de Asri Mezarl\u0131kta k\u0131l\u0131nacak cenaze namaz\u0131n\u0131n ard\u0131ndan topra\u011fa verilecek.<\/strong><\/p>\n<p style=\"text-align: justify;\"><strong>Kur&#8217;an-\u0131 Kerimi Hilakent konutlar\u0131nda kendi hanesinde okunacak.<\/strong><\/p>\n<p style=\"text-align: justify;\"><strong>Taziye i\u00e7in,<\/strong><\/p>\n<p style=\"text-align: justify;\"><strong>O\u011flu O\u011fuzhan T\u00fcrkmen-0 553 448 1478<\/strong><\/p>\n<p style=\"text-align: justify;\"><strong>Allah rahmet eylesin.<\/strong><\/p>\n","protected":false},"excerpt":{"rendered":"<p>D\u00fcn annesi Yeter T\u00fcrkmen&#8217;i topra\u011fa veren K\u0131rg\u0131zistan\u2019da Manas \u00dcniversitesinde Akademisyen olarak g\u00f6rev yapan hem\u015fehrimiz Prof.Dr.Mehmet T\u00fcrkmen\u2019in ablas\u0131 Kifayet T\u00fcrkmen&#8217;de bug\u00fcn vefat etti. Aslen Binbo\u011fa<\/p>\n","protected":false},"author":1,"featured_media":1698,"comment_status":"open","ping_status":"open","sticky":false,"template":"","format":"standard","meta":{"_jetpack_memberships_contains_paid_content":false,"footnotes":""},"categories":[9,3,4],"tags":[],"class_list":["post-1697","post","type-post","status-publish","format-standard","has-post-thumbnail","hentry","category-binboga","category-manset-haber","category-vefatlar"],"jetpack_featured_media_url":"https:\/\/afsinyedisevin.com\/wp-content\/uploads\/2020\/05\/aaaaaaaaaHJK.jpg","jetpack_sharing_enabled":true,"_links":{"self":[{"href":"https:\/\/afsinyedisevin.com\/index.php\/wp-json\/wp\/v2\/posts\/1697","targetHints":{"allow":["GET"]}}],"collection":[{"href":"https:\/\/afsinyedisevin.com\/index.php\/wp-json\/wp\/v2\/posts"}],"about":[{"href":"https:\/\/afsinyedisevin.com\/index.php\/wp-json\/wp\/v2\/types\/post"}],"author":[{"embeddable":true,"href":"https:\/\/afsinyedisevin.com\/index.php\/wp-json\/wp\/v2\/users\/1"}],"replies":[{"embeddable":true,"href":"https:\/\/afsinyedisevin.com\/index.php\/wp-json\/wp\/v2\/comments?post=1697"}],"version-history":[{"count":1,"href":"https:\/\/afsinyedisevin.com\/index.php\/wp-json\/wp\/v2\/posts\/1697\/revisions"}],"predecessor-version":[{"id":1700,"href":"https:\/\/afsinyedisevin.com\/index.php\/wp-json\/wp\/v2\/posts\/1697\/revisions\/1700"}],"wp:featuredmedia":[{"embeddable":true,"href":"https:\/\/afsinyedisevin.com\/index.php\/wp-json\/wp\/v2\/media\/1698"}],"wp:attachment":[{"href":"https:\/\/afsinyedisevin.com\/index.php\/wp-json\/wp\/v2\/media?parent=1697"}],"wp:term":[{"taxonomy":"category","embeddable":true,"href":"https:\/\/afsinyedisevin.com\/index.php\/wp-json\/wp\/v2\/categories?post=1697"},{"taxonomy":"post_tag","embeddable":true,"href":"https:\/\/afsinyedisevin.com\/index.php\/wp-json\/wp\/v2\/tags?post=1697"}],"curies":[{"name":"wp","href":"https:\/\/api.w.org\/{rel}","templated":true}]}}