{"id":1645,"date":"2020-04-20T08:54:43","date_gmt":"2020-04-20T08:54:43","guid":{"rendered":"http:\/\/www.afsinyedisevin.com\/?p=1645"},"modified":"2020-04-20T08:54:43","modified_gmt":"2020-04-20T08:54:43","slug":"is-adami-ozer-tarafindan-muhtarlara-maskeleri-teslim-edildi","status":"publish","type":"post","link":"https:\/\/afsinyedisevin.com\/index.php\/2020\/04\/20\/is-adami-ozer-tarafindan-muhtarlara-maskeleri-teslim-edildi\/","title":{"rendered":"\u0130\u015f Adam\u0131 \u00d6zer taraf\u0131ndan Muhtarlara Maskeleri teslim edildi!"},"content":{"rendered":"<p style=\"text-align: justify;\"><strong><img loading=\"lazy\" decoding=\"async\" class=\"alignnone size-full wp-image-113\" src=\"https:\/\/afsinyedisevin.com\/wp-content\/uploads\/2019\/12\/ahalil.jpg\" alt=\"\" width=\"300\" height=\"194\" srcset=\"https:\/\/afsinyedisevin.com\/wp-content\/uploads\/2019\/12\/ahalil.jpg 300w, https:\/\/afsinyedisevin.com\/wp-content\/uploads\/2019\/12\/ahalil-115x73.jpg 115w\" sizes=\"(max-width: 300px) 100vw, 300px\" \/><\/strong><\/p>\n<p style=\"text-align: justify;\"><strong>Af\u015finli \u0130\u015f Adam\u0131 Halil \u0130brahim \u00d6zer,Af\u015fin Haber Merkezi taraf\u0131ndan ba\u015flat\u0131lan Maske kampanyas\u0131 i\u00e7in s\u00f6z verdi\u011fi Maskeleri teslim etti.<\/strong><\/p>\n<p style=\"text-align: justify;\"><strong>Af\u015finli \u0130\u015f Adam\u0131 Halil \u0130brahim \u00d6zer,Af\u015fin Haber Merkezi taraf\u0131ndan ba\u015flat\u0131lan Maske Kampanyas\u0131 i\u00e7in s\u00f6z verdi\u011fi Maskeleri Af\u015fin \u0130l\u00e7e Emniyet M\u00fcd\u00fcrl\u00fc\u011f\u00fc,Sosyal Vefa Destek Gurubunun organize edildi\u011fi \u0130l\u00e7e Tar\u0131m M\u00fcd\u00fcrl\u00fc\u011f\u00fc ve Gen\u00e7lik ve Spor \u0130l\u00e7e M\u00fcd\u00fcrl\u00fc\u011f\u00fc ile \u0130l\u00e7e Sa\u011fl\u0131k M\u00fcd\u00fcrl\u00fc\u011f\u00fcne&nbsp; teslim etti.<\/strong><\/p>\n<p style=\"text-align: justify;\"><strong>Kampanya haricinde kendisine ula\u015farak Maske talebinde bulunan Muhtarlar\u0131 da ziyaret eden \u0130\u015f Adam\u0131 Halil \u0130brahim \u00d6zer,Muhtarlara Maskeleri teslim etti.<\/strong><\/p>\n<p style=\"text-align: justify;\"><strong>Yedisevin Haber Merkezine konu\u015fan \u0130\u015f Adam\u0131 Halil \u0130brahim \u00d6zer,Muhtarlar\u0131m\u0131za teslim etti\u011fimiz Maskelerimiz Maske almaya g\u00fcc\u00fc yetmeyen,Mesaj geldi\u011fi halde Eczanelere gidip Maske alamayacak durumda olan vatanda\u015flar\u0131m\u0131za Muhtarlar\u0131m\u0131z taraf\u0131ndan teslim edilecek.Ke\u015fke imkan\u0131m\u0131z fazla olsayd\u0131 da herkese yetecek kadar Maske da\u011f\u0131tabilseydik.Zor zamanda Devletimizin yan\u0131nda olmak,\u00f6zellikle de en fazla Maske ve Eldivene ihtiya\u00e7 duyan vatanda\u015flar\u0131m\u0131za yard\u0131mc\u0131 olmak amac\u0131yla bug\u00fcn Maskelerimizi teslim ettik. Rabbim bu Coronavir\u00fcs salg\u0131n\u0131n daha fazla can kayb\u0131 ya\u015fanmadan \u00dclkemizi ve t\u00fcm insanl\u0131\u011f\u0131 kurtars\u0131n in\u015faallah dedi.<\/strong><\/p>\n<p style=\"text-align: justify;\"><strong>Maskeler B\u00fcy\u00fcksevin Muhtar\u0131 Mustafa T\u00fcrkmen,Alparslan Mahallesi Muhtar\u0131 Aziz K\u0131r,K\u00fc\u00e7\u00fcksevin Muhtar\u0131 Yasin \u00d6zer,Emirilyas Mahallesi Muhtar\u0131 Etem Seven,T\u00fcrksevin Mahallesi Muhtar\u0131 Mustafa Soydan,\u00d6renderesi Mahallesi Muhtar\u0131 \u0130smail \u00d6zdemir ve Binbo\u011fa Mahallesi Muhtar\u0131 S\u00fcleyman \u00c7inpolat&#8217;a ula\u015ft\u0131r\u0131ld\u0131.<\/strong><\/p>\n<p><img loading=\"lazy\" decoding=\"async\" class=\"alignnone size-full wp-image-1647\" src=\"https:\/\/afsinyedisevin.com\/wp-content\/uploads\/2020\/04\/IMG_0207.jpg\" alt=\"\" width=\"600\" height=\"400\" srcset=\"https:\/\/afsinyedisevin.com\/wp-content\/uploads\/2020\/04\/IMG_0207.jpg 600w, https:\/\/afsinyedisevin.com\/wp-content\/uploads\/2020\/04\/IMG_0207-300x200.jpg 300w\" sizes=\"(max-width: 600px) 100vw, 600px\" \/> <img loading=\"lazy\" decoding=\"async\" class=\"alignnone size-full wp-image-1648\" src=\"https:\/\/afsinyedisevin.com\/wp-content\/uploads\/2020\/04\/IMG_0211.jpg\" alt=\"\" width=\"600\" height=\"400\" srcset=\"https:\/\/afsinyedisevin.com\/wp-content\/uploads\/2020\/04\/IMG_0211.jpg 600w, https:\/\/afsinyedisevin.com\/wp-content\/uploads\/2020\/04\/IMG_0211-300x200.jpg 300w\" sizes=\"(max-width: 600px) 100vw, 600px\" \/> <img loading=\"lazy\" decoding=\"async\" class=\"alignnone size-full wp-image-1649\" src=\"https:\/\/afsinyedisevin.com\/wp-content\/uploads\/2020\/04\/IMG_0214.jpg\" alt=\"\" width=\"600\" height=\"400\" srcset=\"https:\/\/afsinyedisevin.com\/wp-content\/uploads\/2020\/04\/IMG_0214.jpg 600w, https:\/\/afsinyedisevin.com\/wp-content\/uploads\/2020\/04\/IMG_0214-300x200.jpg 300w\" sizes=\"(max-width: 600px) 100vw, 600px\" \/> <img loading=\"lazy\" decoding=\"async\" class=\"alignnone size-full wp-image-1650\" src=\"https:\/\/afsinyedisevin.com\/wp-content\/uploads\/2020\/04\/IMG_0217.jpg\" alt=\"\" width=\"600\" height=\"400\" srcset=\"https:\/\/afsinyedisevin.com\/wp-content\/uploads\/2020\/04\/IMG_0217.jpg 600w, https:\/\/afsinyedisevin.com\/wp-content\/uploads\/2020\/04\/IMG_0217-300x200.jpg 300w\" sizes=\"(max-width: 600px) 100vw, 600px\" \/> <img loading=\"lazy\" decoding=\"async\" class=\"alignnone size-full wp-image-1651\" src=\"https:\/\/afsinyedisevin.com\/wp-content\/uploads\/2020\/04\/IMG_0218.jpg\" alt=\"\" width=\"600\" height=\"400\" srcset=\"https:\/\/afsinyedisevin.com\/wp-content\/uploads\/2020\/04\/IMG_0218.jpg 600w, https:\/\/afsinyedisevin.com\/wp-content\/uploads\/2020\/04\/IMG_0218-300x200.jpg 300w\" sizes=\"(max-width: 600px) 100vw, 600px\" \/><img loading=\"lazy\" decoding=\"async\" class=\"alignnone size-full wp-image-1651\" src=\"https:\/\/afsinyedisevin.com\/wp-content\/uploads\/2020\/04\/IMG_0218.jpg\" alt=\"\" width=\"600\" height=\"400\" srcset=\"https:\/\/afsinyedisevin.com\/wp-content\/uploads\/2020\/04\/IMG_0218.jpg 600w, https:\/\/afsinyedisevin.com\/wp-content\/uploads\/2020\/04\/IMG_0218-300x200.jpg 300w\" sizes=\"(max-width: 600px) 100vw, 600px\" \/><img loading=\"lazy\" decoding=\"async\" class=\"alignnone size-full wp-image-1650\" src=\"https:\/\/afsinyedisevin.com\/wp-content\/uploads\/2020\/04\/IMG_0217.jpg\" alt=\"\" width=\"600\" height=\"400\" srcset=\"https:\/\/afsinyedisevin.com\/wp-content\/uploads\/2020\/04\/IMG_0217.jpg 600w, https:\/\/afsinyedisevin.com\/wp-content\/uploads\/2020\/04\/IMG_0217-300x200.jpg 300w\" sizes=\"(max-width: 600px) 100vw, 600px\" \/><img loading=\"lazy\" decoding=\"async\" class=\"alignnone size-full wp-image-1649\" src=\"https:\/\/afsinyedisevin.com\/wp-content\/uploads\/2020\/04\/IMG_0214.jpg\" alt=\"\" width=\"600\" height=\"400\" srcset=\"https:\/\/afsinyedisevin.com\/wp-content\/uploads\/2020\/04\/IMG_0214.jpg 600w, https:\/\/afsinyedisevin.com\/wp-content\/uploads\/2020\/04\/IMG_0214-300x200.jpg 300w\" sizes=\"(max-width: 600px) 100vw, 600px\" \/><img loading=\"lazy\" decoding=\"async\" class=\"alignnone size-full wp-image-1648\" src=\"https:\/\/afsinyedisevin.com\/wp-content\/uploads\/2020\/04\/IMG_0211.jpg\" alt=\"\" width=\"600\" height=\"400\" srcset=\"https:\/\/afsinyedisevin.com\/wp-content\/uploads\/2020\/04\/IMG_0211.jpg 600w, https:\/\/afsinyedisevin.com\/wp-content\/uploads\/2020\/04\/IMG_0211-300x200.jpg 300w\" sizes=\"(max-width: 600px) 100vw, 600px\" \/><img loading=\"lazy\" decoding=\"async\" class=\"alignnone size-full wp-image-1647\" src=\"https:\/\/afsinyedisevin.com\/wp-content\/uploads\/2020\/04\/IMG_0207.jpg\" alt=\"\" width=\"600\" height=\"400\" srcset=\"https:\/\/afsinyedisevin.com\/wp-content\/uploads\/2020\/04\/IMG_0207.jpg 600w, https:\/\/afsinyedisevin.com\/wp-content\/uploads\/2020\/04\/IMG_0207-300x200.jpg 300w\" sizes=\"(max-width: 600px) 100vw, 600px\" \/><\/p>\n","protected":false},"excerpt":{"rendered":"<p>Af\u015finli \u0130\u015f Adam\u0131 Halil \u0130brahim \u00d6zer,Af\u015fin Haber Merkezi taraf\u0131ndan ba\u015flat\u0131lan Maske kampanyas\u0131 i\u00e7in s\u00f6z verdi\u011fi Maskeleri teslim etti. Af\u015finli \u0130\u015f Adam\u0131 Halil \u0130brahim \u00d6zer,Af\u015fin<\/p>\n","protected":false},"author":1,"featured_media":1646,"comment_status":"open","ping_status":"open","sticky":false,"template":"","format":"standard","meta":{"_jetpack_memberships_contains_paid_content":false,"footnotes":""},"categories":[31,9,6,26,29,8,3,10,32,33,7,1],"tags":[],"class_list":["post-1645","post","type-post","status-publish","format-standard","has-post-thumbnail","hentry","category-almaoglu","category-binboga","category-buyuk-sevin","category-gurbetteki-is-dunyasi","category-kizilkaya","category-kucuk-sevin","category-manset-haber","category-orenderesi","category-tatar","category-tomas","category-turk-sevin","category-yoremizden"],"jetpack_featured_media_url":"https:\/\/afsinyedisevin.com\/wp-content\/uploads\/2020\/04\/beyaz-renkyu.jpg","jetpack_sharing_enabled":true,"_links":{"self":[{"href":"https:\/\/afsinyedisevin.com\/index.php\/wp-json\/wp\/v2\/posts\/1645","targetHints":{"allow":["GET"]}}],"collection":[{"href":"https:\/\/afsinyedisevin.com\/index.php\/wp-json\/wp\/v2\/posts"}],"about":[{"href":"https:\/\/afsinyedisevin.com\/index.php\/wp-json\/wp\/v2\/types\/post"}],"author":[{"embeddable":true,"href":"https:\/\/afsinyedisevin.com\/index.php\/wp-json\/wp\/v2\/users\/1"}],"replies":[{"embeddable":true,"href":"https:\/\/afsinyedisevin.com\/index.php\/wp-json\/wp\/v2\/comments?post=1645"}],"version-history":[{"count":1,"href":"https:\/\/afsinyedisevin.com\/index.php\/wp-json\/wp\/v2\/posts\/1645\/revisions"}],"predecessor-version":[{"id":1652,"href":"https:\/\/afsinyedisevin.com\/index.php\/wp-json\/wp\/v2\/posts\/1645\/revisions\/1652"}],"wp:featuredmedia":[{"embeddable":true,"href":"https:\/\/afsinyedisevin.com\/index.php\/wp-json\/wp\/v2\/media\/1646"}],"wp:attachment":[{"href":"https:\/\/afsinyedisevin.com\/index.php\/wp-json\/wp\/v2\/media?parent=1645"}],"wp:term":[{"taxonomy":"category","embeddable":true,"href":"https:\/\/afsinyedisevin.com\/index.php\/wp-json\/wp\/v2\/categories?post=1645"},{"taxonomy":"post_tag","embeddable":true,"href":"https:\/\/afsinyedisevin.com\/index.php\/wp-json\/wp\/v2\/tags?post=1645"}],"curies":[{"name":"wp","href":"https:\/\/api.w.org\/{rel}","templated":true}]}}