{"id":1589,"date":"2020-03-26T08:04:04","date_gmt":"2020-03-26T08:04:04","guid":{"rendered":"http:\/\/www.afsinyedisevin.com\/?p=1589"},"modified":"2020-03-26T08:04:04","modified_gmt":"2020-03-26T08:04:04","slug":"maske-kampanyamiza-is-insani-h-ibrahim-ozerden-destek","status":"publish","type":"post","link":"https:\/\/afsinyedisevin.com\/index.php\/2020\/03\/26\/maske-kampanyamiza-is-insani-h-ibrahim-ozerden-destek\/","title":{"rendered":"Maske Kampanyam\u0131za \u0130\u015f \u0130nsan\u0131 H. \u0130brahim \u00d6zer\u2019den destek!"},"content":{"rendered":"<p style=\"text-align: justify;\"><img loading=\"lazy\" decoding=\"async\" class=\"alignnone size-full wp-image-113\" src=\"https:\/\/afsinyedisevin.com\/wp-content\/uploads\/2019\/12\/ahalil.jpg\" alt=\"\" width=\"300\" height=\"194\" srcset=\"https:\/\/afsinyedisevin.com\/wp-content\/uploads\/2019\/12\/ahalil.jpg 300w, https:\/\/afsinyedisevin.com\/wp-content\/uploads\/2019\/12\/ahalil-115x73.jpg 115w\" sizes=\"(max-width: 300px) 100vw, 300px\" \/><img loading=\"lazy\" decoding=\"async\" class=\"alignnone size-full wp-image-1592\" src=\"https:\/\/afsinyedisevin.com\/wp-content\/uploads\/2020\/03\/yu\u0131-8.jpg\" alt=\"\" width=\"600\" height=\"472\" srcset=\"https:\/\/afsinyedisevin.com\/wp-content\/uploads\/2020\/03\/yu\u0131-8.jpg 600w, https:\/\/afsinyedisevin.com\/wp-content\/uploads\/2020\/03\/yu\u0131-8-300x236.jpg 300w\" sizes=\"(max-width: 600px) 100vw, 600px\" \/><\/p>\n<h4 style=\"text-align: justify;\"><strong>Sa\u011fl\u0131k \u00c7al\u0131\u015fanlar\u0131m\u0131z ve Vatanda\u015flar\u0131m\u0131z\u0131n kullan\u0131m\u0131 i\u00e7in \u0130l\u00e7emiz Af\u015fin\u2019de d\u00fcn ba\u015flatt\u0131\u011f\u0131m\u0131z&nbsp; Maske kampanyam\u0131za destekler gelmeye devam ediyor.<\/strong><\/h4>\n<h4 style=\"text-align: justify;\"><strong>Af\u015finli \u0130\u015f \u0130nsan\u0131 Halil \u0130brahim \u00d6zer bey Af\u015fin\u2019de Sa\u011fl\u0131k \u00c7al\u0131\u015fanlar\u0131 ve Vatanda\u015flar i\u00e7in 5 Bin adet Maske sipari\u015fi verdi.<\/strong><\/h4>\n<h4 style=\"text-align: justify;\"><strong>\u00d6n\u00fcm\u00fczde ki g\u00fcnlerde elimize ula\u015facak olan Maskeler Muhtarl\u0131klar arac\u0131l\u0131\u011f\u0131 ile Maske almaya g\u00fcc\u00fc yetmeyen vatanda\u015flar\u0131m\u0131za ula\u015ft\u0131r\u0131lacak.<\/strong><\/h4>\n<h4 style=\"text-align: justify;\"><strong>Halil \u0130brahim&nbsp; beye duyarl\u0131 davran\u0131\u015f\u0131ndan dolay\u0131 te\u015fekk\u00fcr ediyoruz. Kampanyam\u0131z devam ediyor.<\/strong><\/h4>\n<h4 style=\"text-align: justify;\"><strong>Kampanyaya destek olmak i\u00e7in;<\/strong><\/h4>\n<h4 style=\"text-align: justify;\"><strong>Af\u015fin Haber Merkezi: 0 541 629 9466<\/strong><\/h4>\n<p><img loading=\"lazy\" decoding=\"async\" class=\"alignnone size-full wp-image-1590\" src=\"https:\/\/afsinyedisevin.com\/wp-content\/uploads\/2020\/03\/90461408_2542879799303440_4478197120607715328_n.jpg\" alt=\"\" width=\"600\" height=\"450\" srcset=\"https:\/\/afsinyedisevin.com\/wp-content\/uploads\/2020\/03\/90461408_2542879799303440_4478197120607715328_n.jpg 600w, https:\/\/afsinyedisevin.com\/wp-content\/uploads\/2020\/03\/90461408_2542879799303440_4478197120607715328_n-300x225.jpg 300w\" sizes=\"(max-width: 600px) 100vw, 600px\" \/><img loading=\"lazy\" decoding=\"async\" class=\"alignnone size-full wp-image-1591\" src=\"https:\/\/afsinyedisevin.com\/wp-content\/uploads\/2020\/03\/90781523_240883693753810_2042954748289613824_n.jpg\" alt=\"\" width=\"600\" height=\"489\" srcset=\"https:\/\/afsinyedisevin.com\/wp-content\/uploads\/2020\/03\/90781523_240883693753810_2042954748289613824_n.jpg 600w, https:\/\/afsinyedisevin.com\/wp-content\/uploads\/2020\/03\/90781523_240883693753810_2042954748289613824_n-300x245.jpg 300w\" sizes=\"(max-width: 600px) 100vw, 600px\" \/><\/p>\n","protected":false},"excerpt":{"rendered":"<p>Sa\u011fl\u0131k \u00c7al\u0131\u015fanlar\u0131m\u0131z ve Vatanda\u015flar\u0131m\u0131z\u0131n kullan\u0131m\u0131 i\u00e7in \u0130l\u00e7emiz Af\u015fin\u2019de d\u00fcn ba\u015flatt\u0131\u011f\u0131m\u0131z&nbsp; Maske kampanyam\u0131za destekler gelmeye devam ediyor. Af\u015finli \u0130\u015f \u0130nsan\u0131 Halil \u0130brahim \u00d6zer bey Af\u015fin\u2019de<\/p>\n","protected":false},"author":1,"featured_media":1593,"comment_status":"open","ping_status":"open","sticky":false,"template":"","format":"standard","meta":{"_jetpack_memberships_contains_paid_content":false,"footnotes":""},"categories":[26,28,8,3],"tags":[],"class_list":["post-1589","post","type-post","status-publish","format-standard","has-post-thumbnail","hentry","category-gurbetteki-is-dunyasi","category-is-dunyasi","category-kucuk-sevin","category-manset-haber"],"jetpack_featured_media_url":"https:\/\/afsinyedisevin.com\/wp-content\/uploads\/2020\/03\/sru\u0131.jpg","jetpack_sharing_enabled":true,"_links":{"self":[{"href":"https:\/\/afsinyedisevin.com\/index.php\/wp-json\/wp\/v2\/posts\/1589","targetHints":{"allow":["GET"]}}],"collection":[{"href":"https:\/\/afsinyedisevin.com\/index.php\/wp-json\/wp\/v2\/posts"}],"about":[{"href":"https:\/\/afsinyedisevin.com\/index.php\/wp-json\/wp\/v2\/types\/post"}],"author":[{"embeddable":true,"href":"https:\/\/afsinyedisevin.com\/index.php\/wp-json\/wp\/v2\/users\/1"}],"replies":[{"embeddable":true,"href":"https:\/\/afsinyedisevin.com\/index.php\/wp-json\/wp\/v2\/comments?post=1589"}],"version-history":[{"count":1,"href":"https:\/\/afsinyedisevin.com\/index.php\/wp-json\/wp\/v2\/posts\/1589\/revisions"}],"predecessor-version":[{"id":1594,"href":"https:\/\/afsinyedisevin.com\/index.php\/wp-json\/wp\/v2\/posts\/1589\/revisions\/1594"}],"wp:featuredmedia":[{"embeddable":true,"href":"https:\/\/afsinyedisevin.com\/index.php\/wp-json\/wp\/v2\/media\/1593"}],"wp:attachment":[{"href":"https:\/\/afsinyedisevin.com\/index.php\/wp-json\/wp\/v2\/media?parent=1589"}],"wp:term":[{"taxonomy":"category","embeddable":true,"href":"https:\/\/afsinyedisevin.com\/index.php\/wp-json\/wp\/v2\/categories?post=1589"},{"taxonomy":"post_tag","embeddable":true,"href":"https:\/\/afsinyedisevin.com\/index.php\/wp-json\/wp\/v2\/tags?post=1589"}],"curies":[{"name":"wp","href":"https:\/\/api.w.org\/{rel}","templated":true}]}}