{"id":1573,"date":"2020-03-21T08:11:17","date_gmt":"2020-03-21T08:11:17","guid":{"rendered":"http:\/\/www.afsinyedisevin.com\/?p=1573"},"modified":"2020-03-21T08:11:17","modified_gmt":"2020-03-21T08:11:17","slug":"is-adami-musa-ozkokten-kandil-kutlamasi","status":"publish","type":"post","link":"https:\/\/afsinyedisevin.com\/index.php\/2020\/03\/21\/is-adami-musa-ozkokten-kandil-kutlamasi\/","title":{"rendered":"\u0130\u015f Adam\u0131 Musa \u00d6zk\u00f6k&#8217;ten Kandil kutlamas\u0131!"},"content":{"rendered":"<h4 style=\"text-align: justify;\"><strong><img loading=\"lazy\" decoding=\"async\" class=\"alignnone size-full wp-image-113\" src=\"https:\/\/afsinyedisevin.com\/wp-content\/uploads\/2019\/12\/ahalil.jpg\" alt=\"\" width=\"300\" height=\"194\" srcset=\"https:\/\/afsinyedisevin.com\/wp-content\/uploads\/2019\/12\/ahalil.jpg 300w, https:\/\/afsinyedisevin.com\/wp-content\/uploads\/2019\/12\/ahalil-115x73.jpg 115w\" sizes=\"(max-width: 300px) 100vw, 300px\" \/><\/strong><\/h4>\n<p><img loading=\"lazy\" decoding=\"async\" class=\"alignnone size-full wp-image-1574\" src=\"https:\/\/afsinyedisevin.com\/wp-content\/uploads\/2020\/03\/musa_ozkok_OZKOK_YNYAAT.jpg\" alt=\"\" width=\"600\" height=\"400\" srcset=\"https:\/\/afsinyedisevin.com\/wp-content\/uploads\/2020\/03\/musa_ozkok_OZKOK_YNYAAT.jpg 600w, https:\/\/afsinyedisevin.com\/wp-content\/uploads\/2020\/03\/musa_ozkok_OZKOK_YNYAAT-300x200.jpg 300w\" sizes=\"(max-width: 600px) 100vw, 600px\" \/><\/p>\n<h4 style=\"text-align: justify;\"><strong>\u00d6ZK\u00d6K \u0130n\u015faat Sahibi \u0130\u015f Adam\u0131 Musa \u00d6zk\u00f6k,Yedisevin Haber Merkezi arac\u0131l\u0131\u011f\u0131 ile t\u00fcm hem\u015fehrilerinin Mira\u00e7 Kandilini kutlad\u0131.<\/strong><\/h4>\n<h4 style=\"text-align: justify;\"><strong>Bu ak\u015fam idrak edece\u011fimiz M\u00fcbarek Mira\u00e7 Kandili dolay\u0131s\u0131 ile bir mesaj g\u00f6nderen \u0130\u015f Adam\u0131 Musa \u00d6zk\u00f6k,Mira\u00e7 Kandilinizi tebrik eder, bu gecenin feyzinden ve bereketinden istifade edenlerden olman\u0131z\u0131 dileriz dedi.<\/strong><\/h4>\n<h4 style=\"text-align: justify;\">&nbsp;<\/h4>\n","protected":false},"excerpt":{"rendered":"<p>\u00d6ZK\u00d6K \u0130n\u015faat Sahibi \u0130\u015f Adam\u0131 Musa \u00d6zk\u00f6k,Yedisevin Haber Merkezi arac\u0131l\u0131\u011f\u0131 ile t\u00fcm hem\u015fehrilerinin Mira\u00e7 Kandilini kutlad\u0131. Bu ak\u015fam idrak edece\u011fimiz M\u00fcbarek Mira\u00e7 Kandili dolay\u0131s\u0131<\/p>\n","protected":false},"author":1,"featured_media":1575,"comment_status":"open","ping_status":"open","sticky":false,"template":"","format":"standard","meta":{"_jetpack_memberships_contains_paid_content":false,"footnotes":""},"categories":[6,26,3,1],"tags":[],"class_list":["post-1573","post","type-post","status-publish","format-standard","has-post-thumbnail","hentry","category-buyuk-sevin","category-gurbetteki-is-dunyasi","category-manset-haber","category-yoremizden"],"jetpack_featured_media_url":"https:\/\/afsinyedisevin.com\/wp-content\/uploads\/2020\/03\/musa_ozkok_OZKOK_YNYAATyu\u0131.jpg","jetpack_sharing_enabled":true,"_links":{"self":[{"href":"https:\/\/afsinyedisevin.com\/index.php\/wp-json\/wp\/v2\/posts\/1573","targetHints":{"allow":["GET"]}}],"collection":[{"href":"https:\/\/afsinyedisevin.com\/index.php\/wp-json\/wp\/v2\/posts"}],"about":[{"href":"https:\/\/afsinyedisevin.com\/index.php\/wp-json\/wp\/v2\/types\/post"}],"author":[{"embeddable":true,"href":"https:\/\/afsinyedisevin.com\/index.php\/wp-json\/wp\/v2\/users\/1"}],"replies":[{"embeddable":true,"href":"https:\/\/afsinyedisevin.com\/index.php\/wp-json\/wp\/v2\/comments?post=1573"}],"version-history":[{"count":1,"href":"https:\/\/afsinyedisevin.com\/index.php\/wp-json\/wp\/v2\/posts\/1573\/revisions"}],"predecessor-version":[{"id":1576,"href":"https:\/\/afsinyedisevin.com\/index.php\/wp-json\/wp\/v2\/posts\/1573\/revisions\/1576"}],"wp:featuredmedia":[{"embeddable":true,"href":"https:\/\/afsinyedisevin.com\/index.php\/wp-json\/wp\/v2\/media\/1575"}],"wp:attachment":[{"href":"https:\/\/afsinyedisevin.com\/index.php\/wp-json\/wp\/v2\/media?parent=1573"}],"wp:term":[{"taxonomy":"category","embeddable":true,"href":"https:\/\/afsinyedisevin.com\/index.php\/wp-json\/wp\/v2\/categories?post=1573"},{"taxonomy":"post_tag","embeddable":true,"href":"https:\/\/afsinyedisevin.com\/index.php\/wp-json\/wp\/v2\/tags?post=1573"}],"curies":[{"name":"wp","href":"https:\/\/api.w.org\/{rel}","templated":true}]}}