{"id":1564,"date":"2020-03-21T06:41:28","date_gmt":"2020-03-21T06:41:28","guid":{"rendered":"http:\/\/www.afsinyedisevin.com\/?p=1564"},"modified":"2020-03-21T06:41:59","modified_gmt":"2020-03-21T06:41:59","slug":"baskan-gurbuz-mirac-kandilini-kutladi","status":"publish","type":"post","link":"https:\/\/afsinyedisevin.com\/index.php\/2020\/03\/21\/baskan-gurbuz-mirac-kandilini-kutladi\/","title":{"rendered":"Ba\u015fkan G\u00fcrb\u00fcz, Mira\u00e7 Kandilini kutlad\u0131!"},"content":{"rendered":"<p style=\"text-align: justify;\"><img loading=\"lazy\" decoding=\"async\" class=\"alignnone size-full wp-image-113\" src=\"https:\/\/afsinyedisevin.com\/wp-content\/uploads\/2019\/12\/ahalil.jpg\" alt=\"\" width=\"300\" height=\"194\" srcset=\"https:\/\/afsinyedisevin.com\/wp-content\/uploads\/2019\/12\/ahalil.jpg 300w, https:\/\/afsinyedisevin.com\/wp-content\/uploads\/2019\/12\/ahalil-115x73.jpg 115w\" sizes=\"(max-width: 300px) 100vw, 300px\" \/><\/p>\n<p><img loading=\"lazy\" decoding=\"async\" class=\"alignnone size-full wp-image-1566\" src=\"https:\/\/afsinyedisevin.com\/wp-content\/uploads\/2020\/03\/WhatsApp-Image-2020-03-20-at-17.17.29.jpeg\" alt=\"\" width=\"600\" height=\"400\" srcset=\"https:\/\/afsinyedisevin.com\/wp-content\/uploads\/2020\/03\/WhatsApp-Image-2020-03-20-at-17.17.29.jpeg 600w, https:\/\/afsinyedisevin.com\/wp-content\/uploads\/2020\/03\/WhatsApp-Image-2020-03-20-at-17.17.29-300x200.jpeg 300w\" sizes=\"(max-width: 600px) 100vw, 600px\" \/><\/p>\n<p style=\"text-align: justify;\"><strong>Elbistan Belediye Ba\u015fkan\u0131 Mehmet G\u00fcrb\u00fcz Mira\u00e7 Kandili dolay\u0131s\u0131yla bir mesaj yay\u0131nlad\u0131. Ba\u015fkan G\u00fcrb\u00fcz, \u0130slam aleminde &#8220;Allah&#8217;a y\u00fckseli\u015f ve ar\u0131nma&#8221; olarak kabul edilen Mira\u00e7 Kandili\u2019nin g\u00fcnahlar\u0131m\u0131zdan ve hastal\u0131klardan ar\u0131nmaya vesile olmas\u0131n\u0131 diledi.<\/strong><\/p>\n<p style=\"text-align: justify;\"><strong>Peygamber Efendimiz Hazreti Muhammed\u2019in (SAV) Allah&#8217;\u0131n huzuruna y\u00fckseldi\u011fi gece olarak kabul edilen Mira\u00e7 Kandili, 21 Mart Cumartesi g\u00fcn\u00fc idrak edilecek. Bu gece vesilesiyle yaz\u0131l\u0131 bir mesaj yay\u0131nlayan Elbistan Belediye Ba\u015fkan\u0131 Mehmet G\u00fcrb\u00fcz, t\u00fcm \u0130slam Aleminin kandilini kutlad\u0131.<\/strong><\/p>\n<p style=\"text-align: justify;\"><strong>Ba\u015fkan G\u00fcrb\u00fcz mesaj\u0131n\u0131n devam\u0131nda, \u201c\u0130slam aleminde&nbsp; \u2018Allah&#8217;a y\u00fckseli\u015f ve ar\u0131nma\u2019 olarak kabul edilen Mira\u00e7 Kandili\u2019nin g\u00fcnahlar\u0131m\u0131zdan ve hastal\u0131klardan ar\u0131nmaya vesile olmas\u0131n\u0131 dilerim. Resul-i Ekrem (SAV) Efendimiz iyinin, g\u00fczelin, adaletin do\u011frulu\u011fun rehberi olmu\u015ftur. \u0130nsanl\u0131k O&#8217;nun Mira\u00e7&#8217;ta vak\u0131f oldu\u011fu ilahi s\u0131rlarla ayd\u0131nlanm\u0131\u015f, yine O&#8217;nun getirdi\u011fi ilahi prensiplerle do\u011fru yolu bulmu\u015ftur. B\u00f6yle bir Peygambere \u00dcmmet olmak bizler i\u00e7in \u015fereflerin en y\u00fccesidir. Mira\u00e7, insanl\u0131\u011f\u0131n kurtulu\u015fu i\u00e7in g\u00f6nderilen Sevgili Peygamberimiz (SAV)&#8217;in yapt\u0131\u011f\u0131 mukaddes ve manevi bir yolculuktur.<\/strong><\/p>\n<p style=\"text-align: justify;\"><strong>B\u00f6yle m\u00fcbarek g\u00fcn ve geceler, kendimizi yenilememiz, ge\u00e7mi\u015fimizi muhasebe, gelece\u011fimizi planlama ve \u00fcmitlerimizi tazelememiz i\u00e7in b\u00fcy\u00fck bir f\u0131rsatt\u0131r. Bu M\u00fcbarek gecede ba\u015fta Mira\u00e7 mucizesinin ger\u00e7ekle\u015fti\u011fi Mescidi-i Aksa topraklar\u0131n\u0131n da bulundu\u011fu \u0130slam Co\u011frafyas\u0131n\u0131 ve t\u00fcm d\u00fcnyay\u0131 saran her t\u00fcrl\u00fc hastal\u0131k ve musibetlerden kurtulmas\u0131n\u0131 dilerim.<\/strong><\/p>\n<p style=\"text-align: justify;\"><strong>K\u0131l\u0131nan namazlar\u0131n edilen dualar\u0131n kabul olmas\u0131 umuduyla, t\u00fcm \u0130slam Aleminin ve insanl\u0131\u011f\u0131n bar\u0131\u015f ve huzur i\u00e7erisinde olmas\u0131n\u0131 diliyor Mira\u00e7 Kandilinizi kutluyorum\u201d ifadelerine yer verdi.<\/strong><\/p>\n","protected":false},"excerpt":{"rendered":"<p>Elbistan Belediye Ba\u015fkan\u0131 Mehmet G\u00fcrb\u00fcz Mira\u00e7 Kandili dolay\u0131s\u0131yla bir mesaj yay\u0131nlad\u0131. Ba\u015fkan G\u00fcrb\u00fcz, \u0130slam aleminde &#8220;Allah&#8217;a y\u00fckseli\u015f ve ar\u0131nma&#8221; olarak kabul edilen Mira\u00e7 Kandili\u2019nin<\/p>\n","protected":false},"author":1,"featured_media":1567,"comment_status":"open","ping_status":"open","sticky":false,"template":"","format":"standard","meta":{"_jetpack_memberships_contains_paid_content":false,"footnotes":""},"categories":[6,3,1],"tags":[],"class_list":["post-1564","post","type-post","status-publish","format-standard","has-post-thumbnail","hentry","category-buyuk-sevin","category-manset-haber","category-yoremizden"],"jetpack_featured_media_url":"https:\/\/afsinyedisevin.com\/wp-content\/uploads\/2020\/03\/WhatsApp-Image-2020-03-20-at-17.17.29uuo.jpeg","jetpack_sharing_enabled":true,"_links":{"self":[{"href":"https:\/\/afsinyedisevin.com\/index.php\/wp-json\/wp\/v2\/posts\/1564","targetHints":{"allow":["GET"]}}],"collection":[{"href":"https:\/\/afsinyedisevin.com\/index.php\/wp-json\/wp\/v2\/posts"}],"about":[{"href":"https:\/\/afsinyedisevin.com\/index.php\/wp-json\/wp\/v2\/types\/post"}],"author":[{"embeddable":true,"href":"https:\/\/afsinyedisevin.com\/index.php\/wp-json\/wp\/v2\/users\/1"}],"replies":[{"embeddable":true,"href":"https:\/\/afsinyedisevin.com\/index.php\/wp-json\/wp\/v2\/comments?post=1564"}],"version-history":[{"count":1,"href":"https:\/\/afsinyedisevin.com\/index.php\/wp-json\/wp\/v2\/posts\/1564\/revisions"}],"predecessor-version":[{"id":1568,"href":"https:\/\/afsinyedisevin.com\/index.php\/wp-json\/wp\/v2\/posts\/1564\/revisions\/1568"}],"wp:featuredmedia":[{"embeddable":true,"href":"https:\/\/afsinyedisevin.com\/index.php\/wp-json\/wp\/v2\/media\/1567"}],"wp:attachment":[{"href":"https:\/\/afsinyedisevin.com\/index.php\/wp-json\/wp\/v2\/media?parent=1564"}],"wp:term":[{"taxonomy":"category","embeddable":true,"href":"https:\/\/afsinyedisevin.com\/index.php\/wp-json\/wp\/v2\/categories?post=1564"},{"taxonomy":"post_tag","embeddable":true,"href":"https:\/\/afsinyedisevin.com\/index.php\/wp-json\/wp\/v2\/tags?post=1564"}],"curies":[{"name":"wp","href":"https:\/\/api.w.org\/{rel}","templated":true}]}}